{"id":133308,"date":"2024-10-08T00:20:50","date_gmt":"2024-10-08T03:20:50","guid":{"rendered":"https:\/\/www.elsindical.com.ar\/notas\/?p=133308"},"modified":"2024-10-08T00:20:58","modified_gmt":"2024-10-08T03:20:58","slug":"efemerides-del-dia-8-de-octubre-11","status":"publish","type":"post","link":"https:\/\/www.elsindical.com.ar\/notas\/efemerides-del-dia-8-de-octubre-11\/","title":{"rendered":"EFEM\u00c9RIDES: DEL D\u00cdA 8 DE OCTUBRE"},"content":{"rendered":"\n<p>\u2013 D\u00eda del Estudiante Solidario (en Argentina)<\/p>\n\n\n\n<p>\u2013 D\u00eda del Trabajador Rural (en Argentina)<\/p>\n\n\n\n<p>\u2013 D\u00eda Nacional de Patrimonio Natural y Cultural (en Argentina)<\/p>\n\n\n\n<p>1492 \u2013 Crist\u00f3bal Col\u00f3n escribe en su libro de viaje: \u00abToda la noche o\u00edmos p\u00e1jaros volando encima de nosotros\u00bb.<\/p>\n\n\n\n<p>1515 \u2013 Juan D\u00edaz de Sol\u00eds zarpa del puerto de San Lucas de Barrameda, viaje en el que descubre \u00abel Mar Dulce\u00bb, el R\u00edo de la Plata.<\/p>\n\n\n\n<p>1600 \u2013 En San Marino se adopta la primera constituci\u00f3n escrita.<\/p>\n\n\n\n<p>1812 \u2013 Se crea el Segundo Triunvirato.<\/p>\n\n\n\n<p>1814 \u2013 Comienza el Congreso de Viena para reconstruir las fronteras de Europa, tras las conquistas de Napole\u00f3n.<\/p>\n\n\n\n<p>1814 \u2013 Por decreto del Supremo Gobierno de las Provincias Unidas del R\u00edo de la Plata, se crea la provincia de Tucum\u00e1n.<\/p>\n\n\n\n<p>1840 \u2013 Se proclama la primera constituci\u00f3n de Hawaii.<\/p>\n\n\n\n<p>1871 \u2013 Gran incendio en Chicago: destruye en dos d\u00edas m\u00e1s de 17.000 edificios y causa 200 muertos.<\/p>\n\n\n\n<p>1895 \u2013 Nace Juan Domingo Per\u00f3n.<\/p>\n\n\n\n<p>1898 \u2013 Aparece en Buenos Aires la revista \u00abCaras y Caretas\u00bb, fundada por \u00abFray Mocho\u00bb.<\/p>\n\n\n\n<p>1917 \u2013 Le\u00f3n Trotski es elegido presidente del Soviet de San Petersburgo.<\/p>\n\n\n\n<p>1927 \u2013 Muere Ricardo G\u00fciraldes, en Par\u00eds, autor de \u00abDon segundo sombra\u00bb.<\/p>\n\n\n\n<p>1927 \u2013 Nace C\u00e9sar Milstein, Premio Nobel de Medicina en 1984.<\/p>\n\n\n\n<p>1929 \u2013 Nace Manuel Garc\u00eda Ferr\u00e9, historietista y animador gr\u00e1fico argentino de origen espa\u00f1ol.<\/p>\n\n\n\n<p>1935 \u2013 Se funda en Buenos Aires la Academia Nacional de Ciencias.<\/p>\n\n\n\n<p>1943 \u2013 Nace Chevy Chase, comediante, actor y guionista estadounidense.<\/p>\n\n\n\n<p>1948 \u2013 Nace John Cummings \u00abJohnny Ramone\u00bb, de Ramones.<\/p>\n\n\n\n<p>1949 \u2013 Nace Sigourney Weaver, actriz.<\/p>\n\n\n\n<p>1964 \u2013 Aparece la revista \u00abAnteojito\u00bb.<\/p>\n\n\n\n<p>1967 \u2013 Capturan en Bolivia a Ernesto \u00abChe\u00bb Guevara. Al d\u00eda siguiente ser\u00e1 asesinado.<\/p>\n\n\n\n<p>1970 \u2013 Nace Matt Damon, actor, productor y guionista estadounidense.<\/p>\n\n\n\n<p>1981 \u2013 Muere Armando B\u00f3, cineasta argentino.<\/p>\n\n\n\n<p>1985 \u2013 Nace Bruno Mars, cantante y m\u00fasico estadounidense.<\/p>\n\n\n\n<p>2009 \u2013 Muere Juan Carlos Mareco, presentador de televisi\u00f3n uruguayo.<\/p>\n\n\n\n<p>2009 \u2013 Herta M\u00fcller, es galardonada con el Premio Nobel de Literatura.<\/p>\n\n\n\n<p>2023 \u2013 El Gobierno de Israel declara formalmente que el pa\u00eds esta en Estado de guerra por primera vez desde la Guerra de Yom Kipur en 1973.<\/p>\n","protected":false},"excerpt":{"rendered":"<p>\u2013 D\u00eda del Estudiante Solidario (en Argentina) \u2013 D\u00eda del Trabajador Rural (en Argentina) \u2013 D\u00eda Nacional de Patrimonio Natural y Cultural (en Argentina) 1492 \u2013 Crist\u00f3bal Col\u00f3n escribe en su libro de viaje: \u00abToda la noche o\u00edmos p\u00e1jaros volando encima de nosotros\u00bb. 1515 \u2013 Juan D\u00edaz de Sol\u00eds zarpa del puerto de San Lucas&hellip;<\/p>\n","protected":false},"author":1,"featured_media":0,"comment_status":"open","ping_status":"open","sticky":false,"template":"","format":"standard","meta":{"footnotes":""},"categories":[14],"tags":[2450,22026],"class_list":["post-133308","post","type-post","status-publish","format-standard","hentry","category-efemerides","tag-diario-el-sindical","tag-efemerides"],"_links":{"self":[{"href":"https:\/\/www.elsindical.com.ar\/notas\/wp-json\/wp\/v2\/posts\/133308","targetHints":{"allow":["GET"]}}],"collection":[{"href":"https:\/\/www.elsindical.com.ar\/notas\/wp-json\/wp\/v2\/posts"}],"about":[{"href":"https:\/\/www.elsindical.com.ar\/notas\/wp-json\/wp\/v2\/types\/post"}],"author":[{"embeddable":true,"href":"https:\/\/www.elsindical.com.ar\/notas\/wp-json\/wp\/v2\/users\/1"}],"replies":[{"embeddable":true,"href":"https:\/\/www.elsindical.com.ar\/notas\/wp-json\/wp\/v2\/comments?post=133308"}],"version-history":[{"count":1,"href":"https:\/\/www.elsindical.com.ar\/notas\/wp-json\/wp\/v2\/posts\/133308\/revisions"}],"predecessor-version":[{"id":133309,"href":"https:\/\/www.elsindical.com.ar\/notas\/wp-json\/wp\/v2\/posts\/133308\/revisions\/133309"}],"wp:attachment":[{"href":"https:\/\/www.elsindical.com.ar\/notas\/wp-json\/wp\/v2\/media?parent=133308"}],"wp:term":[{"taxonomy":"category","embeddable":true,"href":"https:\/\/www.elsindical.com.ar\/notas\/wp-json\/wp\/v2\/categories?post=133308"},{"taxonomy":"post_tag","embeddable":true,"href":"https:\/\/www.elsindical.com.ar\/notas\/wp-json\/wp\/v2\/tags?post=133308"}],"curies":[{"name":"wp","href":"https:\/\/api.w.org\/{rel}","templated":true}]}}