{"id":133300,"date":"2024-10-07T23:08:55","date_gmt":"2024-10-08T02:08:55","guid":{"rendered":"https:\/\/www.elsindical.com.ar\/notas\/?p=133300"},"modified":"2024-10-07T23:20:00","modified_gmt":"2024-10-08T02:20:00","slug":"hospital-narciso-lopez-mala-atencion-y-mala-praxis","status":"publish","type":"post","link":"https:\/\/www.elsindical.com.ar\/notas\/hospital-narciso-lopez-mala-atencion-y-mala-praxis\/","title":{"rendered":"Hospital Narciso L\u00f3pez, mala atenci\u00f3n y mala praxis"},"content":{"rendered":"<div class=\"wp-block-image\">\n<figure class=\"aligncenter size-large\"><a href=\"https:\/\/www.elsindical.com.ar\/notas\/var\/www\/html\/notas\/wp-content\/uploads\/2024\/10\/Guardia-Medica-vecinal-de-Lanus.jpeg\"><img loading=\"lazy\" decoding=\"async\" width=\"576\" height=\"1024\" src=\"https:\/\/www.elsindical.com.ar\/notas\/var\/www\/html\/notas\/wp-content\/uploads\/2024\/10\/Guardia-Medica-vecinal-de-Lanus-576x1024.jpeg\" alt=\"\" class=\"wp-image-133301\" srcset=\"https:\/\/www.elsindical.com.ar\/notas\/var\/www\/html\/notas\/wp-content\/uploads\/2024\/10\/Guardia-Medica-vecinal-de-Lanus-576x1024.jpeg 576w, https:\/\/www.elsindical.com.ar\/notas\/var\/www\/html\/notas\/wp-content\/uploads\/2024\/10\/Guardia-Medica-vecinal-de-Lanus-169x300.jpeg 169w, https:\/\/www.elsindical.com.ar\/notas\/var\/www\/html\/notas\/wp-content\/uploads\/2024\/10\/Guardia-Medica-vecinal-de-Lanus.jpeg 720w\" sizes=\"auto, (max-width: 576px) 100vw, 576px\" \/><\/a><\/figure>\n<\/div>\n\n\n<p>   No es una novedad que el Hospital Narciso L\u00f3pez, m\u00e1s conocido como el \u00abvecinal de Lan\u00fas\u00bb tiene quejas por la mala atenci\u00f3n, demoras injustificadas en la guardia, malos modos de parte del personal de enfermer\u00eda y m\u00e9dico, sumado al siempre \u00abno tenemos recursos\u00bb con el que intentan justificar todo lo que hacen mal, como si esto fuera una frase que garantiza la impunidad de hacer las cosas mal y de mal modo.<\/p>\n\n\n\n<p>Actualmente este hospital donde reina el caos, tiene 4 directivos, s\u00ed aunque usted no lo crea, es decir, solo en sueldos, se pagan 4cargos ejecutivos millonarios para que NADA funcione de forma eficiente.<\/p>\n\n\n\n<p>En la fecha, luego de recibir varios mensajes de pacientes esperando horas en la Guardia M\u00e9dica sin ser atendidos, intent\u00e9 comunicarme con el Jefe de Guardia, dado que por la hora no hay otra autoridad en el lugar, s\u00ed a pesar de pagar 4 cargos directivos, a ninguno se le ocurri\u00f3 dividir horarios para garantizar un responsable ante alg\u00fan reclamo.<\/p>\n\n\n\n<p>En el n\u00famero 4241-2749 del conmutador, me derivaron a la Guardia M\u00e9dica, donde al solicitar hablar con el Jefe del Servicio, nadie sab\u00eda si se encontraba, si hab\u00eda llegado y lo inaceptable que nadie supiera su nombre y apellido, es decir, se burlan del ciudadano, los mismos que luego piden respeto y dicen ser agredidos verbalmente por los pacientes, mientras se escuchaban las charlas y cumbia, el que pasaba por el tel\u00e9fono volv\u00eda a preguntar lo mismo, \u00bfqui\u00e9n habla, qu\u00e9 quiere y para qu\u00e9?, pero nunca encontraron al Jefe de Guardia, nunca se presentaron y mucho menos dijeron quien era el jefe, as\u00ed de divertidos y maleducados son los m\u00e9dicos de la guardia y el personal que la integran.<\/p>\n\n\n\n<p>En alg\u00fan momento una mujer que no se identific\u00f3, dijo que la prioridad son la gran cantidad de pacientes entubados que tienen y que la prioridad son ellos y NO los que est\u00e1n ah\u00ed afuera, que si llevan horas esperando es por los entubados, algo curioso porque no requieren un m\u00e9dico al lado y ante mi insistencia sobre el procedimiento y su excusa termin\u00f3 reconociendo que la demora en parte es por el cambio de guardia, los que se iban no ingresaron pacientes y los que entraron se toman su tiempo para comenzar a atender, en el medio de esas comodidades de los m\u00e9dicos est\u00e1n los pacientes que al no ser evaluados pueden agravarse su condici\u00f3n de salud y que Dios te pague.<\/p>\n\n\n\n<p>Resulta inadmisible que los ciudadanos de la provincia de Buenos Aires no sean atendidos con la dignidad que se merecen y deben las autoridades provinciales que tambi\u00e9n son muchas cobrando millonarios sueldos sancionar estas conductas, <strong>Ministro Nicol\u00e1s Kreplak<\/strong>, es usted quien debe velar por una atenci\u00f3n hospitalaria donde se respeten los Derechos del Paciente y si hay que hacer sumarios para que los irresponsables entiendan que no est\u00e1n en una bailanta sino en una Guardia M\u00e9dica, que se hagan.<\/p>\n\n\n\n<p>Tambi\u00e9n ser\u00eda sano saber ministro Kreplak a qu\u00e9 se debe que el Ministerio de Salud que conduce, mantenga como informaci\u00f3n de las autoridades del Hospital Narciso L\u00f3pez al Dr. Jos\u00e9 Luis Stroia fallecido hace ya 3 a\u00f1os, curiosidades que demuestran poca seriedad y que hay mucho que no hacen su trabajo.<\/p>\n\n\n\n<p>Por Marcelo Ricardo Hawrylciw<\/p>\n","protected":false},"excerpt":{"rendered":"<p>No es una novedad que el Hospital Narciso L\u00f3pez, m\u00e1s conocido como el \u00abvecinal de Lan\u00fas\u00bb tiene quejas por la mala atenci\u00f3n, demoras injustificadas en la guardia, malos modos de parte del personal de enfermer\u00eda y m\u00e9dico, sumado al siempre \u00abno tenemos recursos\u00bb con el que intentan justificar todo lo que hacen mal, como si&hellip;<\/p>\n","protected":false},"author":1,"featured_media":133301,"comment_status":"open","ping_status":"open","sticky":false,"template":"","format":"standard","meta":{"footnotes":""},"categories":[6,23],"tags":[43810,2450,43811,43807,23169,43808,43809,35166],"class_list":["post-133300","post","type-post","status-publish","format-standard","has-post-thumbnail","hentry","category-denuncias","category-salud","tag-cecilia-ciochi","tag-diario-el-sindical","tag-gustavo-carson","tag-hospital-narciso-lopez","tag-hospital-vecinal-de-lanus","tag-jose-luis-stroia","tag-lic-cristina-fernandez","tag-nicolas-kreplak"],"_links":{"self":[{"href":"https:\/\/www.elsindical.com.ar\/notas\/wp-json\/wp\/v2\/posts\/133300","targetHints":{"allow":["GET"]}}],"collection":[{"href":"https:\/\/www.elsindical.com.ar\/notas\/wp-json\/wp\/v2\/posts"}],"about":[{"href":"https:\/\/www.elsindical.com.ar\/notas\/wp-json\/wp\/v2\/types\/post"}],"author":[{"embeddable":true,"href":"https:\/\/www.elsindical.com.ar\/notas\/wp-json\/wp\/v2\/users\/1"}],"replies":[{"embeddable":true,"href":"https:\/\/www.elsindical.com.ar\/notas\/wp-json\/wp\/v2\/comments?post=133300"}],"version-history":[{"count":2,"href":"https:\/\/www.elsindical.com.ar\/notas\/wp-json\/wp\/v2\/posts\/133300\/revisions"}],"predecessor-version":[{"id":133304,"href":"https:\/\/www.elsindical.com.ar\/notas\/wp-json\/wp\/v2\/posts\/133300\/revisions\/133304"}],"wp:featuredmedia":[{"embeddable":true,"href":"https:\/\/www.elsindical.com.ar\/notas\/wp-json\/wp\/v2\/media\/133301"}],"wp:attachment":[{"href":"https:\/\/www.elsindical.com.ar\/notas\/wp-json\/wp\/v2\/media?parent=133300"}],"wp:term":[{"taxonomy":"category","embeddable":true,"href":"https:\/\/www.elsindical.com.ar\/notas\/wp-json\/wp\/v2\/categories?post=133300"},{"taxonomy":"post_tag","embeddable":true,"href":"https:\/\/www.elsindical.com.ar\/notas\/wp-json\/wp\/v2\/tags?post=133300"}],"curies":[{"name":"wp","href":"https:\/\/api.w.org\/{rel}","templated":true}]}}