{"id":13330,"date":"2011-04-03T10:53:54","date_gmt":"2011-04-03T13:53:54","guid":{"rendered":"http:\/\/www.elsindical.com.ar\/notas\/?p=13330"},"modified":"2011-04-03T10:58:31","modified_gmt":"2011-04-03T13:58:31","slug":"denunciaron-por-extorsion-al-lider-del-bloqueo-al-diario-clarin","status":"publish","type":"post","link":"https:\/\/www.elsindical.com.ar\/notas\/denunciaron-por-extorsion-al-lider-del-bloqueo-al-diario-clarin\/","title":{"rendered":"Denunciaron por extorsi\u00f3n al l\u00edder del bloqueo al diario Clar\u00edn"},"content":{"rendered":"<div>\n<p style=\"text-align: justify;\"><em><a href=\"http:\/\/www.elsindical.com.ar\/notas\/var\/www\/html\/notas\/wp-content\/uploads\/2011\/04\/bloqueo-a-Clar\u00edn.jpg\"><img loading=\"lazy\" decoding=\"async\" class=\"alignleft size-medium wp-image-13331\" title=\"bloqueo-a-Clar\u00edn\" src=\"http:\/\/www.elsindical.com.ar\/notas\/var\/www\/html\/notas\/wp-content\/uploads\/2011\/04\/bloqueo-a-Clar\u00edn-300x224.jpg\" alt=\"\" width=\"300\" height=\"224\" srcset=\"https:\/\/www.elsindical.com.ar\/notas\/var\/www\/html\/notas\/wp-content\/uploads\/2011\/04\/bloqueo-a-Clar\u00edn-300x224.jpg 300w, https:\/\/www.elsindical.com.ar\/notas\/var\/www\/html\/notas\/wp-content\/uploads\/2011\/04\/bloqueo-a-Clar\u00edn.jpg 443w\" sizes=\"auto, (max-width: 300px) 100vw, 300px\" \/><\/a>Seg\u00fan consta en una\u00a0una cinta presentada a la Justicia, en una reuni\u00f3n realizada en\u00a0febrero, el gremialista gr\u00e1fico Luis Alberto Siri pidi\u00f3 entre ocho y nueve millones de pesos para no continuar la protesta y admiti\u00f3 <strong>que el conflicto es pol\u00edtico y no gremial.<\/strong><\/em><\/p>\n<p style=\"text-align: justify;\">La grabaci\u00f3n presentada corresponde a palabras del <strong>propio Siri<\/strong>, quien estaba <strong>acompa\u00f1ado por otro delegado, Cristian Quiroz<\/strong>, durante un encuentro celebrado el <strong>17 de febrero pasado <\/strong>con representantes de Artes Gr\u00e1ficas Rioplatenses (AGR) la empresa que fue bloqueada. En la cinta deja entrever relaciones con Hugo Moyano, l\u00edder de la CGT, a trav\u00e9s de su hijo.<\/p>\n<p style=\"text-align: justify;\">Seg\u00fan los tramos de la<strong> cinta presentada en el Juzgado de Instrucci\u00f3n n\u00famero 18<\/strong>, Siri admiti\u00f3 que \u00a0no hab\u00eda un conflicto sindical, sino uno pol\u00edtico. \u201cSi esto lo tomamos como un conflicto laboral, donde el sueldo es tanto y la diferencia de categor\u00eda es tanto y lo sumamos, abajo, cuando hagamos la raya, nos va a dar una cifra que est\u00e1 lejos. Pero <strong>el error ser\u00eda tomar esto como un conflicto laboral y no pol\u00edtico<\/strong>\u00ab, dijo de acuerdo al tramo revelado por el diario mendocino <em>Los Andes<\/em>.<\/p>\n<p style=\"text-align: justify;\">La fiscal Marcela S\u00e1nchez acompa\u00f1\u00f3 la ratificaci\u00f3n de la denuncia el lunes pasado, despu\u00e9s del bloqueo, con un escrito en el que se\u00f1ala \u00a0que \u201c&#8230;el mal anunciado por el aqu\u00ed imputado (Siri) se vio concretado&#8230; al ser impedida la libre distribuci\u00f3n\u201d del diario Clar\u00edn.<\/p>\n<p style=\"text-align: justify;\">Durante la conversaci\u00f3n grabada,<strong> Siri amenaz\u00f3 con realizar nuevos bloqueos <\/strong>para impedir la salida de Clar\u00edn, tal cual se hab\u00eda llevado a cabo en varias oportunidades. \u00ab<strong>Yo voy, bloqueo el diario y no sale m\u00e1s el diario<\/strong>, como se ha bloqueado varias veces. Yo <strong>hago una manifestaci\u00f3n en protesta <\/strong>de lo que est\u00e1 pasando en Egipto <strong>en la esquina del diario<\/strong>, y listo: el diario no sale\u201d, expres\u00f3.<\/p>\n<p style=\"text-align: justify;\"><a href=\"http:\/\/www.elsindical.com.ar\/notas\/var\/www\/html\/notas\/wp-content\/uploads\/2011\/04\/Luis-Siri-c\u00e1mara-oculta.jpg\"><img loading=\"lazy\" decoding=\"async\" class=\"alignleft size-medium wp-image-13333\" title=\"Luis-Siri-c\u00e1mara-oculta\" src=\"http:\/\/www.elsindical.com.ar\/notas\/var\/www\/html\/notas\/wp-content\/uploads\/2011\/04\/Luis-Siri-c\u00e1mara-oculta-300x225.jpg\" alt=\"\" width=\"300\" height=\"225\" srcset=\"https:\/\/www.elsindical.com.ar\/notas\/var\/www\/html\/notas\/wp-content\/uploads\/2011\/04\/Luis-Siri-c\u00e1mara-oculta-300x225.jpg 300w, https:\/\/www.elsindical.com.ar\/notas\/var\/www\/html\/notas\/wp-content\/uploads\/2011\/04\/Luis-Siri-c\u00e1mara-oculta.jpg 531w\" sizes=\"auto, (max-width: 300px) 100vw, 300px\" \/><\/a><\/p>\n<\/div>\n","protected":false},"excerpt":{"rendered":"<p>Seg\u00fan consta en una\u00a0una cinta presentada a la Justicia, en una reuni\u00f3n realizada en\u00a0febrero, el gremialista gr\u00e1fico Luis Alberto Siri pidi\u00f3 entre ocho y nueve millones de pesos para no continuar la protesta y admiti\u00f3 que el conflicto es pol\u00edtico y no gremial. La grabaci\u00f3n presentada corresponde a palabras del propio Siri, quien estaba acompa\u00f1ado&hellip;<\/p>\n","protected":false},"author":1,"featured_media":0,"comment_status":"open","ping_status":"open","sticky":false,"template":"","format":"standard","meta":{"footnotes":""},"categories":[20],"tags":[5961,70,436,523,175,2236,279,6381,465],"class_list":["post-13330","post","type-post","status-publish","format-standard","hentry","category-judiciales","tag-bloqueo","tag-clarin","tag-conflicto","tag-delegado","tag-denuncia","tag-extorsion","tag-gremial","tag-luis-alberto-siri","tag-politico"],"_links":{"self":[{"href":"https:\/\/www.elsindical.com.ar\/notas\/wp-json\/wp\/v2\/posts\/13330","targetHints":{"allow":["GET"]}}],"collection":[{"href":"https:\/\/www.elsindical.com.ar\/notas\/wp-json\/wp\/v2\/posts"}],"about":[{"href":"https:\/\/www.elsindical.com.ar\/notas\/wp-json\/wp\/v2\/types\/post"}],"author":[{"embeddable":true,"href":"https:\/\/www.elsindical.com.ar\/notas\/wp-json\/wp\/v2\/users\/1"}],"replies":[{"embeddable":true,"href":"https:\/\/www.elsindical.com.ar\/notas\/wp-json\/wp\/v2\/comments?post=13330"}],"version-history":[{"count":2,"href":"https:\/\/www.elsindical.com.ar\/notas\/wp-json\/wp\/v2\/posts\/13330\/revisions"}],"predecessor-version":[{"id":13334,"href":"https:\/\/www.elsindical.com.ar\/notas\/wp-json\/wp\/v2\/posts\/13330\/revisions\/13334"}],"wp:attachment":[{"href":"https:\/\/www.elsindical.com.ar\/notas\/wp-json\/wp\/v2\/media?parent=13330"}],"wp:term":[{"taxonomy":"category","embeddable":true,"href":"https:\/\/www.elsindical.com.ar\/notas\/wp-json\/wp\/v2\/categories?post=13330"},{"taxonomy":"post_tag","embeddable":true,"href":"https:\/\/www.elsindical.com.ar\/notas\/wp-json\/wp\/v2\/tags?post=13330"}],"curies":[{"name":"wp","href":"https:\/\/api.w.org\/{rel}","templated":true}]}}