{"id":133296,"date":"2024-10-07T16:28:35","date_gmt":"2024-10-07T19:28:35","guid":{"rendered":"https:\/\/www.elsindical.com.ar\/notas\/?p=133296"},"modified":"2024-10-07T16:28:40","modified_gmt":"2024-10-07T19:28:40","slug":"avellaneda-futuro-radical-gano-las-internas","status":"publish","type":"post","link":"https:\/\/www.elsindical.com.ar\/notas\/avellaneda-futuro-radical-gano-las-internas\/","title":{"rendered":"Avellaneda: Futuro Radical gan\u00f3 las internas"},"content":{"rendered":"<div class=\"wp-block-image\">\n<figure class=\"aligncenter size-full is-resized\"><a href=\"https:\/\/www.elsindical.com.ar\/notas\/var\/www\/html\/notas\/wp-content\/uploads\/2024\/10\/Futuro-Radical-Avellaneda-2.jpeg\"><img loading=\"lazy\" decoding=\"async\" width=\"680\" height=\"396\" src=\"https:\/\/www.elsindical.com.ar\/notas\/var\/www\/html\/notas\/wp-content\/uploads\/2024\/10\/Futuro-Radical-Avellaneda-2.jpeg\" alt=\"\" class=\"wp-image-133297\" style=\"width:712px;height:auto\" srcset=\"https:\/\/www.elsindical.com.ar\/notas\/var\/www\/html\/notas\/wp-content\/uploads\/2024\/10\/Futuro-Radical-Avellaneda-2.jpeg 680w, https:\/\/www.elsindical.com.ar\/notas\/var\/www\/html\/notas\/wp-content\/uploads\/2024\/10\/Futuro-Radical-Avellaneda-2-300x175.jpeg 300w, https:\/\/www.elsindical.com.ar\/notas\/var\/www\/html\/notas\/wp-content\/uploads\/2024\/10\/Futuro-Radical-Avellaneda-2-500x291.jpeg 500w\" sizes=\"auto, (max-width: 680px) 100vw, 680px\" \/><\/a><\/figure>\n<\/div>\n\n\n<p>Este 6 de octubre se llevaron a cabo las elecciones internas de la UNI\u00d3N C\u00cdVICA RADICAL DE PROVINCIA c\u00f3mo tambi\u00e9n a nivel local en AVELLANEDA y el sub comit\u00e9 de DOCK SUD ,las LISTAS 15 \/116 y 1115 lograron el triunfo.<\/p>\n\n\n\n<p>Con la concurrencia de 1370 afiliados, lo que arrojo 1122 a favor del hoy Presidente Daniel Carro de Wilde (evoluci\u00f3n) y la vicepresidente Melisa Gorosito de Villa Dom\u00ednico (Manes) a 248 votos para la lista liderada por Esteban Sobre Revetria (Abad) a nivel Provincial la elecci\u00f3n tambi\u00e9n fue a favor de la lista encabezada por Pablo Domenichini y Nazarena Mes\u00edas (Futuro Radical)<\/p>\n\n\n\n<p>Adem\u00e1s, el sub comit\u00e9 de DOCK SUD \u00fanico circuito que fu\u00e9 a internas ,se quedo nuevamente con la conducci\u00f3n la cual encabeza Susana Guerra, quien responde al referente local Mateo Mercep, seguir\u00e1 los pr\u00f3ximos dos a\u00f1os en la presidencia.<\/p>\n\n\n\n<figure class=\"wp-block-image size-full\"><a href=\"https:\/\/www.elsindical.com.ar\/notas\/var\/www\/html\/notas\/wp-content\/uploads\/2024\/10\/Futuro-Radical-Avellaneda-1.jpeg\"><img loading=\"lazy\" decoding=\"async\" width=\"967\" height=\"773\" src=\"https:\/\/www.elsindical.com.ar\/notas\/var\/www\/html\/notas\/wp-content\/uploads\/2024\/10\/Futuro-Radical-Avellaneda-1.jpeg\" alt=\"\" class=\"wp-image-133298\" srcset=\"https:\/\/www.elsindical.com.ar\/notas\/var\/www\/html\/notas\/wp-content\/uploads\/2024\/10\/Futuro-Radical-Avellaneda-1.jpeg 967w, https:\/\/www.elsindical.com.ar\/notas\/var\/www\/html\/notas\/wp-content\/uploads\/2024\/10\/Futuro-Radical-Avellaneda-1-300x240.jpeg 300w, https:\/\/www.elsindical.com.ar\/notas\/var\/www\/html\/notas\/wp-content\/uploads\/2024\/10\/Futuro-Radical-Avellaneda-1-768x614.jpeg 768w, https:\/\/www.elsindical.com.ar\/notas\/var\/www\/html\/notas\/wp-content\/uploads\/2024\/10\/Futuro-Radical-Avellaneda-1-375x300.jpeg 375w\" sizes=\"auto, (max-width: 967px) 100vw, 967px\" \/><\/a><\/figure>\n","protected":false},"excerpt":{"rendered":"<p>Este 6 de octubre se llevaron a cabo las elecciones internas de la UNI\u00d3N C\u00cdVICA RADICAL DE PROVINCIA c\u00f3mo tambi\u00e9n a nivel local en AVELLANEDA y el sub comit\u00e9 de DOCK SUD ,las LISTAS 15 \/116 y 1115 lograron el triunfo. Con la concurrencia de 1370 afiliados, lo que arrojo 1122 a favor del hoy&hellip;<\/p>\n","protected":false},"author":1,"featured_media":133297,"comment_status":"open","ping_status":"open","sticky":false,"template":"","format":"standard","meta":{"footnotes":""},"categories":[13],"tags":[461,43805,2450,43806,35523,37756,1826],"class_list":["post-133296","post","type-post","status-publish","format-standard","has-post-thumbnail","hentry","category-politica","tag-avellaneda","tag-daniel-carro","tag-diario-el-sindical","tag-futuro-radical","tag-melisa-gorosito","tag-nazarena-mesias","tag-ucr"],"_links":{"self":[{"href":"https:\/\/www.elsindical.com.ar\/notas\/wp-json\/wp\/v2\/posts\/133296","targetHints":{"allow":["GET"]}}],"collection":[{"href":"https:\/\/www.elsindical.com.ar\/notas\/wp-json\/wp\/v2\/posts"}],"about":[{"href":"https:\/\/www.elsindical.com.ar\/notas\/wp-json\/wp\/v2\/types\/post"}],"author":[{"embeddable":true,"href":"https:\/\/www.elsindical.com.ar\/notas\/wp-json\/wp\/v2\/users\/1"}],"replies":[{"embeddable":true,"href":"https:\/\/www.elsindical.com.ar\/notas\/wp-json\/wp\/v2\/comments?post=133296"}],"version-history":[{"count":1,"href":"https:\/\/www.elsindical.com.ar\/notas\/wp-json\/wp\/v2\/posts\/133296\/revisions"}],"predecessor-version":[{"id":133299,"href":"https:\/\/www.elsindical.com.ar\/notas\/wp-json\/wp\/v2\/posts\/133296\/revisions\/133299"}],"wp:featuredmedia":[{"embeddable":true,"href":"https:\/\/www.elsindical.com.ar\/notas\/wp-json\/wp\/v2\/media\/133297"}],"wp:attachment":[{"href":"https:\/\/www.elsindical.com.ar\/notas\/wp-json\/wp\/v2\/media?parent=133296"}],"wp:term":[{"taxonomy":"category","embeddable":true,"href":"https:\/\/www.elsindical.com.ar\/notas\/wp-json\/wp\/v2\/categories?post=133296"},{"taxonomy":"post_tag","embeddable":true,"href":"https:\/\/www.elsindical.com.ar\/notas\/wp-json\/wp\/v2\/tags?post=133296"}],"curies":[{"name":"wp","href":"https:\/\/api.w.org\/{rel}","templated":true}]}}