{"id":133289,"date":"2024-10-07T11:39:17","date_gmt":"2024-10-07T14:39:17","guid":{"rendered":"https:\/\/www.elsindical.com.ar\/notas\/?p=133289"},"modified":"2024-10-07T11:39:22","modified_gmt":"2024-10-07T14:39:22","slug":"javier-milei-dispuso-el-cierre-definitivo-del-ente-nacional-de-obras-hidricas-de-saneamiento-enohsa","status":"publish","type":"post","link":"https:\/\/www.elsindical.com.ar\/notas\/javier-milei-dispuso-el-cierre-definitivo-del-ente-nacional-de-obras-hidricas-de-saneamiento-enohsa\/","title":{"rendered":"Javier Milei dispuso el cierre definitivo del Ente Nacional De Obras H\u00eddricas De Saneamiento (ENOHSA)"},"content":{"rendered":"\n<figure class=\"wp-block-image size-full\"><a href=\"https:\/\/www.elsindical.com.ar\/notas\/var\/www\/html\/notas\/wp-content\/uploads\/2024\/10\/ENOHSA.jpg\"><img loading=\"lazy\" decoding=\"async\" width=\"800\" height=\"579\" src=\"https:\/\/www.elsindical.com.ar\/notas\/var\/www\/html\/notas\/wp-content\/uploads\/2024\/10\/ENOHSA.jpg\" alt=\"\" class=\"wp-image-133290\" srcset=\"https:\/\/www.elsindical.com.ar\/notas\/var\/www\/html\/notas\/wp-content\/uploads\/2024\/10\/ENOHSA.jpg 800w, https:\/\/www.elsindical.com.ar\/notas\/var\/www\/html\/notas\/wp-content\/uploads\/2024\/10\/ENOHSA-300x217.jpg 300w, https:\/\/www.elsindical.com.ar\/notas\/var\/www\/html\/notas\/wp-content\/uploads\/2024\/10\/ENOHSA-768x556.jpg 768w, https:\/\/www.elsindical.com.ar\/notas\/var\/www\/html\/notas\/wp-content\/uploads\/2024\/10\/ENOHSA-415x300.jpg 415w\" sizes=\"auto, (max-width: 800px) 100vw, 800px\" \/><\/a><\/figure>\n\n\n\n<p>El Gobierno del presidente Javier Milei dispuso el cierre definitivo del Ente Nacional De Obras H\u00eddricas De Saneamiento (ENOHSA), una empresa estatal que ten\u00eda como objetivo planificar, ejecutar y administrar obras de infraestructura h\u00eddrica y sanitaria en todo el pa\u00eds. Tambi\u00e9n deb\u00eda controlar la calidad del agua potable y del servicio de saneamiento.<\/p>\n\n\n\n<p>Una de las razones que motivaron la disoluci\u00f3n es que, seg\u00fan el Gobierno, el ente elude el control de gastos que existe en la administraci\u00f3n nacional.<\/p>\n\n\n\n<p>De todos modos, a diferencia de lo que ocurri\u00f3 con la empresa ferroviaria, el cierra de ENOHSA no implica la p\u00e9rdida de puestos de trabajo, al menos hasta el momento.<\/p>\n\n\n\n<p>Chau cloacas.<\/p>\n","protected":false},"excerpt":{"rendered":"<p>El Gobierno del presidente Javier Milei dispuso el cierre definitivo del Ente Nacional De Obras H\u00eddricas De Saneamiento (ENOHSA), una empresa estatal que ten\u00eda como objetivo planificar, ejecutar y administrar obras de infraestructura h\u00eddrica y sanitaria en todo el pa\u00eds. Tambi\u00e9n deb\u00eda controlar la calidad del agua potable y del servicio de saneamiento. Una de&hellip;<\/p>\n","protected":false},"author":1,"featured_media":133290,"comment_status":"open","ping_status":"open","sticky":false,"template":"","format":"standard","meta":{"footnotes":""},"categories":[13],"tags":[17708,17783,2450,39014,43804,761,28812],"class_list":["post-133289","post","type-post","status-publish","format-standard","has-post-thumbnail","hentry","category-politica","tag-agua-potable","tag-cloacas","tag-diario-el-sindical","tag-enohsa","tag-ente-nacional-de-obras-hidricas-de-saneamiento","tag-gobierno-nacional","tag-javier-milei"],"_links":{"self":[{"href":"https:\/\/www.elsindical.com.ar\/notas\/wp-json\/wp\/v2\/posts\/133289","targetHints":{"allow":["GET"]}}],"collection":[{"href":"https:\/\/www.elsindical.com.ar\/notas\/wp-json\/wp\/v2\/posts"}],"about":[{"href":"https:\/\/www.elsindical.com.ar\/notas\/wp-json\/wp\/v2\/types\/post"}],"author":[{"embeddable":true,"href":"https:\/\/www.elsindical.com.ar\/notas\/wp-json\/wp\/v2\/users\/1"}],"replies":[{"embeddable":true,"href":"https:\/\/www.elsindical.com.ar\/notas\/wp-json\/wp\/v2\/comments?post=133289"}],"version-history":[{"count":1,"href":"https:\/\/www.elsindical.com.ar\/notas\/wp-json\/wp\/v2\/posts\/133289\/revisions"}],"predecessor-version":[{"id":133291,"href":"https:\/\/www.elsindical.com.ar\/notas\/wp-json\/wp\/v2\/posts\/133289\/revisions\/133291"}],"wp:featuredmedia":[{"embeddable":true,"href":"https:\/\/www.elsindical.com.ar\/notas\/wp-json\/wp\/v2\/media\/133290"}],"wp:attachment":[{"href":"https:\/\/www.elsindical.com.ar\/notas\/wp-json\/wp\/v2\/media?parent=133289"}],"wp:term":[{"taxonomy":"category","embeddable":true,"href":"https:\/\/www.elsindical.com.ar\/notas\/wp-json\/wp\/v2\/categories?post=133289"},{"taxonomy":"post_tag","embeddable":true,"href":"https:\/\/www.elsindical.com.ar\/notas\/wp-json\/wp\/v2\/tags?post=133289"}],"curies":[{"name":"wp","href":"https:\/\/api.w.org\/{rel}","templated":true}]}}