{"id":133285,"date":"2024-10-07T09:57:59","date_gmt":"2024-10-07T12:57:59","guid":{"rendered":"https:\/\/www.elsindical.com.ar\/notas\/?p=133285"},"modified":"2024-10-07T09:58:05","modified_gmt":"2024-10-07T12:58:05","slug":"los-medicamentos-siguen-aumentando-por-encima-de-la-inflacion","status":"publish","type":"post","link":"https:\/\/www.elsindical.com.ar\/notas\/los-medicamentos-siguen-aumentando-por-encima-de-la-inflacion\/","title":{"rendered":"Los medicamentos siguen aumentando por encima de la inflaci\u00f3n"},"content":{"rendered":"<div class=\"wp-block-image\">\n<figure class=\"aligncenter size-full\"><a href=\"https:\/\/www.elsindical.com.ar\/notas\/var\/www\/html\/notas\/wp-content\/uploads\/2019\/03\/compra-de-medicamentos-2.jpeg\"><img loading=\"lazy\" decoding=\"async\" width=\"800\" height=\"445\" src=\"https:\/\/www.elsindical.com.ar\/notas\/var\/www\/html\/notas\/wp-content\/uploads\/2019\/03\/compra-de-medicamentos-2.jpeg\" alt=\"\" class=\"wp-image-85454\" srcset=\"https:\/\/www.elsindical.com.ar\/notas\/var\/www\/html\/notas\/wp-content\/uploads\/2019\/03\/compra-de-medicamentos-2.jpeg 800w, https:\/\/www.elsindical.com.ar\/notas\/var\/www\/html\/notas\/wp-content\/uploads\/2019\/03\/compra-de-medicamentos-2-300x167.jpeg 300w, https:\/\/www.elsindical.com.ar\/notas\/var\/www\/html\/notas\/wp-content\/uploads\/2019\/03\/compra-de-medicamentos-2-768x427.jpeg 768w, https:\/\/www.elsindical.com.ar\/notas\/var\/www\/html\/notas\/wp-content\/uploads\/2019\/03\/compra-de-medicamentos-2-500x278.jpeg 500w\" sizes=\"auto, (max-width: 800px) 100vw, 800px\" \/><\/a><\/figure>\n<\/div>\n\n\n<p>Los valores de los medicamentos subieron un 5% en promedio pero los m\u00e1s consumidos por personas de la tercera edad llegan al 7,6.<\/p>\n\n\n\n<p><strong>Un informe del\u00a0Centro de Econom\u00eda Pol\u00edtica Argentina (CEPA)\u00a0revela que, en julio de 2024, los medicamentos m\u00e1s consumidos en el pa\u00eds aumentaron en promedio un 5%, por encima de la inflaci\u00f3n.<\/strong><\/p>\n\n\n\n<p><strong>Sin embargo, aquellos que se adquieren a trav\u00e9s del&nbsp;Programa de Atenci\u00f3n M\u00e9dica Integral (PAMI),&nbsp;destinado a jubilados, presentaron un incremento a\u00fan mayor, del 7,6%.&nbsp;<\/strong><\/p>\n\n\n\n<p>Uno de los casos m\u00e1s llamativos es el del&nbsp;Daflon 500,&nbsp;un medicamento clave para tratar problemas vasculares, cuyo precio&nbsp;se dispar\u00f3 un 482%&nbsp;en un a\u00f1o, pasando de $11.553 a $67.193.<\/p>\n\n\n\n<p>Otro f\u00e1rmaco de uso cotidiano, como&nbsp;el Ibupirac 600 mg,&nbsp;utilizado para aliviar dolores y bajar la fiebre,&nbsp;aumento un 456%&nbsp;en el mismo per\u00edodo.<\/p>\n\n\n\n<p><strong>Estos aumentos, que superan por mucho la inflaci\u00f3n general, afectan principalmente a las personas mayores<\/strong>, cuyo poder adquisitivo se ha visto severamente erosionado.<\/p>\n\n\n\n<p>En julio de 2024, la jubilaci\u00f3n m\u00ednima se actualiz\u00f3 solo un 4,2%, insuficiente para cubrir el alza en los precios de los f\u00e1rmacos.\u00a0<\/p>\n\n\n\n<p><strong>De acuerdo con CEPA,&nbsp;la p\u00e9rdida del poder adquisitivo en las jubilaciones m\u00ednimas alcanz\u00f3 el 35,2%&nbsp;entre noviembre de 2023 y julio de 2024, lo que agrava a\u00fan m\u00e1s la situaci\u00f3n.<\/strong><\/p>\n","protected":false},"excerpt":{"rendered":"<p>Los valores de los medicamentos subieron un 5% en promedio pero los m\u00e1s consumidos por personas de la tercera edad llegan al 7,6. Un informe del\u00a0Centro de Econom\u00eda Pol\u00edtica Argentina (CEPA)\u00a0revela que, en julio de 2024, los medicamentos m\u00e1s consumidos en el pa\u00eds aumentaron en promedio un 5%, por encima de la inflaci\u00f3n. Sin embargo,&hellip;<\/p>\n","protected":false},"author":1,"featured_media":85454,"comment_status":"open","ping_status":"open","sticky":false,"template":"","format":"standard","meta":{"footnotes":""},"categories":[9],"tags":[1754,24898,2450,1799,44,3582],"class_list":["post-133285","post","type-post","status-publish","format-standard","has-post-thumbnail","hentry","category-economia","tag-aumentos","tag-cepa","tag-diario-el-sindical","tag-inflacion","tag-medicamentos","tag-pami"],"_links":{"self":[{"href":"https:\/\/www.elsindical.com.ar\/notas\/wp-json\/wp\/v2\/posts\/133285","targetHints":{"allow":["GET"]}}],"collection":[{"href":"https:\/\/www.elsindical.com.ar\/notas\/wp-json\/wp\/v2\/posts"}],"about":[{"href":"https:\/\/www.elsindical.com.ar\/notas\/wp-json\/wp\/v2\/types\/post"}],"author":[{"embeddable":true,"href":"https:\/\/www.elsindical.com.ar\/notas\/wp-json\/wp\/v2\/users\/1"}],"replies":[{"embeddable":true,"href":"https:\/\/www.elsindical.com.ar\/notas\/wp-json\/wp\/v2\/comments?post=133285"}],"version-history":[{"count":1,"href":"https:\/\/www.elsindical.com.ar\/notas\/wp-json\/wp\/v2\/posts\/133285\/revisions"}],"predecessor-version":[{"id":133286,"href":"https:\/\/www.elsindical.com.ar\/notas\/wp-json\/wp\/v2\/posts\/133285\/revisions\/133286"}],"wp:featuredmedia":[{"embeddable":true,"href":"https:\/\/www.elsindical.com.ar\/notas\/wp-json\/wp\/v2\/media\/85454"}],"wp:attachment":[{"href":"https:\/\/www.elsindical.com.ar\/notas\/wp-json\/wp\/v2\/media?parent=133285"}],"wp:term":[{"taxonomy":"category","embeddable":true,"href":"https:\/\/www.elsindical.com.ar\/notas\/wp-json\/wp\/v2\/categories?post=133285"},{"taxonomy":"post_tag","embeddable":true,"href":"https:\/\/www.elsindical.com.ar\/notas\/wp-json\/wp\/v2\/tags?post=133285"}],"curies":[{"name":"wp","href":"https:\/\/api.w.org\/{rel}","templated":true}]}}