{"id":133260,"date":"2024-10-05T09:11:23","date_gmt":"2024-10-05T12:11:23","guid":{"rendered":"https:\/\/www.elsindical.com.ar\/notas\/?p=133260"},"modified":"2024-10-05T09:11:27","modified_gmt":"2024-10-05T12:11:27","slug":"vuelve-a-aumentar-la-vtv-en-la-provincia-de-buenos-aires","status":"publish","type":"post","link":"https:\/\/www.elsindical.com.ar\/notas\/vuelve-a-aumentar-la-vtv-en-la-provincia-de-buenos-aires\/","title":{"rendered":"Vuelve a aumentar la VTV en la provincia de Buenos Aires"},"content":{"rendered":"<div class=\"wp-block-image\">\n<figure class=\"aligncenter size-full\"><a href=\"https:\/\/www.elsindical.com.ar\/notas\/var\/www\/html\/notas\/wp-content\/uploads\/2015\/07\/VTV-control.jpg\"><img loading=\"lazy\" decoding=\"async\" width=\"620\" height=\"381\" src=\"https:\/\/www.elsindical.com.ar\/notas\/var\/www\/html\/notas\/wp-content\/uploads\/2015\/07\/VTV-control.jpg\" alt=\"\" class=\"wp-image-52802\" srcset=\"https:\/\/www.elsindical.com.ar\/notas\/var\/www\/html\/notas\/wp-content\/uploads\/2015\/07\/VTV-control.jpg 620w, https:\/\/www.elsindical.com.ar\/notas\/var\/www\/html\/notas\/wp-content\/uploads\/2015\/07\/VTV-control-300x184.jpg 300w, https:\/\/www.elsindical.com.ar\/notas\/var\/www\/html\/notas\/wp-content\/uploads\/2015\/07\/VTV-control-488x300.jpg 488w\" sizes=\"auto, (max-width: 620px) 100vw, 620px\" \/><\/a><\/figure>\n<\/div>\n\n\n<p>El Ministerio de Transporte de la Provincia de Buenos Aires dispuso <strong>un nuevo incremento en las tarifas de la Verificaci\u00f3n T\u00e9cnica Vehicular (VTV),<\/strong> que comenzar\u00e1 a regir a partir del s\u00e1bado 5 de octubre. Este ajuste, que alcanza un 28 por ciento, marca el tercer aumento en lo que va del a\u00f1o. A partir de esa fecha, los propietarios de veh\u00edculos deber\u00e1n abonar <strong>$44.175,21<\/strong> por el servicio, en lugar de los $34.531,17 que se cobraban previamente.<\/p>\n\n\n\n<p>La medida fue publicada este viernes en el Bolet\u00edn Oficial de la provincia. En la norma, el Gobierno provincial justific\u00f3 el aumento afirmando que <strong>\u201cse trata de un precio justo con mantenimiento de la ecuaci\u00f3n econ\u00f3mico-financiera que permite la sustentabilidad del sistema\u201d.<\/strong><\/p>\n\n\n\n<p>Adem\u00e1s de este ajuste, ya se anticiparon nuevos incrementos en los pr\u00f3ximos meses. A partir del 1\u00b0 de diciembre, el costo de la VTV se elevar\u00e1 a $53.819,26, y en febrero de 2025 volver\u00e1 a subir a poco m\u00e1s de $60.000, lo que representar\u00e1 <strong>un aumento total del 83,78 por ciento<\/strong> en un periodo de cinco meses.<\/p>\n\n\n\n<h2 class=\"wp-block-heading\"><strong>Nuevos valores para distintos tipos de veh\u00edculos<\/strong><\/h2>\n\n\n\n<p>Con el nuevo esquema tarifario, los valores actualizados de la VTV, con IVA incluido, son los siguientes:<\/p>\n\n\n\n<ul class=\"wp-block-list\">\n<li>Motos: $17.668,91<\/li>\n\n\n\n<li>Veh\u00edculos de hasta 2500 kilos: $44.175,21<\/li>\n\n\n\n<li>Veh\u00edculos de m\u00e1s de 2500 kilos: $79.510,08<\/li>\n\n\n\n<li>Remolques, semirremolques y acoplados de hasta 2500 kilos: $26.503,36<\/li>\n\n\n\n<li>Remolques, semirremolques y acoplados de m\u00e1s de 2500 kilos: $39.755,00<\/li>\n<\/ul>\n\n\n\n<p>Estos valores estar\u00e1n vigentes hasta el 30 de noviembre, cuando se aplicar\u00e1 el pr\u00f3ximo incremento, tal como ya se estableci\u00f3 en la normativa provincial.<\/p>\n","protected":false},"excerpt":{"rendered":"<p>El Ministerio de Transporte de la Provincia de Buenos Aires dispuso un nuevo incremento en las tarifas de la Verificaci\u00f3n T\u00e9cnica Vehicular (VTV), que comenzar\u00e1 a regir a partir del s\u00e1bado 5 de octubre. Este ajuste, que alcanza un 28 por ciento, marca el tercer aumento en lo que va del a\u00f1o. A partir de&hellip;<\/p>\n","protected":false},"author":1,"featured_media":52802,"comment_status":"open","ping_status":"open","sticky":false,"template":"","format":"standard","meta":{"footnotes":""},"categories":[9],"tags":[43796,2450,1466,43797,21849],"class_list":["post-133260","post","type-post","status-publish","format-standard","has-post-thumbnail","hentry","category-economia","tag-aumento-costo","tag-diario-el-sindical","tag-provincia-de-buenos-aires","tag-taeifas","tag-vtv"],"_links":{"self":[{"href":"https:\/\/www.elsindical.com.ar\/notas\/wp-json\/wp\/v2\/posts\/133260","targetHints":{"allow":["GET"]}}],"collection":[{"href":"https:\/\/www.elsindical.com.ar\/notas\/wp-json\/wp\/v2\/posts"}],"about":[{"href":"https:\/\/www.elsindical.com.ar\/notas\/wp-json\/wp\/v2\/types\/post"}],"author":[{"embeddable":true,"href":"https:\/\/www.elsindical.com.ar\/notas\/wp-json\/wp\/v2\/users\/1"}],"replies":[{"embeddable":true,"href":"https:\/\/www.elsindical.com.ar\/notas\/wp-json\/wp\/v2\/comments?post=133260"}],"version-history":[{"count":1,"href":"https:\/\/www.elsindical.com.ar\/notas\/wp-json\/wp\/v2\/posts\/133260\/revisions"}],"predecessor-version":[{"id":133261,"href":"https:\/\/www.elsindical.com.ar\/notas\/wp-json\/wp\/v2\/posts\/133260\/revisions\/133261"}],"wp:featuredmedia":[{"embeddable":true,"href":"https:\/\/www.elsindical.com.ar\/notas\/wp-json\/wp\/v2\/media\/52802"}],"wp:attachment":[{"href":"https:\/\/www.elsindical.com.ar\/notas\/wp-json\/wp\/v2\/media?parent=133260"}],"wp:term":[{"taxonomy":"category","embeddable":true,"href":"https:\/\/www.elsindical.com.ar\/notas\/wp-json\/wp\/v2\/categories?post=133260"},{"taxonomy":"post_tag","embeddable":true,"href":"https:\/\/www.elsindical.com.ar\/notas\/wp-json\/wp\/v2\/tags?post=133260"}],"curies":[{"name":"wp","href":"https:\/\/api.w.org\/{rel}","templated":true}]}}