{"id":133245,"date":"2024-10-04T20:20:17","date_gmt":"2024-10-04T23:20:17","guid":{"rendered":"https:\/\/www.elsindical.com.ar\/notas\/?p=133245"},"modified":"2024-10-04T20:20:24","modified_gmt":"2024-10-04T23:20:24","slug":"javier-milei-acusado-de-corrupto-y-arruinar-las-ideas-libertarias","status":"publish","type":"post","link":"https:\/\/www.elsindical.com.ar\/notas\/javier-milei-acusado-de-corrupto-y-arruinar-las-ideas-libertarias\/","title":{"rendered":"Javier Milei acusado de corrupto y arruinar las ideas libertarias"},"content":{"rendered":"<div class=\"wp-block-image\">\n<figure class=\"aligncenter size-full\"><a href=\"https:\/\/www.elsindical.com.ar\/notas\/var\/www\/html\/notas\/wp-content\/uploads\/2024\/10\/Daniel-Montoya.jpeg\"><img loading=\"lazy\" decoding=\"async\" width=\"710\" height=\"729\" src=\"https:\/\/www.elsindical.com.ar\/notas\/var\/www\/html\/notas\/wp-content\/uploads\/2024\/10\/Daniel-Montoya.jpeg\" alt=\"\" class=\"wp-image-133246\" srcset=\"https:\/\/www.elsindical.com.ar\/notas\/var\/www\/html\/notas\/wp-content\/uploads\/2024\/10\/Daniel-Montoya.jpeg 710w, https:\/\/www.elsindical.com.ar\/notas\/var\/www\/html\/notas\/wp-content\/uploads\/2024\/10\/Daniel-Montoya-292x300.jpeg 292w, https:\/\/www.elsindical.com.ar\/notas\/var\/www\/html\/notas\/wp-content\/uploads\/2024\/10\/Daniel-Montoya-50x50.jpeg 50w\" sizes=\"auto, (max-width: 710px) 100vw, 710px\" \/><\/a><\/figure>\n<\/div>\n\n\n<p>El dirigente bonaerense resalt\u00f3 que <em>\u00abJamoncito\u00bb<\/em> (por Javier Milei) \u00ab<em>revive los muertos K y sepultar\u00e1 por 80 a\u00f1os m\u00e1s las ideas liberales<\/em><em>\u00ab.<\/em><\/p>\n\n\n\n<p>El dirigente libertario bonaerense, <strong>Daniel Montoya<\/strong>, cargo, sin piedad, contra Javier Milei a quien al margen de llamarlo <strong>\u00abjamoncito\u00bb<\/strong> le endilg\u00f3 revivir a los <em>\u00abmuertos K y sepultar por 80 a\u00f1os m\u00e1s las ideas liberales\u00bb<\/em>.<\/p>\n\n\n\n<p>Montoya considera integrar un espacio de \u00ab<em>alternativa libertaria, sin corrupci\u00f3n, sin timba financiera, sin pereza, sin 87 h\u00e9roes, sin gatos internistas, sin trolls que cobran fortunas, sin arreglos con China (una dictadura) ni con \u201csindigarcas\u201d pero con las mismas ideas, porque este es el camino, pero no la forma\u201d<\/em><\/p>\n\n\n\n<h2 class=\"wp-block-heading\">Negar las PASO<\/h2>\n\n\n\n<p>El bonaerense, quien en 2023 le pidiera a Milei una PASO, lider\u00f3 el inicio de una tendencia. En ese orden explic\u00f3 que no existe \u201c<em>nada m\u00e1s liberal que una PASO, negarla es arrancar haciendo todo mal, haciendo lo contrario de lo que se predica<\/em>\u201d (seg\u00fan sus allegados no fue escuchado) y \u00ab<em>as\u00ed siguieron: cero rating en cadena nacional, un acto libertario pobre y claramente organizado por punteros peronistas muy conocidos, papel\u00f3n con Susana, un mill\u00f3n de universitarios en las calles reclamando, falta de gesti\u00f3n e ineficacia en casi todas las \u00e1reas\u00bb.<\/em><\/p>\n\n\n\n<p>Entre sus reclamos Montoya suma<\/p>\n\n\n\n<p><em>El gobierno no arranca, se contradicen entre ellos mismos, tienen internas feroces por estupideces y por falta de conducci\u00f3n, no hay resultados para la gente<\/em><\/p>\n\n\n\n<h2 class=\"wp-block-heading\">Liberales y corruptos<\/h2>\n\n\n\n<p>El dirigente asegura que con lo que hoy ocurre <em>\u00abse puede lograr para los pr\u00f3ximos a\u00f1os, que las ideas liberales sean asociadas a gobiernos malos y corruptos por mucho tiempo\u00bb<\/em><\/p>\n\n\n\n<p>El libertario de la provincia de Buenos Aires al margen de referir actos de corrupci\u00f3n menciona<\/p>\n\n\n\n<p><em>Un arreglo infame con los K y Sergio Massa que se traduce en 2.500 cargos en 2\u00ba y 3 \u00ba l\u00edneas cedidos a estos \u00faltimos para dejar de lado a verdaderos libertarios que se jugaron en cada distrito por la lista de LLA en 2.023, no solo poniendo el cuerpo, sino tambi\u00e9n recursos propios<\/em><\/p>\n\n\n\n<p>Por \u00faltimo, Montoya remarca que apuesta a un armado provincial, donde se integre <em>\u00abmucha gente con ganas de participar, y decepcionados por los maltratos del entorno de Milei, pero a\u00fan convencidos de las ideas libertarias\u00bb<\/em> luego acota, <em>\u00abservir\u00e1n para armar los 135 distritos, la gente est\u00e1\u201d.<\/em><\/p>\n","protected":false},"excerpt":{"rendered":"<p>El dirigente bonaerense resalt\u00f3 que \u00abJamoncito\u00bb (por Javier Milei) \u00abrevive los muertos K y sepultar\u00e1 por 80 a\u00f1os m\u00e1s las ideas liberales\u00ab. El dirigente libertario bonaerense, Daniel Montoya, cargo, sin piedad, contra Javier Milei a quien al margen de llamarlo \u00abjamoncito\u00bb le endilg\u00f3 revivir a los \u00abmuertos K y sepultar por 80 a\u00f1os m\u00e1s las&hellip;<\/p>\n","protected":false},"author":1,"featured_media":133246,"comment_status":"open","ping_status":"open","sticky":false,"template":"","format":"standard","meta":{"footnotes":""},"categories":[13],"tags":[1451,43788,2450,43792,43790,28812,18344,43789,16752,43791,25206],"class_list":["post-133245","post","type-post","status-publish","format-standard","has-post-thumbnail","hentry","category-politica","tag-corrupcion","tag-daniel-montoya","tag-diario-el-sindical","tag-gatos-internistas","tag-jamoncito","tag-javier-milei","tag-k","tag-libertario","tag-paso","tag-sindigarcas","tag-trolls"],"_links":{"self":[{"href":"https:\/\/www.elsindical.com.ar\/notas\/wp-json\/wp\/v2\/posts\/133245","targetHints":{"allow":["GET"]}}],"collection":[{"href":"https:\/\/www.elsindical.com.ar\/notas\/wp-json\/wp\/v2\/posts"}],"about":[{"href":"https:\/\/www.elsindical.com.ar\/notas\/wp-json\/wp\/v2\/types\/post"}],"author":[{"embeddable":true,"href":"https:\/\/www.elsindical.com.ar\/notas\/wp-json\/wp\/v2\/users\/1"}],"replies":[{"embeddable":true,"href":"https:\/\/www.elsindical.com.ar\/notas\/wp-json\/wp\/v2\/comments?post=133245"}],"version-history":[{"count":1,"href":"https:\/\/www.elsindical.com.ar\/notas\/wp-json\/wp\/v2\/posts\/133245\/revisions"}],"predecessor-version":[{"id":133247,"href":"https:\/\/www.elsindical.com.ar\/notas\/wp-json\/wp\/v2\/posts\/133245\/revisions\/133247"}],"wp:featuredmedia":[{"embeddable":true,"href":"https:\/\/www.elsindical.com.ar\/notas\/wp-json\/wp\/v2\/media\/133246"}],"wp:attachment":[{"href":"https:\/\/www.elsindical.com.ar\/notas\/wp-json\/wp\/v2\/media?parent=133245"}],"wp:term":[{"taxonomy":"category","embeddable":true,"href":"https:\/\/www.elsindical.com.ar\/notas\/wp-json\/wp\/v2\/categories?post=133245"},{"taxonomy":"post_tag","embeddable":true,"href":"https:\/\/www.elsindical.com.ar\/notas\/wp-json\/wp\/v2\/tags?post=133245"}],"curies":[{"name":"wp","href":"https:\/\/api.w.org\/{rel}","templated":true}]}}