{"id":133181,"date":"2024-10-01T17:53:02","date_gmt":"2024-10-01T20:53:02","guid":{"rendered":"https:\/\/www.elsindical.com.ar\/notas\/?p=133181"},"modified":"2024-10-01T17:53:06","modified_gmt":"2024-10-01T20:53:06","slug":"el-gobierno-nacional-oficializo-la-designacion-de-pablo-sebastian-gordillo-arriagada-como-interventor-de-yacimientos-carboniferos-rio-turbio","status":"publish","type":"post","link":"https:\/\/www.elsindical.com.ar\/notas\/el-gobierno-nacional-oficializo-la-designacion-de-pablo-sebastian-gordillo-arriagada-como-interventor-de-yacimientos-carboniferos-rio-turbio\/","title":{"rendered":"El Gobierno nacional oficializ\u00f3 la designaci\u00f3n de Pablo Sebasti\u00e1n Gordillo Arriagada como interventor de Yacimientos Carbon\u00edferos R\u00edo Turbio"},"content":{"rendered":"<div class=\"wp-block-image\">\n<figure class=\"aligncenter size-full\"><a href=\"https:\/\/www.elsindical.com.ar\/notas\/var\/www\/html\/notas\/wp-content\/uploads\/2024\/10\/Pablo-Sebastian-Gordillo-Arriagada.jpg\"><img loading=\"lazy\" decoding=\"async\" width=\"750\" height=\"459\" src=\"https:\/\/www.elsindical.com.ar\/notas\/var\/www\/html\/notas\/wp-content\/uploads\/2024\/10\/Pablo-Sebastian-Gordillo-Arriagada.jpg\" alt=\"\" class=\"wp-image-133182\" srcset=\"https:\/\/www.elsindical.com.ar\/notas\/var\/www\/html\/notas\/wp-content\/uploads\/2024\/10\/Pablo-Sebastian-Gordillo-Arriagada.jpg 750w, https:\/\/www.elsindical.com.ar\/notas\/var\/www\/html\/notas\/wp-content\/uploads\/2024\/10\/Pablo-Sebastian-Gordillo-Arriagada-300x184.jpg 300w, https:\/\/www.elsindical.com.ar\/notas\/var\/www\/html\/notas\/wp-content\/uploads\/2024\/10\/Pablo-Sebastian-Gordillo-Arriagada-490x300.jpg 490w\" sizes=\"auto, (max-width: 750px) 100vw, 750px\" \/><\/a><\/figure>\n<\/div>\n\n\n<p>Por medio del decreto 869\/2024, publicado esta madrugada en el Bolet\u00edn Oficial, con la firma del ministro de Econom\u00eda, Luis \u201cToto\u201d Caputo, y del presidente Javier Milei, el Ejecutivo hizo p\u00fablico el nombramiento del exgerente general de Servicios P\u00fablicos Sociedad del Estado en Santa Cruz y asesor del gobernador, Claudio Vidal.<\/p>\n\n\n\n<p>Gordillo Arraiga es abogado y realiz\u00f3 posgrados en derecho de los Hidrocarburos, Energ\u00eda y Sostenibilidad. Tambi\u00e9n es diplomado en gesti\u00f3n y tecnolog\u00edas para el desarrollo convencional y no convencional de hidrocarburos, y cuenta con un Posgrado Internacional en Derecho de la Seguridad P\u00fablica.<\/p>\n\n\n\n<p>Su desembarco al frente de Yacimientos Carbon\u00edferos R\u00edo Turbio se dio luego del despido del hasta entonces interventor, Thierry Decoud, investigado por presunto pedido de coimas.<\/p>\n\n\n\n<p>El vocero presidencial, Manuel Adorni, aclar\u00f3 que \u00abdonde el Presidente detecta que no hay una transparencia absoluta en la gesti\u00f3n, siempre va a hacer a un lado al responsable\u201d.<\/p>\n\n\n\n<p>\u201cNo porque efectivamente sea responsable, sino porque quiere que todo se lleve adelante con total transparencia, as\u00ed que mientras se aclaren los hechos ha tomado la decisi\u00f3n de despedir\u201d, destac\u00f3.<\/p>\n\n\n\n<p>En las \u00fatlimas semanas, YCRT, la empresa estatal argentina que opera en la regi\u00f3n patag\u00f3nica, se vio envuelta en un nuevo esc\u00e1ndalo que involucra un fallido acuerdo de venta de carb\u00f3n, con una empresa de Israel.<\/p>\n\n\n\n<p>La empresa TEGI Limited hab\u00eda propuesto la compra de 30.000 toneladas de carb\u00f3n de baja calidad por un valor cercano a los US$2.1 millones. Sin embargo, la operaci\u00f3n se habr\u00eda detenido tras un supuesto pedido de dinero hecho por intermediarios vinculados a la negociaci\u00f3n.<\/p>\n\n\n\n<p>La denuncia la realiz\u00f3 el gobierno de Santa Cruz, a cargo de Claudio Vidal, a ra\u00edz de un presunto pedido de coimas de dos intermediarios entre la minera y la empresa Tegi Limited.<\/p>\n","protected":false},"excerpt":{"rendered":"<p>Por medio del decreto 869\/2024, publicado esta madrugada en el Bolet\u00edn Oficial, con la firma del ministro de Econom\u00eda, Luis \u201cToto\u201d Caputo, y del presidente Javier Milei, el Ejecutivo hizo p\u00fablico el nombramiento del exgerente general de Servicios P\u00fablicos Sociedad del Estado en Santa Cruz y asesor del gobernador, Claudio Vidal. Gordillo Arraiga es abogado&hellip;<\/p>\n","protected":false},"author":1,"featured_media":133182,"comment_status":"open","ping_status":"open","sticky":false,"template":"","format":"standard","meta":{"footnotes":""},"categories":[13],"tags":[2450,761,28812,24979,43762,43764,43763,26471],"class_list":["post-133181","post","type-post","status-publish","format-standard","has-post-thumbnail","hentry","category-politica","tag-diario-el-sindical","tag-gobierno-nacional","tag-javier-milei","tag-luis-caputo","tag-pablo-sebastian-gordillo-arriagada","tag-thierry-decoud","tag-yacimientos-carboniferos-rio-turbio","tag-ycrt"],"_links":{"self":[{"href":"https:\/\/www.elsindical.com.ar\/notas\/wp-json\/wp\/v2\/posts\/133181","targetHints":{"allow":["GET"]}}],"collection":[{"href":"https:\/\/www.elsindical.com.ar\/notas\/wp-json\/wp\/v2\/posts"}],"about":[{"href":"https:\/\/www.elsindical.com.ar\/notas\/wp-json\/wp\/v2\/types\/post"}],"author":[{"embeddable":true,"href":"https:\/\/www.elsindical.com.ar\/notas\/wp-json\/wp\/v2\/users\/1"}],"replies":[{"embeddable":true,"href":"https:\/\/www.elsindical.com.ar\/notas\/wp-json\/wp\/v2\/comments?post=133181"}],"version-history":[{"count":1,"href":"https:\/\/www.elsindical.com.ar\/notas\/wp-json\/wp\/v2\/posts\/133181\/revisions"}],"predecessor-version":[{"id":133183,"href":"https:\/\/www.elsindical.com.ar\/notas\/wp-json\/wp\/v2\/posts\/133181\/revisions\/133183"}],"wp:featuredmedia":[{"embeddable":true,"href":"https:\/\/www.elsindical.com.ar\/notas\/wp-json\/wp\/v2\/media\/133182"}],"wp:attachment":[{"href":"https:\/\/www.elsindical.com.ar\/notas\/wp-json\/wp\/v2\/media?parent=133181"}],"wp:term":[{"taxonomy":"category","embeddable":true,"href":"https:\/\/www.elsindical.com.ar\/notas\/wp-json\/wp\/v2\/categories?post=133181"},{"taxonomy":"post_tag","embeddable":true,"href":"https:\/\/www.elsindical.com.ar\/notas\/wp-json\/wp\/v2\/tags?post=133181"}],"curies":[{"name":"wp","href":"https:\/\/api.w.org\/{rel}","templated":true}]}}