{"id":133178,"date":"2024-10-01T14:24:40","date_gmt":"2024-10-01T17:24:40","guid":{"rendered":"https:\/\/www.elsindical.com.ar\/notas\/?p=133178"},"modified":"2024-10-01T14:24:46","modified_gmt":"2024-10-01T17:24:46","slug":"el-gobierno-recorto-las-politicas-de-salud-sexual-solo-repartio-el-2-de-los-preservativos","status":"publish","type":"post","link":"https:\/\/www.elsindical.com.ar\/notas\/el-gobierno-recorto-las-politicas-de-salud-sexual-solo-repartio-el-2-de-los-preservativos\/","title":{"rendered":"El Gobierno recort\u00f3 las pol\u00edticas de salud sexual: solo reparti\u00f3 el 2% de los preservativos"},"content":{"rendered":"\n<figure class=\"wp-block-image size-full\"><a href=\"https:\/\/www.elsindical.com.ar\/notas\/var\/www\/html\/notas\/wp-content\/uploads\/2024\/10\/preservativos-gratis-gobierno.jpg\"><img loading=\"lazy\" decoding=\"async\" width=\"887\" height=\"554\" src=\"https:\/\/www.elsindical.com.ar\/notas\/var\/www\/html\/notas\/wp-content\/uploads\/2024\/10\/preservativos-gratis-gobierno.jpg\" alt=\"\" class=\"wp-image-133179\" srcset=\"https:\/\/www.elsindical.com.ar\/notas\/var\/www\/html\/notas\/wp-content\/uploads\/2024\/10\/preservativos-gratis-gobierno.jpg 887w, https:\/\/www.elsindical.com.ar\/notas\/var\/www\/html\/notas\/wp-content\/uploads\/2024\/10\/preservativos-gratis-gobierno-300x187.jpg 300w, https:\/\/www.elsindical.com.ar\/notas\/var\/www\/html\/notas\/wp-content\/uploads\/2024\/10\/preservativos-gratis-gobierno-768x480.jpg 768w, https:\/\/www.elsindical.com.ar\/notas\/var\/www\/html\/notas\/wp-content\/uploads\/2024\/10\/preservativos-gratis-gobierno-480x300.jpg 480w\" sizes=\"auto, (max-width: 887px) 100vw, 887px\" \/><\/a><\/figure>\n\n\n\n<p>En los primeros ocho meses del a\u00f1o se distribuyeron apenas 2 de los casi 80 millones de profil\u00e1cticos gratuitos previstos en el presupuesto. Especialistas advierten que crece el n\u00famero de embarazos no deseados y enfermedades de transmisi\u00f3n sexual.<\/p>\n\n\n\n<p>El ajuste del gobierno de Javier Milei tambi\u00e9n lleg\u00f3 a los programas de salud sexual y reproductiva: en los primeros ocho meses de este a\u00f1o, <strong>el Ministerio de Salud reparti\u00f3 solo 2 de los casi 80 millones de preservativos gratuitos previstos en el presupuesto,<\/strong> y especialistas advierten que est\u00e1 creciendo el n\u00famero de embarazos no deseados y enfermedades de transmisi\u00f3n sexual.<\/p>\n\n\n\n<p>El dato surge de un pedido de acceso a la informaci\u00f3n que hizo el equipo de investigaci\u00f3n de <strong>La Ley de Selva,<\/strong> el programa de Alejandro Bercovich en <strong>C5N,<\/strong> y que revel\u00f3 que hasta el mes de agosto el Gobierno solo hab\u00eda distribuido un 2% de los profil\u00e1cticos destinados a hospitales y centros de salud p\u00fablicos.<\/p>\n\n\n\n<p>\u00abEl Ministerio de Salud redujo, sin anunciarlo, pr\u00e1cticamente a cero la distribuci\u00f3n de preservativos en todo el pa\u00eds, con el agravante de que esto <strong>se produce en un momento en el que los preservativos son m\u00e1s caros de lo habitual:<\/strong> no bajan de $2.000 o $3.000 la caja de tres\u00bb, se\u00f1al\u00f3 el periodista este martes en <strong>La<\/strong> <strong>Ma\u00f1ana.<\/strong><\/p>\n\n\n\n<p>Seg\u00fan detall\u00f3, \u00abse repartieron 2.047.968 preservativos en los primeros ocho meses de este a\u00f1o cuando, solamente por el Programa de Salud Sexual y Reproductiva, deber\u00edan haber repartido 27 millones, y otros 54,7 millones por el Programa de Combate a las Enfermedades de Transmisi\u00f3n Sexual\u00bb.<\/p>\n\n\n\n<p>\u00abEs una decisi\u00f3n en un momento en que el Bolet\u00edn Epidemiol\u00f3gico del Ministerio de Salud da cuenta de un incremento en los contagios de s\u00edfilis. Por cada caso de VIH, hay cinco casos de s\u00edfilis, que est\u00e1 volviendo a expandirse\u00bb, explic\u00f3.<\/p>\n\n\n\n<p>Adem\u00e1s, Bercovich indic\u00f3 que los profil\u00e1cticos que se entregaron durante 2024 \u00abson los que estaban en stock en diciembre del a\u00f1o pasado. <strong>No volvieron a comprar. Ahora queda un stock de 382.608 y no hay iniciado ning\u00fan tr\u00e1mite para que vuelva a haber stock\u00bb,<\/strong> denunci\u00f3.<\/p>\n\n\n\n<p>\u00abPresupuestan para el a\u00f1o que viene el mismo ajuste que se aplic\u00f3 este a\u00f1o. Lo que se est\u00e1 recortando es algo que no reemplaza el sector privado, porque las prepagas y las obras sociales no cumplen\u00bb, concluy\u00f3.<\/p>\n\n\n\n<p><\/p>\n","protected":false},"excerpt":{"rendered":"<p>En los primeros ocho meses del a\u00f1o se distribuyeron apenas 2 de los casi 80 millones de profil\u00e1cticos gratuitos previstos en el presupuesto. Especialistas advierten que crece el n\u00famero de embarazos no deseados y enfermedades de transmisi\u00f3n sexual. El ajuste del gobierno de Javier Milei tambi\u00e9n lleg\u00f3 a los programas de salud sexual y reproductiva:&hellip;<\/p>\n","protected":false},"author":1,"featured_media":133179,"comment_status":"open","ping_status":"open","sticky":false,"template":"","format":"standard","meta":{"footnotes":""},"categories":[6,23],"tags":[24916,3720,2450,28812,4229,43761,7014,43760],"class_list":["post-133178","post","type-post","status-publish","format-standard","has-post-thumbnail","hentry","category-denuncias","category-salud","tag-alejandro-bercovih","tag-c5n","tag-diario-el-sindical","tag-javier-milei","tag-pedido-de-informes","tag-politicas-de-salud-sexual","tag-preservativos","tag-recortes-en-salud"],"_links":{"self":[{"href":"https:\/\/www.elsindical.com.ar\/notas\/wp-json\/wp\/v2\/posts\/133178","targetHints":{"allow":["GET"]}}],"collection":[{"href":"https:\/\/www.elsindical.com.ar\/notas\/wp-json\/wp\/v2\/posts"}],"about":[{"href":"https:\/\/www.elsindical.com.ar\/notas\/wp-json\/wp\/v2\/types\/post"}],"author":[{"embeddable":true,"href":"https:\/\/www.elsindical.com.ar\/notas\/wp-json\/wp\/v2\/users\/1"}],"replies":[{"embeddable":true,"href":"https:\/\/www.elsindical.com.ar\/notas\/wp-json\/wp\/v2\/comments?post=133178"}],"version-history":[{"count":1,"href":"https:\/\/www.elsindical.com.ar\/notas\/wp-json\/wp\/v2\/posts\/133178\/revisions"}],"predecessor-version":[{"id":133180,"href":"https:\/\/www.elsindical.com.ar\/notas\/wp-json\/wp\/v2\/posts\/133178\/revisions\/133180"}],"wp:featuredmedia":[{"embeddable":true,"href":"https:\/\/www.elsindical.com.ar\/notas\/wp-json\/wp\/v2\/media\/133179"}],"wp:attachment":[{"href":"https:\/\/www.elsindical.com.ar\/notas\/wp-json\/wp\/v2\/media?parent=133178"}],"wp:term":[{"taxonomy":"category","embeddable":true,"href":"https:\/\/www.elsindical.com.ar\/notas\/wp-json\/wp\/v2\/categories?post=133178"},{"taxonomy":"post_tag","embeddable":true,"href":"https:\/\/www.elsindical.com.ar\/notas\/wp-json\/wp\/v2\/tags?post=133178"}],"curies":[{"name":"wp","href":"https:\/\/api.w.org\/{rel}","templated":true}]}}