{"id":133174,"date":"2024-10-01T12:56:32","date_gmt":"2024-10-01T15:56:32","guid":{"rendered":"https:\/\/www.elsindical.com.ar\/notas\/?p=133174"},"modified":"2024-10-01T12:56:39","modified_gmt":"2024-10-01T15:56:39","slug":"el-procurador-casal-respaldo-a-los-fiscales-apuntados-por-el-fiscal-general-de-venezuela","status":"publish","type":"post","link":"https:\/\/www.elsindical.com.ar\/notas\/el-procurador-casal-respaldo-a-los-fiscales-apuntados-por-el-fiscal-general-de-venezuela\/","title":{"rendered":"El procurador Casal respald\u00f3 a los fiscales apuntados por el fiscal general de Venezuela"},"content":{"rendered":"<div class=\"wp-block-image\">\n<figure class=\"aligncenter size-full\"><a href=\"https:\/\/www.elsindical.com.ar\/notas\/var\/www\/html\/notas\/wp-content\/uploads\/2024\/10\/Casal-apoyo-a-fiscales-acusados-por-Venezuela-1.jpg\"><img loading=\"lazy\" decoding=\"async\" width=\"921\" height=\"614\" src=\"https:\/\/www.elsindical.com.ar\/notas\/var\/www\/html\/notas\/wp-content\/uploads\/2024\/10\/Casal-apoyo-a-fiscales-acusados-por-Venezuela-1.jpg\" alt=\"\" class=\"wp-image-133175\" srcset=\"https:\/\/www.elsindical.com.ar\/notas\/var\/www\/html\/notas\/wp-content\/uploads\/2024\/10\/Casal-apoyo-a-fiscales-acusados-por-Venezuela-1.jpg 921w, https:\/\/www.elsindical.com.ar\/notas\/var\/www\/html\/notas\/wp-content\/uploads\/2024\/10\/Casal-apoyo-a-fiscales-acusados-por-Venezuela-1-300x200.jpg 300w, https:\/\/www.elsindical.com.ar\/notas\/var\/www\/html\/notas\/wp-content\/uploads\/2024\/10\/Casal-apoyo-a-fiscales-acusados-por-Venezuela-1-768x512.jpg 768w, https:\/\/www.elsindical.com.ar\/notas\/var\/www\/html\/notas\/wp-content\/uploads\/2024\/10\/Casal-apoyo-a-fiscales-acusados-por-Venezuela-1-450x300.jpg 450w\" sizes=\"auto, (max-width: 921px) 100vw, 921px\" \/><\/a><\/figure>\n<\/div>\n\n\n<p>Los fiscales federales Diego Iglesias, Jos\u00e9 Luis Ag\u00fcero Iturbe y Cecilia Incardona se reunieron hoy con el titular del MPF. La fiscal\u00eda venezolana los hab\u00eda se\u00f1alado junto al fiscal federal Carlos Stornelli por su intervenci\u00f3n en diferentes procesos.<\/p>\n\n\n\n<p>El procurador general de la Naci\u00f3n interino, Eduardo Casal, recibi\u00f3 hoy a los fiscales federales Diego Iglesias, Jos\u00e9 Luis Ag\u00fcero Iturbe y Cecilia Incardona para respaldarlos y darles el apoyo del Ministerio P\u00fablico Fiscal frente a la cr\u00edtica p\u00fablica formulada por el fiscal general de la Rep\u00fablica Bolivariana de Venezuela, Tarek William Saab, durante una conferencia de prensa.<\/p>\n\n\n\n<p>Con la presencia del secretario de Coordinaci\u00f3n Institucional de la Procuraci\u00f3n General, Juan Manuel Olima Espel, la reuni\u00f3n se llev\u00f3 a cabo esta ma\u00f1ana en el despacho del titular del MPF, en la sede de la Procuraci\u00f3n General de la Naci\u00f3n sita en Teniente General Per\u00f3n 667 de la ciudad de Buenos Aires.<\/p>\n\n\n\n<p>El fiscal federal Carlos Stornelli, tambi\u00e9n apuntado por el gobierno y la fiscal\u00eda venezolanos, no pudo estar presente en la reuni\u00f3n por razones personales.<\/p>\n\n\n\n<p>Los fiscales Ag\u00fcero Iturbe y Stornelli son quienes impulsaron la causa en la que el juez federal Sebasti\u00e1n Ramos, por orden de la C\u00e1mara Federal porte\u00f1a, dispuso <a href=\"https:\/\/www.fiscales.gob.ar\/fiscalias\/ordenan-la-captura-internacional-del-presidente-de-venezuela-nicolas-maduro-y-de-su-ministro-diosdado-cabello-por-crimenes-de-lesa-humanidad\/\">la detenci\u00f3n del presidente venezolano Nicol\u00e1s Maduro, de uno de sus ministros y de otros catorce funcionarios<\/a> de gobierno. En tanto, la fiscal Incardona y el fiscal Iglesias impulsaron el proceso en el que se investig\u00f3 a la tripulaci\u00f3n del <a href=\"https:\/\/www.fiscales.gob.ar\/fiscalias\/dictaminaron-que-es-procedente-el-pedido-de-decomiso-realizado-por-la-justicia-de-estados-unidos-con-respecto-al-avion-de-origen-irani-venezolano\/\">Boeing 747 operado por la l\u00ednea de carga estatal venezolana Emtrasur y solicitaron su decomiso<\/a>.<\/p>\n\n\n\n<figure class=\"wp-block-image size-full\"><a href=\"https:\/\/www.elsindical.com.ar\/notas\/var\/www\/html\/notas\/wp-content\/uploads\/2024\/10\/Casal-apoyo-a-fiscales-acusados-por-Venezuela-2.jpg\"><img loading=\"lazy\" decoding=\"async\" width=\"921\" height=\"614\" src=\"https:\/\/www.elsindical.com.ar\/notas\/var\/www\/html\/notas\/wp-content\/uploads\/2024\/10\/Casal-apoyo-a-fiscales-acusados-por-Venezuela-2.jpg\" alt=\"\" class=\"wp-image-133176\" srcset=\"https:\/\/www.elsindical.com.ar\/notas\/var\/www\/html\/notas\/wp-content\/uploads\/2024\/10\/Casal-apoyo-a-fiscales-acusados-por-Venezuela-2.jpg 921w, https:\/\/www.elsindical.com.ar\/notas\/var\/www\/html\/notas\/wp-content\/uploads\/2024\/10\/Casal-apoyo-a-fiscales-acusados-por-Venezuela-2-300x200.jpg 300w, https:\/\/www.elsindical.com.ar\/notas\/var\/www\/html\/notas\/wp-content\/uploads\/2024\/10\/Casal-apoyo-a-fiscales-acusados-por-Venezuela-2-768x512.jpg 768w, https:\/\/www.elsindical.com.ar\/notas\/var\/www\/html\/notas\/wp-content\/uploads\/2024\/10\/Casal-apoyo-a-fiscales-acusados-por-Venezuela-2-450x300.jpg 450w\" sizes=\"auto, (max-width: 921px) 100vw, 921px\" \/><\/a><\/figure>\n\n\n\n<p><strong>Fuente: Fiscales.gob.ar<\/strong><\/p>\n","protected":false},"excerpt":{"rendered":"<p>Los fiscales federales Diego Iglesias, Jos\u00e9 Luis Ag\u00fcero Iturbe y Cecilia Incardona se reunieron hoy con el titular del MPF. La fiscal\u00eda venezolana los hab\u00eda se\u00f1alado junto al fiscal federal Carlos Stornelli por su intervenci\u00f3n en diferentes procesos. El procurador general de la Naci\u00f3n interino, Eduardo Casal, recibi\u00f3 hoy a los fiscales federales Diego Iglesias,&hellip;<\/p>\n","protected":false},"author":1,"featured_media":133175,"comment_status":"open","ping_status":"open","sticky":false,"template":"","format":"standard","meta":{"footnotes":""},"categories":[20],"tags":[2450,6693,34175,43757,43758,43759,20271,31501],"class_list":["post-133174","post","type-post","status-publish","format-standard","has-post-thumbnail","hentry","category-judiciales","tag-diario-el-sindical","tag-fiscal-federal-carlos-stornelli","tag-fiscal-federal-cecilia-incardona","tag-fiscal-federal-diego-iglesias","tag-fiscal-federal-jose-luis-aguero-iturbe","tag-fiscal-general-de-venezuela-tarek-william","tag-mpf","tag-procurador-general-de-la-nacion-eduardo-casal"],"_links":{"self":[{"href":"https:\/\/www.elsindical.com.ar\/notas\/wp-json\/wp\/v2\/posts\/133174","targetHints":{"allow":["GET"]}}],"collection":[{"href":"https:\/\/www.elsindical.com.ar\/notas\/wp-json\/wp\/v2\/posts"}],"about":[{"href":"https:\/\/www.elsindical.com.ar\/notas\/wp-json\/wp\/v2\/types\/post"}],"author":[{"embeddable":true,"href":"https:\/\/www.elsindical.com.ar\/notas\/wp-json\/wp\/v2\/users\/1"}],"replies":[{"embeddable":true,"href":"https:\/\/www.elsindical.com.ar\/notas\/wp-json\/wp\/v2\/comments?post=133174"}],"version-history":[{"count":1,"href":"https:\/\/www.elsindical.com.ar\/notas\/wp-json\/wp\/v2\/posts\/133174\/revisions"}],"predecessor-version":[{"id":133177,"href":"https:\/\/www.elsindical.com.ar\/notas\/wp-json\/wp\/v2\/posts\/133174\/revisions\/133177"}],"wp:featuredmedia":[{"embeddable":true,"href":"https:\/\/www.elsindical.com.ar\/notas\/wp-json\/wp\/v2\/media\/133175"}],"wp:attachment":[{"href":"https:\/\/www.elsindical.com.ar\/notas\/wp-json\/wp\/v2\/media?parent=133174"}],"wp:term":[{"taxonomy":"category","embeddable":true,"href":"https:\/\/www.elsindical.com.ar\/notas\/wp-json\/wp\/v2\/categories?post=133174"},{"taxonomy":"post_tag","embeddable":true,"href":"https:\/\/www.elsindical.com.ar\/notas\/wp-json\/wp\/v2\/tags?post=133174"}],"curies":[{"name":"wp","href":"https:\/\/api.w.org\/{rel}","templated":true}]}}