{"id":133172,"date":"2024-10-01T12:40:34","date_gmt":"2024-10-01T15:40:34","guid":{"rendered":"https:\/\/www.elsindical.com.ar\/notas\/?p=133172"},"modified":"2024-10-01T12:40:40","modified_gmt":"2024-10-01T15:40:40","slug":"el-gobierno-cerro-trenes-argentinos-capital-humano-y-el-instituto-argentino-del-transporte","status":"publish","type":"post","link":"https:\/\/www.elsindical.com.ar\/notas\/el-gobierno-cerro-trenes-argentinos-capital-humano-y-el-instituto-argentino-del-transporte\/","title":{"rendered":"El Gobierno cerr\u00f3 Trenes Argentinos Capital Humano y el Instituto Argentino del Transporte"},"content":{"rendered":"<div class=\"wp-block-image\">\n<figure class=\"aligncenter size-full\"><a href=\"https:\/\/www.elsindical.com.ar\/notas\/var\/www\/html\/notas\/wp-content\/uploads\/2024\/08\/Franco-Mogetta.jpg\"><img loading=\"lazy\" decoding=\"async\" width=\"700\" height=\"494\" src=\"https:\/\/www.elsindical.com.ar\/notas\/var\/www\/html\/notas\/wp-content\/uploads\/2024\/08\/Franco-Mogetta.jpg\" alt=\"\" class=\"wp-image-132129\" srcset=\"https:\/\/www.elsindical.com.ar\/notas\/var\/www\/html\/notas\/wp-content\/uploads\/2024\/08\/Franco-Mogetta.jpg 700w, https:\/\/www.elsindical.com.ar\/notas\/var\/www\/html\/notas\/wp-content\/uploads\/2024\/08\/Franco-Mogetta-300x212.jpg 300w, https:\/\/www.elsindical.com.ar\/notas\/var\/www\/html\/notas\/wp-content\/uploads\/2024\/08\/Franco-Mogetta-425x300.jpg 425w\" sizes=\"auto, (max-width: 700px) 100vw, 700px\" \/><\/a><\/figure>\n<\/div>\n\n\n<p>Estos cierres implican la baja de 1.388 contratos y la eliminaci\u00f3n de 23 cargos jer\u00e1rquicos, destaca el secretario de Transporte, Franco Mogetta.<\/p>\n\n\n\n<p><strong>El Gobierno anunci\u00f3 el cierre de Trenes Argentinos Capital Humano y el Instituto Argentino del Transporte, que implica un recorte de casi 1.400 contratos.<\/strong><\/p>\n\n\n\n<p>\u201cCerramos Decahf y el Instituto Argentino del Transporte. <strong>Recorte de 1.388 contratos y eliminaci\u00f3n de 23 cargos jer\u00e1rquicos que solo estaban por acomodo pol\u00edtico<\/strong>\u201c, anunci\u00f3 el secretario de Transporte, Franco Mogetta.<\/p>\n\n\n\n<p>Y precis\u00f3: \u201cEstamos cumpliendo con el mandato de @JMilei de hacer el ajuste en la clase pol\u00edtica\u201d. El anuncio de Mogetta, a trav\u00e9s de la red social X, fue reposteado por Milei.<\/p>\n\n\n\n<figure class=\"wp-block-embed is-type-rich is-provider-twitter wp-block-embed-twitter\"><div class=\"wp-block-embed__wrapper\">\n<blockquote class=\"twitter-tweet\" data-width=\"550\" data-dnt=\"true\"><p lang=\"es\" dir=\"ltr\">Cerramos Decahf y el Instituto Argentino del Transporte. <br><br>Recorte de 1.388 contratos y eliminaci\u00f3n de 23 cargos jer\u00e1rquicos que solo estaban por acomodo pol\u00edtico. <br><br>Estamos cumpliendo con el mandato de <a href=\"https:\/\/twitter.com\/JMilei?ref_src=twsrc%5Etfw\">@JMilei<\/a> de hacer el ajuste en la clase pol\u00edtica. <a href=\"https:\/\/t.co\/02pvBlh43p\">pic.twitter.com\/02pvBlh43p<\/a><\/p>&mdash; Franco Mogetta (@FrancoMogetta) <a href=\"https:\/\/twitter.com\/FrancoMogetta\/status\/1841117722299498647?ref_src=twsrc%5Etfw\">October 1, 2024<\/a><\/blockquote><script async src=\"https:\/\/platform.twitter.com\/widgets.js\" charset=\"utf-8\"><\/script>\n<\/div><\/figure>\n\n\n\n<h2 class=\"wp-block-heading\"><strong>Trenes Argentinos Capital Humano<\/strong><\/h2>\n\n\n\n<p>El Trenes Argentinos Capital Humano (DECAHF) <strong>era una empresa estatal ferroviaria que no operaba trenes, sino personal<\/strong>. Mogetta se\u00f1al\u00f3:&nbsp;\u201cEstamos reduciendo el gasto camino a reducir el d\u00e9ficit por instrucci\u00f3n del Presidente (Javier Milei)\u201d.<\/p>\n\n\n\n<p>\u201cCerrar de DECAHF, una empresa ferroviaria que no operaba trenes y que estaban duplicada las dem\u00e1s empresas, representa una baja de 1.388 puestos de trabajo menos\u201d,&nbsp;a\u00f1adi\u00f3 y dijo que este cierre \u201csupone un ahorro para el estado de 42 mil millones anuales\u201d.<\/p>\n\n\n\n<p>Seg\u00fan la resoluci\u00f3n&nbsp;que se dio a conocer este martes, <strong>la medida constituye un ahorro para el Estado de 42.000 millones de pesos anuales, a partir de la reducci\u00f3n de 1.388 empleados duplicados y la eliminaci\u00f3n de 23 cargos jer\u00e1rquicos<\/strong> que cobraban promedio entre 2 y 4 millones de pesos mensuales.<\/p>\n\n\n\n<h2 class=\"wp-block-heading\">Instituto Argentino del Transporte<\/h2>\n\n\n\n<p><strong>El&nbsp;Instituto Argentino del Transporte&nbsp;(I.A.T.), creado en 2014 con la misi\u00f3n de asesorar en la planificaci\u00f3n estrat\u00e9gica del transporte en Argentina<\/strong>, fue&nbsp;oficialmente disuelto a trav\u00e9s del Decreto 870\/2024.<\/p>\n\n\n\n<p><strong>El I.A.T. fue creado mediante el Decreto N\u00ba 1004\/14 por la ex presidenta&nbsp;Cristina Kirchner&nbsp;y su ministro&nbsp;Florencio Randazzo&nbsp;con el objetivo de integrar los sectores p\u00fablico y privado en la planificaci\u00f3n del transporte, promover la investigaci\u00f3n en esta \u00e1rea y colaborar con el Ministerio del Interior y Transporte en la elaboraci\u00f3n de programas de mejora.<\/strong><\/p>\n\n\n\n<p>Seg\u00fan el documento, la existencia del Instituto no se consideraba necesaria, ya que sus tareas pod\u00edan ser asumidas por otras dependencias que ya estaban operando en el \u00e1mbito del transporte.&nbsp;<\/p>\n","protected":false},"excerpt":{"rendered":"<p>Estos cierres implican la baja de 1.388 contratos y la eliminaci\u00f3n de 23 cargos jer\u00e1rquicos, destaca el secretario de Transporte, Franco Mogetta. El Gobierno anunci\u00f3 el cierre de Trenes Argentinos Capital Humano y el Instituto Argentino del Transporte, que implica un recorte de casi 1.400 contratos. \u201cCerramos Decahf y el Instituto Argentino del Transporte. Recorte&hellip;<\/p>\n","protected":false},"author":1,"featured_media":132129,"comment_status":"open","ping_status":"open","sticky":false,"template":"","format":"standard","meta":{"footnotes":""},"categories":[13],"tags":[53,2450,42495,43756,43755,40702],"class_list":["post-133172","post","type-post","status-publish","format-standard","has-post-thumbnail","hentry","category-politica","tag-despidos","tag-diario-el-sindical","tag-franco-mogetta","tag-instituto-argentino-del-transporte","tag-trenes-argentinos-capital-humano","tag-x"],"_links":{"self":[{"href":"https:\/\/www.elsindical.com.ar\/notas\/wp-json\/wp\/v2\/posts\/133172","targetHints":{"allow":["GET"]}}],"collection":[{"href":"https:\/\/www.elsindical.com.ar\/notas\/wp-json\/wp\/v2\/posts"}],"about":[{"href":"https:\/\/www.elsindical.com.ar\/notas\/wp-json\/wp\/v2\/types\/post"}],"author":[{"embeddable":true,"href":"https:\/\/www.elsindical.com.ar\/notas\/wp-json\/wp\/v2\/users\/1"}],"replies":[{"embeddable":true,"href":"https:\/\/www.elsindical.com.ar\/notas\/wp-json\/wp\/v2\/comments?post=133172"}],"version-history":[{"count":1,"href":"https:\/\/www.elsindical.com.ar\/notas\/wp-json\/wp\/v2\/posts\/133172\/revisions"}],"predecessor-version":[{"id":133173,"href":"https:\/\/www.elsindical.com.ar\/notas\/wp-json\/wp\/v2\/posts\/133172\/revisions\/133173"}],"wp:featuredmedia":[{"embeddable":true,"href":"https:\/\/www.elsindical.com.ar\/notas\/wp-json\/wp\/v2\/media\/132129"}],"wp:attachment":[{"href":"https:\/\/www.elsindical.com.ar\/notas\/wp-json\/wp\/v2\/media?parent=133172"}],"wp:term":[{"taxonomy":"category","embeddable":true,"href":"https:\/\/www.elsindical.com.ar\/notas\/wp-json\/wp\/v2\/categories?post=133172"},{"taxonomy":"post_tag","embeddable":true,"href":"https:\/\/www.elsindical.com.ar\/notas\/wp-json\/wp\/v2\/tags?post=133172"}],"curies":[{"name":"wp","href":"https:\/\/api.w.org\/{rel}","templated":true}]}}