{"id":133170,"date":"2024-10-01T12:34:52","date_gmt":"2024-10-01T15:34:52","guid":{"rendered":"https:\/\/www.elsindical.com.ar\/notas\/?p=133170"},"modified":"2024-10-01T12:34:57","modified_gmt":"2024-10-01T15:34:57","slug":"la-tarifa-de-edesur-aumenta-un-27-en-octubre","status":"publish","type":"post","link":"https:\/\/www.elsindical.com.ar\/notas\/la-tarifa-de-edesur-aumenta-un-27-en-octubre\/","title":{"rendered":"La tarifa de Edesur aumenta un 2,7% en octubre"},"content":{"rendered":"\n<figure class=\"wp-block-image size-large\"><a href=\"https:\/\/www.elsindical.com.ar\/notas\/var\/www\/html\/notas\/wp-content\/uploads\/2023\/11\/facturas-EDESUR.jpg\"><img loading=\"lazy\" decoding=\"async\" width=\"1024\" height=\"576\" src=\"https:\/\/www.elsindical.com.ar\/notas\/var\/www\/html\/notas\/wp-content\/uploads\/2023\/11\/facturas-EDESUR-1024x576.jpg\" alt=\"\" class=\"wp-image-126406\" srcset=\"https:\/\/www.elsindical.com.ar\/notas\/var\/www\/html\/notas\/wp-content\/uploads\/2023\/11\/facturas-EDESUR-1024x576.jpg 1024w, https:\/\/www.elsindical.com.ar\/notas\/var\/www\/html\/notas\/wp-content\/uploads\/2023\/11\/facturas-EDESUR-300x169.jpg 300w, https:\/\/www.elsindical.com.ar\/notas\/var\/www\/html\/notas\/wp-content\/uploads\/2023\/11\/facturas-EDESUR-768x432.jpg 768w, https:\/\/www.elsindical.com.ar\/notas\/var\/www\/html\/notas\/wp-content\/uploads\/2023\/11\/facturas-EDESUR-500x281.jpg 500w, https:\/\/www.elsindical.com.ar\/notas\/var\/www\/html\/notas\/wp-content\/uploads\/2023\/11\/facturas-EDESUR-460x260.jpg 460w, https:\/\/www.elsindical.com.ar\/notas\/var\/www\/html\/notas\/wp-content\/uploads\/2023\/11\/facturas-EDESUR.jpg 1200w\" sizes=\"auto, (max-width: 1024px) 100vw, 1024px\" \/><\/a><\/figure>\n\n\n\n<p>El Gobierno aprob\u00f3 los nuevos cuadros tarifarios de Edesur, que se aplicar\u00e1n desde este mes en el AMBA.<\/p>\n\n\n\n<p><strong>El Gobierno aprob\u00f3 los nuevos cuadros tarifarios de luz <\/strong>que regir\u00e1n desde octubre, haciendo efectivo el traslado a las facturas de&nbsp;la actualizaci\u00f3n de los precios estacionales de la energ\u00eda&nbsp;dispuesto previamente por la Secretar\u00eda de Energ\u00eda.<\/p>\n\n\n\n<p>El Ente Nacional Regulador de la Electricidad (ENRE), convalid\u00f3 la actualizaci\u00f3n del <strong>esquema tarifario de la luz que aplicar\u00e1n desde este mes la distribuidora Edesur en el \u00c1rea Metropolitana de Buenos Aires<\/strong> (AMBA).<\/p>\n\n\n\n<p>En las normas reglamentarias se especific\u00f3 que&nbsp;<strong>\u201cla tarifa a usuario final deber\u00e1 ser incrementada en un 2,7%<\/strong>, debi\u00e9ndose entonces reflejar de ese modo las actualizaciones de los precios PEST y las tarifas de transporte y distribuci\u00f3n de energ\u00eda el\u00e9ctrica en su incidencia correspondiente para alcanzar tal resultado\u201d.<\/p>\n\n\n\n<p>Como se explica, queda efectivizado el traslado a las facturas del ajuste en el Precio Estacional de la Energ\u00eda El\u00e9ctrica (PEST), que la Secretar\u00eda de Energ\u00eda fij\u00f3&nbsp;a partir de octubre entre $63.187 y $66.885 por kWh&nbsp;para los usuarios de ingresos altos y comercios e industrias.<\/p>\n\n\n\n<p>De esta manera, el texto oficial precis\u00f3 que&nbsp;\u201cen octubre 2024 la factura promedio antes de impuestos de los usuarios R-Nivel 1 altos ingresos, R-Nivel 2 ingresos bajos y R-Nivel 3 ingresos medios&nbsp;aumentan en promedio con respecto al cuadro vigente a septiembre 2024 un 2,7%\u201d.<\/p>\n\n\n\n<p><strong>Con ese ajuste, la tarifa media de la distribuidora Edesur pasa a ubicarse en el orden de los&nbsp;$101,820 por kWh.<\/strong><\/p>\n\n\n\n<p>Asimismo, se aclar\u00f3 que este mes los usuarios de ingresos medios de los segmentos R1 y R2 que consumen hasta 400 kWh\/mes abonar\u00edan en promedio un 43% menos que los usuarios de ingresos altos de los mismos segmentos, mientras que los de ingresos bajos abonar\u00edan un 55% menos que los consumidores N1 en los mencionados segmentos.<\/p>\n\n\n\n<p>En este aspecto, el ENRE puntualiz\u00f3 que en el nivel de ingresos bajos de los segmentos R1 y R2 se ubican 815.000 usuarios, lo que representan el 35% de los usuarios de Edesur.<\/p>\n\n\n\n<p>El organismo tambi\u00e9n comunic\u00f3 los nuevos cargos de transporte establecidos en el Contrato de Concesi\u00f3n para cada tipo de equipamiento y tensiones que regir\u00e1n desde octubre junto con el Promedio de las Sanciones Mensuales Hist\u00f3ricas que se aplicar\u00e1n a las transportistas Transcomahue, Transnea, Transnoa, Transba, Transpa, Epen, Distrocuyo y Transener.<\/p>\n","protected":false},"excerpt":{"rendered":"<p>El Gobierno aprob\u00f3 los nuevos cuadros tarifarios de Edesur, que se aplicar\u00e1n desde este mes en el AMBA. El Gobierno aprob\u00f3 los nuevos cuadros tarifarios de luz que regir\u00e1n desde octubre, haciendo efectivo el traslado a las facturas de&nbsp;la actualizaci\u00f3n de los precios estacionales de la energ\u00eda&nbsp;dispuesto previamente por la Secretar\u00eda de Energ\u00eda. El Ente&hellip;<\/p>\n","protected":false},"author":1,"featured_media":126406,"comment_status":"open","ping_status":"open","sticky":false,"template":"","format":"standard","meta":{"footnotes":""},"categories":[9],"tags":[42598,2450,22023,374,3764],"class_list":["post-133170","post","type-post","status-publish","format-standard","has-post-thumbnail","hentry","category-economia","tag-aumentos-de-tarifas","tag-diario-el-sindical","tag-economia","tag-edesur","tag-enre"],"_links":{"self":[{"href":"https:\/\/www.elsindical.com.ar\/notas\/wp-json\/wp\/v2\/posts\/133170","targetHints":{"allow":["GET"]}}],"collection":[{"href":"https:\/\/www.elsindical.com.ar\/notas\/wp-json\/wp\/v2\/posts"}],"about":[{"href":"https:\/\/www.elsindical.com.ar\/notas\/wp-json\/wp\/v2\/types\/post"}],"author":[{"embeddable":true,"href":"https:\/\/www.elsindical.com.ar\/notas\/wp-json\/wp\/v2\/users\/1"}],"replies":[{"embeddable":true,"href":"https:\/\/www.elsindical.com.ar\/notas\/wp-json\/wp\/v2\/comments?post=133170"}],"version-history":[{"count":1,"href":"https:\/\/www.elsindical.com.ar\/notas\/wp-json\/wp\/v2\/posts\/133170\/revisions"}],"predecessor-version":[{"id":133171,"href":"https:\/\/www.elsindical.com.ar\/notas\/wp-json\/wp\/v2\/posts\/133170\/revisions\/133171"}],"wp:featuredmedia":[{"embeddable":true,"href":"https:\/\/www.elsindical.com.ar\/notas\/wp-json\/wp\/v2\/media\/126406"}],"wp:attachment":[{"href":"https:\/\/www.elsindical.com.ar\/notas\/wp-json\/wp\/v2\/media?parent=133170"}],"wp:term":[{"taxonomy":"category","embeddable":true,"href":"https:\/\/www.elsindical.com.ar\/notas\/wp-json\/wp\/v2\/categories?post=133170"},{"taxonomy":"post_tag","embeddable":true,"href":"https:\/\/www.elsindical.com.ar\/notas\/wp-json\/wp\/v2\/tags?post=133170"}],"curies":[{"name":"wp","href":"https:\/\/api.w.org\/{rel}","templated":true}]}}