{"id":133103,"date":"2024-09-27T23:55:52","date_gmt":"2024-09-28T02:55:52","guid":{"rendered":"https:\/\/www.elsindical.com.ar\/notas\/?p=133103"},"modified":"2024-09-27T23:55:58","modified_gmt":"2024-09-28T02:55:58","slug":"victoria-villarruel-cuestiono-el-acuerdo-del-gobierno-con-el-reino-unido-por-las-islas-malvinas-nos-toman-por-tontos","status":"publish","type":"post","link":"https:\/\/www.elsindical.com.ar\/notas\/victoria-villarruel-cuestiono-el-acuerdo-del-gobierno-con-el-reino-unido-por-las-islas-malvinas-nos-toman-por-tontos\/","title":{"rendered":"Victoria Villarruel cuestion\u00f3 el acuerdo del Gobierno con el Reino Unido por las Islas Malvinas: \u00ab\u00bfNos toman por tontos?\u00bb"},"content":{"rendered":"\n<figure class=\"wp-block-image size-large\"><a href=\"https:\/\/www.elsindical.com.ar\/notas\/var\/www\/html\/notas\/wp-content\/uploads\/2024\/09\/Victoria-Villaruel-vicepresidente.jpg\"><img loading=\"lazy\" decoding=\"async\" width=\"1024\" height=\"553\" src=\"https:\/\/www.elsindical.com.ar\/notas\/var\/www\/html\/notas\/wp-content\/uploads\/2024\/09\/Victoria-Villaruel-vicepresidente-1024x553.jpg\" alt=\"\" class=\"wp-image-133105\" srcset=\"https:\/\/www.elsindical.com.ar\/notas\/var\/www\/html\/notas\/wp-content\/uploads\/2024\/09\/Victoria-Villaruel-vicepresidente-1024x553.jpg 1024w, https:\/\/www.elsindical.com.ar\/notas\/var\/www\/html\/notas\/wp-content\/uploads\/2024\/09\/Victoria-Villaruel-vicepresidente-300x162.jpg 300w, https:\/\/www.elsindical.com.ar\/notas\/var\/www\/html\/notas\/wp-content\/uploads\/2024\/09\/Victoria-Villaruel-vicepresidente-768x415.jpg 768w, https:\/\/www.elsindical.com.ar\/notas\/var\/www\/html\/notas\/wp-content\/uploads\/2024\/09\/Victoria-Villaruel-vicepresidente-500x270.jpg 500w, https:\/\/www.elsindical.com.ar\/notas\/var\/www\/html\/notas\/wp-content\/uploads\/2024\/09\/Victoria-Villaruel-vicepresidente.jpg 1200w\" sizes=\"auto, (max-width: 1024px) 100vw, 1024px\" \/><\/a><\/figure>\n\n\n\n<p class=\"wp-block-paragraph\">Seg\u00fan la vicepresidenta, la propuesta \u00abes contraria a los intereses de nuestra Naci\u00f3n\u00bb porque propone \u00abentregar apoyo log\u00edstico continental a la ocupaci\u00f3n y permitir que puedan seguir depredando nuestros mares\u00bb.<\/p>\n\n\n\n<p class=\"wp-block-paragraph\"><strong>Victoria Villarruel <\/strong>cuestion\u00f3 este viernes el acuerdo del Gobierno con el Reino Unido para la <strong>reapertura del di\u00e1logo por las Islas Malvinas<\/strong>, sosteniendo que la propuesta \u00abes contraria a los intereses de nuestra Naci\u00f3n\u00bb dado que se plantea <strong>\u00abcooperar con la potencia que usurpa nuestro territorio\u00bb.<\/strong><\/p>\n\n\n\n<figure class=\"wp-block-image size-large\"><a href=\"https:\/\/www.elsindical.com.ar\/notas\/var\/www\/html\/notas\/wp-content\/uploads\/2024\/09\/Mondino-y-Lammy.jpg\"><img loading=\"lazy\" decoding=\"async\" width=\"1024\" height=\"576\" src=\"https:\/\/www.elsindical.com.ar\/notas\/var\/www\/html\/notas\/wp-content\/uploads\/2024\/09\/Mondino-y-Lammy-1024x576.jpg\" alt=\"\" class=\"wp-image-133104\" srcset=\"https:\/\/www.elsindical.com.ar\/notas\/var\/www\/html\/notas\/wp-content\/uploads\/2024\/09\/Mondino-y-Lammy-1024x576.jpg 1024w, https:\/\/www.elsindical.com.ar\/notas\/var\/www\/html\/notas\/wp-content\/uploads\/2024\/09\/Mondino-y-Lammy-300x169.jpg 300w, https:\/\/www.elsindical.com.ar\/notas\/var\/www\/html\/notas\/wp-content\/uploads\/2024\/09\/Mondino-y-Lammy-768x432.jpg 768w, https:\/\/www.elsindical.com.ar\/notas\/var\/www\/html\/notas\/wp-content\/uploads\/2024\/09\/Mondino-y-Lammy-500x281.jpg 500w, https:\/\/www.elsindical.com.ar\/notas\/var\/www\/html\/notas\/wp-content\/uploads\/2024\/09\/Mondino-y-Lammy-460x260.jpg 460w, https:\/\/www.elsindical.com.ar\/notas\/var\/www\/html\/notas\/wp-content\/uploads\/2024\/09\/Mondino-y-Lammy.jpg 1280w\" sizes=\"auto, (max-width: 1024px) 100vw, 1024px\" \/><\/a><\/figure>\n\n\n\n<p class=\"wp-block-paragraph\">El martes pasado, la canciller <strong>Diana Mondino<\/strong> firm\u00f3 un acuerdo en Nueva York con su par de Gran Breta\u00f1a, <strong>David Lammy,<\/strong> para acercar posiciones respecto del diferendo de Malvinas, y la noticia fue presentada por el Gobierno como un <strong>\u00abavance diplom\u00e1tico\u00bb.<\/strong><\/p>\n\n\n\n<p class=\"wp-block-paragraph\">Sin embargo, Villarruel se encarg\u00f3 de marcar que existe<strong> una grieta al interior del espacio libertario<\/strong> en torno a un acuerdo que en la pr\u00e1ctica le otorga beneficios al pa\u00eds brit\u00e1nico. \u00abTodos saben lo que representa Malvinas para m\u00ed y que <strong>ese es mi l\u00edmite y me obliga a expedirme<\/strong>. La propuesta de acuerdo anunciada con el Reino Unido es contraria a los intereses de nuestra Naci\u00f3n\u00bb, consider\u00f3 la titular del Senado en sus redes sociales.<\/p>\n\n\n\n<p class=\"wp-block-paragraph\">\u00abEsta propone <strong>entregar apoyo log\u00edstico continental a la ocupaci\u00f3n <\/strong>y permitir de hecho que puedan seguir <strong>depredando nuestros mares<\/strong>, \u00bfPara qu\u00e9? \u00bfPara ir a visitar nuestras islas con visa y pasaporte? <strong>\u00bfNos toman por tontos?<\/strong>\u00ab, dispar\u00f3.<\/p>\n\n\n\n<p class=\"wp-block-paragraph\">Seg\u00fan dijo, \u00abellos obtienen <strong>ventajas materiales, concretas e inmediatas<\/strong>, mientras que a nosotros <strong>nos ofrecen migajas <\/strong>como consuelo emotivo y debilitan nuestra posibilidad de negociaci\u00f3n\u00bb.<\/p>\n\n\n\n<h2 class=\"wp-block-heading\">El acuerdo Argentina-Reino Unido por las Islas Malvinas<\/h2>\n\n\n\n<p class=\"wp-block-paragraph\">El punto m\u00e1s saliente del acuerdo es el <strong>restablecimiento de un vuelo regular <\/strong>desde San Pablo (Brasil) a las islas Malvinas, con una escala mensual en C\u00f3rdoba, que hab\u00eda sido suspendido.<\/p>\n\n\n\n<p class=\"wp-block-paragraph\">Otro eje central es <strong>\u00aborganizar un viaje de familiares de ca\u00eddos a las Isl<\/strong>as antes de fin de 2024, para que puedan visitar las tumbas de los soldados que all\u00ed descansan\u00bb, seg\u00fan lo informado por Canciller\u00eda, desde donde agregaron: \u00abTambi\u00e9n se estableci\u00f3 la necesidad de <strong>avanzar con medidas concretas<\/strong> en materia de conservaci\u00f3n de pesquer\u00edas\u00bb.<\/p>\n\n\n\n<p class=\"wp-block-paragraph\">Para Villarruel, \u00abresulta ins\u00f3lito que mientras los EEUU nos ofrecen buques guardacostas para proteger nuestro mar argentino del pillaje extracontinental, nosotros propongamos <strong>cooperar con la potencia que usurpa nuestro territorio\u00bb.<\/strong><\/p>\n\n\n\n<p class=\"wp-block-paragraph\">\u00abEstas no son palabras contra nuestro gobierno, sin embargo, es inevitable expedirme sobre este acuerdo, ya que es un tema que <strong>toca cada fibra de mi identidad <\/strong>y pone en juego los intereses permanentes de nuestra gran Naci\u00f3n. Porque somos amigos de todos, pero primero de la Patria\u00bb, aclar\u00f3.<\/p>\n","protected":false},"excerpt":{"rendered":"<p>Seg\u00fan la vicepresidenta, la propuesta \u00abes contraria a los intereses de nuestra Naci\u00f3n\u00bb porque propone \u00abentregar apoyo log\u00edstico continental a la ocupaci\u00f3n y permitir que puedan seguir depredando nuestros mares\u00bb. Victoria Villarruel cuestion\u00f3 este viernes el acuerdo del Gobierno con el Reino Unido para la reapertura del di\u00e1logo por las Islas Malvinas, sosteniendo que la&hellip;<\/p>\n","protected":false},"author":1,"featured_media":133105,"comment_status":"open","ping_status":"open","sticky":false,"template":"","format":"standard","meta":{"footnotes":""},"categories":[13],"tags":[926,43740,41056,2450,3692,28812,40812],"class_list":["post-133103","post","type-post","status-publish","format-standard","has-post-thumbnail","hentry","category-politica","tag-acuerdo","tag-david-lammy","tag-diana-mondino","tag-diario-el-sindical","tag-islas-malvinas","tag-javier-milei","tag-victoria-villaruel"],"_links":{"self":[{"href":"https:\/\/www.elsindical.com.ar\/notas\/wp-json\/wp\/v2\/posts\/133103","targetHints":{"allow":["GET"]}}],"collection":[{"href":"https:\/\/www.elsindical.com.ar\/notas\/wp-json\/wp\/v2\/posts"}],"about":[{"href":"https:\/\/www.elsindical.com.ar\/notas\/wp-json\/wp\/v2\/types\/post"}],"author":[{"embeddable":true,"href":"https:\/\/www.elsindical.com.ar\/notas\/wp-json\/wp\/v2\/users\/1"}],"replies":[{"embeddable":true,"href":"https:\/\/www.elsindical.com.ar\/notas\/wp-json\/wp\/v2\/comments?post=133103"}],"version-history":[{"count":1,"href":"https:\/\/www.elsindical.com.ar\/notas\/wp-json\/wp\/v2\/posts\/133103\/revisions"}],"predecessor-version":[{"id":133106,"href":"https:\/\/www.elsindical.com.ar\/notas\/wp-json\/wp\/v2\/posts\/133103\/revisions\/133106"}],"wp:featuredmedia":[{"embeddable":true,"href":"https:\/\/www.elsindical.com.ar\/notas\/wp-json\/wp\/v2\/media\/133105"}],"wp:attachment":[{"href":"https:\/\/www.elsindical.com.ar\/notas\/wp-json\/wp\/v2\/media?parent=133103"}],"wp:term":[{"taxonomy":"category","embeddable":true,"href":"https:\/\/www.elsindical.com.ar\/notas\/wp-json\/wp\/v2\/categories?post=133103"},{"taxonomy":"post_tag","embeddable":true,"href":"https:\/\/www.elsindical.com.ar\/notas\/wp-json\/wp\/v2\/tags?post=133103"}],"curies":[{"name":"wp","href":"https:\/\/api.w.org\/{rel}","templated":true}]}}