{"id":133094,"date":"2024-09-27T13:05:12","date_gmt":"2024-09-27T16:05:12","guid":{"rendered":"https:\/\/www.elsindical.com.ar\/notas\/?p=133094"},"modified":"2024-09-27T13:05:18","modified_gmt":"2024-09-27T16:05:18","slug":"avellaneda-el-concejo-rechazo-el-proyecto-del-gobierno-nacional-de-bajar-la-edad-de-imputabilidad","status":"publish","type":"post","link":"https:\/\/www.elsindical.com.ar\/notas\/avellaneda-el-concejo-rechazo-el-proyecto-del-gobierno-nacional-de-bajar-la-edad-de-imputabilidad\/","title":{"rendered":"Avellaneda: El Concejo rechaz\u00f3 el proyecto del Gobierno Nacional de bajar la edad de imputabilidad"},"content":{"rendered":"<div class=\"wp-block-image\">\n<figure class=\"aligncenter size-full\"><a href=\"https:\/\/www.elsindical.com.ar\/notas\/var\/www\/html\/notas\/wp-content\/uploads\/2024\/09\/HCD-Avellaneda-sep-2024.jpg\"><img loading=\"lazy\" decoding=\"async\" width=\"750\" height=\"427\" src=\"https:\/\/www.elsindical.com.ar\/notas\/var\/www\/html\/notas\/wp-content\/uploads\/2024\/09\/HCD-Avellaneda-sep-2024.jpg\" alt=\"\" class=\"wp-image-133095\" srcset=\"https:\/\/www.elsindical.com.ar\/notas\/var\/www\/html\/notas\/wp-content\/uploads\/2024\/09\/HCD-Avellaneda-sep-2024.jpg 750w, https:\/\/www.elsindical.com.ar\/notas\/var\/www\/html\/notas\/wp-content\/uploads\/2024\/09\/HCD-Avellaneda-sep-2024-300x171.jpg 300w, https:\/\/www.elsindical.com.ar\/notas\/var\/www\/html\/notas\/wp-content\/uploads\/2024\/09\/HCD-Avellaneda-sep-2024-500x285.jpg 500w, https:\/\/www.elsindical.com.ar\/notas\/var\/www\/html\/notas\/wp-content\/uploads\/2024\/09\/HCD-Avellaneda-sep-2024-220x126.jpg 220w\" sizes=\"auto, (max-width: 750px) 100vw, 750px\" \/><\/a><\/figure>\n<\/div>\n\n\n<p>Entre varias pol\u00e9micas, el Concejo rechaz\u00f3 el proyecto del Gobierno Nacional de bajar la edad de imputabilidad<br><br>La declaraci\u00f3n de rechazo impulsada por el oficialismo cont\u00f3 con aireadas discusiones. Mientras tanto, el concejal Arnaldo D\u00edaz, que d\u00edas atr\u00e1s hab\u00eda sido expulsado p\u00fablicamente de LLA, particip\u00f3 de la sesi\u00f3n con normalidad y ocup\u00f3 la banca del partido.<br><br>En una jornada llena de pol\u00e9micas y discusiones, el Concejo Deliberante de Avellaneda llev\u00f3 adelante la 15\u00ba sesi\u00f3n ordinaria.<br><br>El momento de mayor temperatura lo tuvo la declaraci\u00f3n de rechazo al proyecto de ley que impulsa el Gobierno Nacional sobre bajar la edad de imputabilidad a los 13 a\u00f1os.<br><br>El oficialismo logr\u00f3 manifestar el repudio a esta medida, la cual cont\u00f3 con un rechazo de los bloque opositores de Juntos por el Cambio y de La Libertad Avanza.<br><br>En esa misma direcci\u00f3n gir\u00f3 la discusi\u00f3n a la hora de la declaraci\u00f3n promovida por el bloque de Uni\u00f3n por la Patria que pidi\u00f3 por \u201cuna Avellaneda libre de negaciones\u201d y declarar personas no gratas a quienes hagan declaraciones p\u00fablicas negando las consecuencias de la dictadura c\u00edvico militar.<br><br>Tambi\u00e9n trajo fuertes discusiones, la creaci\u00f3n del programa \u00abAvellaneda sobre ruedas\u00bb, el cual otorgar\u00e1 bicicletas a los alumnos de las escuelas del municipio.<br><br>La iniciativa impulsada por el Ejecutivo local, logr\u00f3 ser aprobada con los votos oficialistas, aunque no cont\u00f3 con el apoyo del arco opositor.<br><br>Entre las propuestas que tambi\u00e9n fueron aprobadas se encuentran la creaci\u00f3n del beneficio para inversiones industriales, la declaraci\u00f3n de inter\u00e9s legislativo a la novela \u201cNo pidas permiso\u201d, de la escritora Ana Beatriz Romasco y al libro \u201cEvoluci\u00f3n y producci\u00f3n cultural en el Partido de Avellaneda. Tomo 2\u201d de Antonio Hugo Caruso.<br><br>Por otra parte, la particularidad de la jornada se la llev\u00f3 el concejal Arnaldo \u201cPepo\u201d D\u00edaz, quien pese a haber sido expulsado de La Libertad Avanza, ocup\u00f3 su banca del partido.<br><br>Si bien se especulaba que D\u00edaz iba a anunciar la creaci\u00f3n de un monobloque distanciado de LLA, nada de eso ocurri\u00f3.<\/p>\n","protected":false},"excerpt":{"rendered":"<p>Entre varias pol\u00e9micas, el Concejo rechaz\u00f3 el proyecto del Gobierno Nacional de bajar la edad de imputabilidad La declaraci\u00f3n de rechazo impulsada por el oficialismo cont\u00f3 con aireadas discusiones. Mientras tanto, el concejal Arnaldo D\u00edaz, que d\u00edas atr\u00e1s hab\u00eda sido expulsado p\u00fablicamente de LLA, particip\u00f3 de la sesi\u00f3n con normalidad y ocup\u00f3 la banca del&hellip;<\/p>\n","protected":false},"author":1,"featured_media":133095,"comment_status":"open","ping_status":"open","sticky":false,"template":"","format":"standard","meta":{"footnotes":""},"categories":[13],"tags":[43737,40336,461,43735,2450,19428,40628,43736,43738],"class_list":["post-133094","post","type-post","status-publish","format-standard","has-post-thumbnail","hentry","category-politica","tag-ana-beatriz-romasco","tag-arnaldo-pepo-diaz","tag-avellaneda","tag-baja-edad-de-imputabilidad","tag-diario-el-sindical","tag-hcd-avellaneda","tag-lla","tag-novela-no-pidas-permiso","tag-personas-no-gratas"],"_links":{"self":[{"href":"https:\/\/www.elsindical.com.ar\/notas\/wp-json\/wp\/v2\/posts\/133094","targetHints":{"allow":["GET"]}}],"collection":[{"href":"https:\/\/www.elsindical.com.ar\/notas\/wp-json\/wp\/v2\/posts"}],"about":[{"href":"https:\/\/www.elsindical.com.ar\/notas\/wp-json\/wp\/v2\/types\/post"}],"author":[{"embeddable":true,"href":"https:\/\/www.elsindical.com.ar\/notas\/wp-json\/wp\/v2\/users\/1"}],"replies":[{"embeddable":true,"href":"https:\/\/www.elsindical.com.ar\/notas\/wp-json\/wp\/v2\/comments?post=133094"}],"version-history":[{"count":1,"href":"https:\/\/www.elsindical.com.ar\/notas\/wp-json\/wp\/v2\/posts\/133094\/revisions"}],"predecessor-version":[{"id":133096,"href":"https:\/\/www.elsindical.com.ar\/notas\/wp-json\/wp\/v2\/posts\/133094\/revisions\/133096"}],"wp:featuredmedia":[{"embeddable":true,"href":"https:\/\/www.elsindical.com.ar\/notas\/wp-json\/wp\/v2\/media\/133095"}],"wp:attachment":[{"href":"https:\/\/www.elsindical.com.ar\/notas\/wp-json\/wp\/v2\/media?parent=133094"}],"wp:term":[{"taxonomy":"category","embeddable":true,"href":"https:\/\/www.elsindical.com.ar\/notas\/wp-json\/wp\/v2\/categories?post=133094"},{"taxonomy":"post_tag","embeddable":true,"href":"https:\/\/www.elsindical.com.ar\/notas\/wp-json\/wp\/v2\/tags?post=133094"}],"curies":[{"name":"wp","href":"https:\/\/api.w.org\/{rel}","templated":true}]}}