{"id":133067,"date":"2024-09-26T22:53:14","date_gmt":"2024-09-27T01:53:14","guid":{"rendered":"https:\/\/www.elsindical.com.ar\/notas\/?p=133067"},"modified":"2024-09-26T22:53:22","modified_gmt":"2024-09-27T01:53:22","slug":"los-gremios-de-patrones-y-oficiales-fluviales-y-de-conductores-navales-se-declararon-en-alerta-y-movilizacion-por-la-privatizacion-encubierta-de-la-escuela-nacional","status":"publish","type":"post","link":"https:\/\/www.elsindical.com.ar\/notas\/los-gremios-de-patrones-y-oficiales-fluviales-y-de-conductores-navales-se-declararon-en-alerta-y-movilizacion-por-la-privatizacion-encubierta-de-la-escuela-nacional\/","title":{"rendered":"Los gremios de Patrones y Oficiales Fluviales y de Conductores Navales se declararon en \u201calerta y movilizaci\u00f3n\u201d por la \u201cprivatizaci\u00f3n encubierta\u201d de la Escuela Nacional de Pesca"},"content":{"rendered":"<div class=\"wp-block-image\">\n<figure class=\"aligncenter size-full is-resized\"><a href=\"https:\/\/www.elsindical.com.ar\/notas\/var\/www\/html\/notas\/wp-content\/uploads\/2024\/09\/Escuela-Nacional-de-Pesca.jpeg\"><img loading=\"lazy\" decoding=\"async\" width=\"646\" height=\"428\" src=\"https:\/\/www.elsindical.com.ar\/notas\/var\/www\/html\/notas\/wp-content\/uploads\/2024\/09\/Escuela-Nacional-de-Pesca.jpeg\" alt=\"\" class=\"wp-image-133068\" style=\"width:750px;height:auto\" srcset=\"https:\/\/www.elsindical.com.ar\/notas\/var\/www\/html\/notas\/wp-content\/uploads\/2024\/09\/Escuela-Nacional-de-Pesca.jpeg 646w, https:\/\/www.elsindical.com.ar\/notas\/var\/www\/html\/notas\/wp-content\/uploads\/2024\/09\/Escuela-Nacional-de-Pesca-300x199.jpeg 300w, https:\/\/www.elsindical.com.ar\/notas\/var\/www\/html\/notas\/wp-content\/uploads\/2024\/09\/Escuela-Nacional-de-Pesca-453x300.jpeg 453w\" sizes=\"auto, (max-width: 646px) 100vw, 646px\" \/><\/a><\/figure>\n<\/div>\n\n\n<p>El Centro de Patrones y Oficiales Fluviales, de Pesca y de Cabotaje Mar\u00edtimo, conducido por Mariano Moreno, y el Sindicato de Conductores Navales de la Rep\u00fablica Argentina (SICONARA), liderado por Mariano Vilar, emitieron un comunicado declar\u00e1ndose en estado de \u201calerta y movilizaci\u00f3n\u201d debido a la decisi\u00f3n del Jefe del Estado Mayor Conjunto de las Fuerzas Armadas, Xavier Juli\u00e1n Isaac, de sacar de la jurisdicci\u00f3n de la Armada la Escuela Nacional de Pesca \u201cComandante Luis Piedrabuena\u201d. Denunciaron que se trata de una \u201cprivatizaci\u00f3n encubierta de uno de los tres prestigiosos institutos oficiales de formaci\u00f3n de los marinos mercantes\u201d.<\/p>\n\n\n\n<p>En este sentido, los gremios aseveraron que la medida \u201cimplica la renuncia de la Armada Argentina a cumplir en su plenitud las obligaciones que le instituye el art\u00edculo 1\u00b0 de la Ley N\u00b0 22.392\u201d. Por otro lado, destacaron que \u201clos institutos mencionados han demostrado un nivel de excelencia en la formaci\u00f3n y capacitaci\u00f3n de los oficiales de la Marina Mercante reconocido internacionalmente\u201d, seg\u00fan dijeron que le explicaron a Luis Petri, Ministro de Defensa de la Naci\u00f3n, en un pedido de audiencia.<\/p>\n\n\n\n<p>A su vez, aclararon que \u201clos oficiales que tripulan los buques pesqueros son marinos mercantes, como lo demostraron durante el conflicto del Atl\u00e1ntico Sur, suspendiendo su faena de pesca para realizar tareas de avistaje de la flota enemiga y dar aviso de su posici\u00f3n a nuestra Armada\u201d. Asimismo, tambi\u00e9n indicaron que tanto la calidad de los cuerpos directivos y docentes de las instituciones como \u201cla claridad y transparencia con que la Armada Argentina ha cumplido hasta la fecha la responsabilidad instituida por el art\u00edculo 1\u00ba de la Ley N\u00ba 22.392\u201d son la garant\u00eda para quienes se forman y desempe\u00f1an como oficiales de la Marina Mercante.<\/p>\n\n\n\n<p>En el texto, los gremios mar\u00edtimos marcaron que no hay razones presupuestarias para justificar la medida, ya que \u201chist\u00f3ricamente estas instituciones han colaborado en forma intensa y desinteresada con las escuelas de formaci\u00f3n y capacitaci\u00f3n que funcionan bajo la \u00f3rbita de la Armada Argentina\u201d. Sin embargo, en caso de que hubiera un problema de este tipo, agregaron que \u201csiendo conscientes que el costo para el normal funcionamiento de estos establecimientos educativos excede las posibilidades de asistencia de nuestros gremios existen herramientas legales para solucionar la situaci\u00f3n\u201d, por lo que \u201cdeben buscarse fuentes alternativas de financiamiento que se sumen a la hist\u00f3rica colaboraci\u00f3n que nuestros gremios siempre han prestado\u201d como \u201ctal vez la propia Ley de Pesca\u201d para que \u201csea la propia actividad pesquera la que coadyuve a la formaci\u00f3n de sus recursos humanos\u201d.<\/p>\n\n\n\n<p>Como conclusi\u00f3n, aseguraron que \u201cmantendremos informada a la comunidad mar\u00edtima conforme evolucione la situaci\u00f3n\u201d. Finalmente, ratificaron su \u201cinquebrantable decisi\u00f3n de defender la permanencia de las escuelas de formaci\u00f3n y capacitaci\u00f3n de los oficiales de la marina mercante en el \u00e1mbito de la Armada Argentina, tal como lo establece el art\u00edculo 1\u00ba de la Ley N\u00b0 22.392\u201d.<\/p>\n\n\n\n<figure class=\"wp-block-gallery has-nested-images columns-default is-cropped wp-block-gallery-1 is-layout-flex wp-block-gallery-is-layout-flex\">\n<figure class=\"wp-block-image size-large\"><a href=\"https:\/\/www.elsindical.com.ar\/notas\/var\/www\/html\/notas\/wp-content\/uploads\/2024\/09\/SICONARA.jpeg\"><img loading=\"lazy\" decoding=\"async\" width=\"640\" height=\"434\" data-id=\"133069\" src=\"https:\/\/www.elsindical.com.ar\/notas\/var\/www\/html\/notas\/wp-content\/uploads\/2024\/09\/SICONARA.jpeg\" alt=\"\" class=\"wp-image-133069\" srcset=\"https:\/\/www.elsindical.com.ar\/notas\/var\/www\/html\/notas\/wp-content\/uploads\/2024\/09\/SICONARA.jpeg 640w, https:\/\/www.elsindical.com.ar\/notas\/var\/www\/html\/notas\/wp-content\/uploads\/2024\/09\/SICONARA-300x203.jpeg 300w, https:\/\/www.elsindical.com.ar\/notas\/var\/www\/html\/notas\/wp-content\/uploads\/2024\/09\/SICONARA-442x300.jpeg 442w\" sizes=\"auto, (max-width: 640px) 100vw, 640px\" \/><\/a><\/figure>\n\n\n\n<figure class=\"wp-block-image size-large\"><a href=\"https:\/\/www.elsindical.com.ar\/notas\/var\/www\/html\/notas\/wp-content\/uploads\/2024\/09\/Mariano.jpeg\"><img loading=\"lazy\" decoding=\"async\" width=\"1024\" height=\"682\" data-id=\"133070\" src=\"https:\/\/www.elsindical.com.ar\/notas\/var\/www\/html\/notas\/wp-content\/uploads\/2024\/09\/Mariano-1024x682.jpeg\" alt=\"\" class=\"wp-image-133070\" srcset=\"https:\/\/www.elsindical.com.ar\/notas\/var\/www\/html\/notas\/wp-content\/uploads\/2024\/09\/Mariano-1024x682.jpeg 1024w, https:\/\/www.elsindical.com.ar\/notas\/var\/www\/html\/notas\/wp-content\/uploads\/2024\/09\/Mariano-300x200.jpeg 300w, https:\/\/www.elsindical.com.ar\/notas\/var\/www\/html\/notas\/wp-content\/uploads\/2024\/09\/Mariano-768x512.jpeg 768w, https:\/\/www.elsindical.com.ar\/notas\/var\/www\/html\/notas\/wp-content\/uploads\/2024\/09\/Mariano-450x300.jpeg 450w, https:\/\/www.elsindical.com.ar\/notas\/var\/www\/html\/notas\/wp-content\/uploads\/2024\/09\/Mariano-1536x1023.jpeg 1536w, https:\/\/www.elsindical.com.ar\/notas\/var\/www\/html\/notas\/wp-content\/uploads\/2024\/09\/Mariano.jpeg 1600w\" sizes=\"auto, (max-width: 1024px) 100vw, 1024px\" \/><\/a><\/figure>\n<\/figure>\n","protected":false},"excerpt":{"rendered":"<p>El Centro de Patrones y Oficiales Fluviales, de Pesca y de Cabotaje Mar\u00edtimo, conducido por Mariano Moreno, y el Sindicato de Conductores Navales de la Rep\u00fablica Argentina (SICONARA), liderado por Mariano Vilar, emitieron un comunicado declar\u00e1ndose en estado de \u201calerta y movilizaci\u00f3n\u201d debido a la decisi\u00f3n del Jefe del Estado Mayor Conjunto de las Fuerzas&hellip;<\/p>\n","protected":false},"author":1,"featured_media":133068,"comment_status":"open","ping_status":"open","sticky":false,"template":"","format":"standard","meta":{"footnotes":""},"categories":[16],"tags":[42493,2450,43726,40475,3610,43727,29476],"class_list":["post-133067","post","type-post","status-publish","format-standard","has-post-thumbnail","hentry","category-gremiales","tag-centro-de-patrones-y-oficiales-fluviales","tag-diario-el-sindical","tag-escuela-nacional-de-pesca","tag-luis-petri","tag-mariano-moreno","tag-marina-mercante","tag-siconara"],"_links":{"self":[{"href":"https:\/\/www.elsindical.com.ar\/notas\/wp-json\/wp\/v2\/posts\/133067","targetHints":{"allow":["GET"]}}],"collection":[{"href":"https:\/\/www.elsindical.com.ar\/notas\/wp-json\/wp\/v2\/posts"}],"about":[{"href":"https:\/\/www.elsindical.com.ar\/notas\/wp-json\/wp\/v2\/types\/post"}],"author":[{"embeddable":true,"href":"https:\/\/www.elsindical.com.ar\/notas\/wp-json\/wp\/v2\/users\/1"}],"replies":[{"embeddable":true,"href":"https:\/\/www.elsindical.com.ar\/notas\/wp-json\/wp\/v2\/comments?post=133067"}],"version-history":[{"count":1,"href":"https:\/\/www.elsindical.com.ar\/notas\/wp-json\/wp\/v2\/posts\/133067\/revisions"}],"predecessor-version":[{"id":133071,"href":"https:\/\/www.elsindical.com.ar\/notas\/wp-json\/wp\/v2\/posts\/133067\/revisions\/133071"}],"wp:featuredmedia":[{"embeddable":true,"href":"https:\/\/www.elsindical.com.ar\/notas\/wp-json\/wp\/v2\/media\/133068"}],"wp:attachment":[{"href":"https:\/\/www.elsindical.com.ar\/notas\/wp-json\/wp\/v2\/media?parent=133067"}],"wp:term":[{"taxonomy":"category","embeddable":true,"href":"https:\/\/www.elsindical.com.ar\/notas\/wp-json\/wp\/v2\/categories?post=133067"},{"taxonomy":"post_tag","embeddable":true,"href":"https:\/\/www.elsindical.com.ar\/notas\/wp-json\/wp\/v2\/tags?post=133067"}],"curies":[{"name":"wp","href":"https:\/\/api.w.org\/{rel}","templated":true}]}}