{"id":133060,"date":"2024-09-26T16:50:42","date_gmt":"2024-09-26T19:50:42","guid":{"rendered":"https:\/\/www.elsindical.com.ar\/notas\/?p=133060"},"modified":"2024-09-26T17:07:35","modified_gmt":"2024-09-26T20:07:35","slug":"martin-tetaz-le-pidio-a-una-diputada-que-se-sacara-una-remera-de-malvinas-para-no-ofender-a-la-embajadora-de-inglaterra","status":"publish","type":"post","link":"https:\/\/www.elsindical.com.ar\/notas\/martin-tetaz-le-pidio-a-una-diputada-que-se-sacara-una-remera-de-malvinas-para-no-ofender-a-la-embajadora-de-inglaterra\/","title":{"rendered":"Mart\u00edn Tetaz le pidi\u00f3 a una diputada que se sacara una remera de Malvinas para no ofender a la embajadora de Inglaterra"},"content":{"rendered":"<div class=\"wp-block-image\">\n<figure class=\"aligncenter size-full\"><a href=\"https:\/\/www.elsindical.com.ar\/notas\/var\/www\/html\/notas\/wp-content\/uploads\/2024\/09\/remera-Malvinas-diputada-Propato.jpg\"><img loading=\"lazy\" decoding=\"async\" width=\"500\" height=\"672\" src=\"https:\/\/www.elsindical.com.ar\/notas\/var\/www\/html\/notas\/wp-content\/uploads\/2024\/09\/remera-Malvinas-diputada-Propato.jpg\" alt=\"\" class=\"wp-image-133061\" srcset=\"https:\/\/www.elsindical.com.ar\/notas\/var\/www\/html\/notas\/wp-content\/uploads\/2024\/09\/remera-Malvinas-diputada-Propato.jpg 500w, https:\/\/www.elsindical.com.ar\/notas\/var\/www\/html\/notas\/wp-content\/uploads\/2024\/09\/remera-Malvinas-diputada-Propato-223x300.jpg 223w\" sizes=\"auto, (max-width: 500px) 100vw, 500px\" \/><\/a><\/figure>\n<\/div>\n\n\n<p>  El diputado Mart\u00edn Tetaz en un acto poco patri\u00f3tico, le pidi\u00f3 a la diputada Agustina Propato que se saque la remera de Malvinas para no ofender a la embajadora de Inglaterra.<\/p>\n\n\n\n<p>La embajadora inglesa Kirsty Hayes estuvo en el Congreso y se neg\u00f3 a salir en una foto junto a la diputada Agustina Propato porque esta ten\u00eda puesta una remera de las Islas Malvinas.<\/p>\n\n\n\n<p>La diputada fue parte de un grupo de diputados que particip\u00f3 este jueves de la reuni\u00f3n del Grupo Parlamentario de Amistad con el Reino Unido de Gran Breta\u00f1a e Irlanda del Norte.<\/p>\n\n\n\n<p>El diputado Mart\u00edn Tetaz se sum\u00f3 al pedido de la embajada inglesa-<\/p>\n\n\n\n<figure class=\"wp-block-embed is-type-video is-provider-youtube wp-block-embed-youtube wp-embed-aspect-16-9 wp-has-aspect-ratio\"><div class=\"wp-block-embed__wrapper\">\n<iframe loading=\"lazy\" title=\"Mart\u00ednTetaz le pidi\u00f3 a una diputada que se sacara una remera de Malvinas\" width=\"700\" height=\"394\" src=\"https:\/\/www.youtube.com\/embed\/3UsZBPAwuX8?feature=oembed\" frameborder=\"0\" allow=\"accelerometer; autoplay; clipboard-write; encrypted-media; gyroscope; picture-in-picture; web-share\" referrerpolicy=\"strict-origin-when-cross-origin\" allowfullscreen><\/iframe>\n<\/div><\/figure>\n\n\n\n<p><\/p>\n","protected":false},"excerpt":{"rendered":"<p>El diputado Mart\u00edn Tetaz en un acto poco patri\u00f3tico, le pidi\u00f3 a la diputada Agustina Propato que se saque la remera de Malvinas para no ofender a la embajadora de Inglaterra. La embajadora inglesa Kirsty Hayes estuvo en el Congreso y se neg\u00f3 a salir en una foto junto a la diputada Agustina Propato porque&hellip;<\/p>\n","protected":false},"author":1,"featured_media":133061,"comment_status":"open","ping_status":"open","sticky":false,"template":"","format":"standard","meta":{"footnotes":""},"categories":[13],"tags":[37103,1481,2450,43723,1623,43722,26432,43721],"class_list":["post-133060","post","type-post","status-publish","format-standard","has-post-thumbnail","hentry","category-politica","tag-agustina-propato","tag-congreso-de-la-nacion","tag-diario-el-sindical","tag-grupo-parlamentario-de-amistad","tag-inglaterra","tag-kirsty-hayes","tag-martin-tetaz","tag-remera-de-las-islas-mavinas"],"_links":{"self":[{"href":"https:\/\/www.elsindical.com.ar\/notas\/wp-json\/wp\/v2\/posts\/133060","targetHints":{"allow":["GET"]}}],"collection":[{"href":"https:\/\/www.elsindical.com.ar\/notas\/wp-json\/wp\/v2\/posts"}],"about":[{"href":"https:\/\/www.elsindical.com.ar\/notas\/wp-json\/wp\/v2\/types\/post"}],"author":[{"embeddable":true,"href":"https:\/\/www.elsindical.com.ar\/notas\/wp-json\/wp\/v2\/users\/1"}],"replies":[{"embeddable":true,"href":"https:\/\/www.elsindical.com.ar\/notas\/wp-json\/wp\/v2\/comments?post=133060"}],"version-history":[{"count":2,"href":"https:\/\/www.elsindical.com.ar\/notas\/wp-json\/wp\/v2\/posts\/133060\/revisions"}],"predecessor-version":[{"id":133063,"href":"https:\/\/www.elsindical.com.ar\/notas\/wp-json\/wp\/v2\/posts\/133060\/revisions\/133063"}],"wp:featuredmedia":[{"embeddable":true,"href":"https:\/\/www.elsindical.com.ar\/notas\/wp-json\/wp\/v2\/media\/133061"}],"wp:attachment":[{"href":"https:\/\/www.elsindical.com.ar\/notas\/wp-json\/wp\/v2\/media?parent=133060"}],"wp:term":[{"taxonomy":"category","embeddable":true,"href":"https:\/\/www.elsindical.com.ar\/notas\/wp-json\/wp\/v2\/categories?post=133060"},{"taxonomy":"post_tag","embeddable":true,"href":"https:\/\/www.elsindical.com.ar\/notas\/wp-json\/wp\/v2\/tags?post=133060"}],"curies":[{"name":"wp","href":"https:\/\/api.w.org\/{rel}","templated":true}]}}