{"id":133046,"date":"2024-09-25T01:33:52","date_gmt":"2024-09-25T04:33:52","guid":{"rendered":"https:\/\/www.elsindical.com.ar\/notas\/?p=133046"},"modified":"2024-09-25T01:33:59","modified_gmt":"2024-09-25T04:33:59","slug":"san-martin-allanamientos-y-detencion-de-peligroso-delincuente-que-arrojo-una-granada-al-personal-policial","status":"publish","type":"post","link":"https:\/\/www.elsindical.com.ar\/notas\/san-martin-allanamientos-y-detencion-de-peligroso-delincuente-que-arrojo-una-granada-al-personal-policial\/","title":{"rendered":"San Mart\u00edn: Allanamientos y detenci\u00f3n de peligroso delincuente que arroj\u00f3 una granada al personal policial"},"content":{"rendered":"<div class=\"wp-block-image\">\n<figure class=\"aligncenter size-large is-resized\"><a href=\"https:\/\/www.elsindical.com.ar\/notas\/var\/www\/html\/notas\/wp-content\/uploads\/2024\/09\/San-Martin-allanamiento-y-detenido-armas-y-granada-24-sept-24-4.jpeg\"><img loading=\"lazy\" decoding=\"async\" width=\"576\" height=\"1024\" src=\"https:\/\/www.elsindical.com.ar\/notas\/var\/www\/html\/notas\/wp-content\/uploads\/2024\/09\/San-Martin-allanamiento-y-detenido-armas-y-granada-24-sept-24-4-576x1024.jpeg\" alt=\"\" class=\"wp-image-133047\" style=\"width:398px;height:auto\" srcset=\"https:\/\/www.elsindical.com.ar\/notas\/var\/www\/html\/notas\/wp-content\/uploads\/2024\/09\/San-Martin-allanamiento-y-detenido-armas-y-granada-24-sept-24-4-576x1024.jpeg 576w, https:\/\/www.elsindical.com.ar\/notas\/var\/www\/html\/notas\/wp-content\/uploads\/2024\/09\/San-Martin-allanamiento-y-detenido-armas-y-granada-24-sept-24-4-169x300.jpeg 169w, https:\/\/www.elsindical.com.ar\/notas\/var\/www\/html\/notas\/wp-content\/uploads\/2024\/09\/San-Martin-allanamiento-y-detenido-armas-y-granada-24-sept-24-4.jpeg 720w\" sizes=\"auto, (max-width: 576px) 100vw, 576px\" \/><\/a><\/figure>\n<\/div>\n\n\n<p>   En uno de los allanamientos que realizaba la Polic\u00eda de la provincia de Buenos Aires en busca de un homicida, fueron agredidos por un peligroso delincuente con una granada que por impericia del criminal no explot\u00f3 lo que pod\u00eda haber herido de gravedad al personal policial, curiosamente el delincuente se encontraba en libertad a pesar de tener una condena a 20 a\u00f1os de prisi\u00f3n por un secuestro extorsivo.<\/p>\n\n\n\n<p>El parte policial: <\/p>\n\n\n\n<p>A ra\u00edz de conflicto en donde la v\u00edctima habr\u00eda conquistado a la novia de \u201cN.N\u201d Gerez, se gener\u00f3 una rivalidad que se agravo con fecha 30 de octubre del a\u00f1o 2023, cuando varios sujetos, encabezados por Agust\u00edn y Maximiliano Gerez terminan con la vida Acevedo dentro del Barrio Ej\u00e9rcito de los Andes, en Monoblock 15. Posteriormente ingres\u00f3 la Vtma. en el Hospital Posadas c\/ HAF en brazos y axial izquierdo. Se ID 6 masculinos, como N.N Agust\u00edn Gerez, N.N Maximiliano Gerez, N.N Alan, N.N Gustavo, N.N Brian y N.N \u00abEl Viejo\u00bb.<br>01\/11\/2023 Se llevaron a cabo allanamientos logrando incautar 2 pistolas calibre 9mm, municiones y esposas.<br>Ahondando en la investigaci\u00f3n, llevada a cabo por parte de los detectives de este elemento, permiti\u00f3 establecer la identidad de los cabecillas del grupo agresor como Agust\u00edn y Roberto Maximiliano Gerez, que terminaron con la vida de Acevedo.<br>Continuando con las tareas de campo, se logr\u00f3 determinar que Maximiliano Gerez, se encontrar\u00eda en una vivienda del asentamiento Villa Matienzo, del Barrio Ej\u00e9rcito de los Andes y que tendr\u00eda contacto con sujeto quien lo provee de armas de fuego ID como N.N Lio, quien se domicilia desde hace poco tiempo en la calle Almirante Guillermo Brown N\u00b0 1679, de Ciudadela Norte, distante a unas 5 cuadras del Fuerte Apache. Individualizados los domicilios se solicitaron ordenes de allanamientos.<br>FECHA ejecutadas las mandas judiciales, la finca emplazada en Villa Matienzo, arroj\u00f3 resultado negativo ya que el buscado Gerez se hab\u00eda mudado del lugar hace unos d\u00edas.-<br>Respecto al segundo objetivo ubicado en calle Alte. Guillermo Brown N\u00b0 1679, se logr\u00f3 la aprehensi\u00f3n de Lionel Andr\u00e9s Verni por los delitos de \u201cTenencia Ilegal de Armas, municiones y explosivos\u201d.<br>SECUESTRO DE ARMAS DE FUEGO Y EXPLOSIVOS<br>Al momento del ingreso del GAD al dlio. de calle Alte. Guillermo Brown, lugar de residencia de Verni, el que era el proveedor de las armas de los delincuentes investigados, el Cte. al advertir la presencia policial, por la ventana de un improvisado lavadero de su dlio. intento arrojar hacia el grupo especial y uniformados una granada Frag. (granada fragmentada que despide metralla) la cual golpeo contra el marco de la ventana y volvi\u00f3 a ingresar a la casa no estallando debido a la impericia de Verni que no pudo accionarla correctamente.<br>Al advertir los uniformados el poder de fuego del sospechoso, se efectu\u00f3 un r\u00e1pido ingreso a la finca que culmin\u00f3 con la aprehensi\u00f3n del sindicado, procedi\u00e9ndose al secuestro de una granada de fragmentaci\u00f3n FMK2, de fabricaci\u00f3n nacional, activa, pistola Colt 1911, Cal. 11.25 N\u00b0 105930, con cargador colocado y siete municiones intactas en su almac\u00e9n cargador, rev\u00f3lver Taurus, Cal. 357 Magnum, 4 pulgadas de ca\u00f1\u00f3n, N\u00b0 OA195732, con seis municiones intactas en sus alve\u00f3los, rev\u00f3lver Cal. 22 LR, monotiro, sin marca ni numeraci\u00f3n visible, pistola Browning Cal. 9mm, numeraci\u00f3n suprimida, con 13 municiones intactas en su almac\u00e9n cargador, r\u00e9plica de Pistola Glock 19, chaleco antibalas American Blindaje de esta Polic\u00eda N\u00b0 56246, (\u00daltimo lugar PDS Zarate, sin pedido de secuestro), 114 municiones calibre 11.25mm. 39 municiones calibre 9mm. 25 municiones de calibre .40 S&amp;W. muncion calibre 7.62\u00d751. 10 cartuchos calibre 12.70mm PG. 2 cargadores de pistola calibre 11.25. 04 cargadores de pistola Browning 9mm. 01 cargador de Bersa Thunder 9mm. 02 quepis de Ofl. Jefe de la Polic\u00eda de la Provincia de Buenos Aires, Kepi de color oscuro de cadete 01 par de borcegos policiales talle 44, 2 chalecos de transporte con inscripci\u00f3n POLIC\u00cdA, chaleco antibalas marca FM con N\u00b0 de serie FM-07004617 talle L Masc, lote 2003 (PEDIDO DE SECUESTRO POR ROBO 06\/06\/2022 UFI DESCENTRALIZADA DE SAN ISIDRO EN IPP N\u00b0 14-02-006780-22\/00), Campera rompe viento con inscripci\u00f3n PFA, 2 Remeras manga corta con inscripcion PFA, Correaje de cordura (pistolera, porta esposas y portacargador), 2 cintos de cordura policiales, Pistolera muslera termoformada, pistolera de cordura, muslera de cordura, 3 pantalones de fajina azules de esta Polic\u00eda, camisa de fajina esta Polic\u00eda, Quepi con inscripci\u00f3n Fuerzas Especiales Gendarmer\u00eda Nacional, porta credencial policial de cuello, handies Gadninc con frecuencia policial, handie Baofeng con frecuencia policial, 2 bases de carga de handies, linternas con picana sin marca visible, barreta de hierro, precintos varios, 2 pares de Guantes de tela engomados, 2 pasamonta\u00f1as de color negro, maza, cortafierros, chapa patente DDK-914. registra PSA bajo NSI 3089510 de fecha 26.04.2024, chapa patente dominio AD816ZU, chapa ptte provisoria SAS-4973.<br>Todas las armas mencionadas, barreta, maza, cortafierro, linterna con picana, y handies fueron habidos junto a prendas policiales en un bolso preparado para su pronto uso. Aprehendido trasladado a DDI San Mart\u00edn, donde permanecer\u00e1 alojado hasta d\u00eda de ma\u00f1ana que sera trasladado a sede fiscal. Se contin\u00faan las tareas tendientes a lograr detenci\u00f3n de Gerez.<br>ANTECEDENTES DE LIONEL ANDR\u00c9S VERNI<br>Este sujeto registrar\u00eda condena a 20 a\u00f1os de prisi\u00f3n unificada, dictada por el Tribunal Oral Federal 5 de San Mart\u00edn, por el secuestro extorsivo de Daniel Rebagliati, el cual fuera cometido en abril de 2015, permaneciendo cautivo durante ocho d\u00edas recuperando su libertad luego del pago de un rescate, por parte de su familia, por la suma de 1.3000.000 en pesos y de 9.600 d\u00f3lares.<br>Se desconoce hasta el momento fecha y motivo por los que Verni recuper\u00f3 su libertad.<br>ACCIONAMIENTO Y DETONACI\u00d3N DE MATERIAL EXPLOSIVO<br>Para el debido secuestro de la Granada FMK2 y con las medidas de seguridad que son necesarias, se solicit\u00f3 la presencia de personal de la Divisi\u00f3n Explosivos de San Mart\u00edn (pertenecientes a la Superintendencia de Siniestral de esta polic\u00eda), quienes manifiestan que el artefacto posee un radio letal de 5 metros, un \u2060radio de fragmentaci\u00f3n (donde pueden producirse heridas graves) de entre 10 a 15 metros y un radio de efecto (donde puede causar da\u00f1os y heridas leves) de entre 20 a 30 metros. Por ello, efectivos capacitados utilizando trajes de seguridad y dep\u00f3sitos seguros efectuaron traslado del artefacto a un campo lejos de la urbe, donde se realiz\u00f3 detonaci\u00f3n, determinando que la granada se encontraba en perfecto estado y ten\u00eda poder de da\u00f1o y que efectivamente la misma no se accion\u00f3 debido a la impericia de Verni, que no supo maniobrar correctamente el arma explosiva y quitar sistema de seguridad que esta posee.<\/p>\n\n\n\n<p>INT.: UFI 02 en turno, Dr. Ruiz de San Mart\u00edn<\/p>\n\n\n\n<figure class=\"wp-block-embed is-type-video is-provider-youtube wp-block-embed-youtube wp-embed-aspect-16-9 wp-has-aspect-ratio\"><div class=\"wp-block-embed__wrapper\">\n<iframe loading=\"lazy\" title=\"San Mart\u00edn allanamientos y detenci\u00f3n de peligroso delincuente que arrojo una granada a la polic\u00eda\" width=\"700\" height=\"394\" src=\"https:\/\/www.youtube.com\/embed\/ivMW7mDIXRM?feature=oembed\" frameborder=\"0\" allow=\"accelerometer; autoplay; clipboard-write; encrypted-media; gyroscope; picture-in-picture; web-share\" referrerpolicy=\"strict-origin-when-cross-origin\" allowfullscreen><\/iframe>\n<\/div><\/figure>\n\n\n\n<p><strong>Fuente:<a href=\"https:\/\/losbonaerenses.com.ar\/\"> Los Bonaerenses<\/a><\/strong><\/p>\n\n\n\n<p><\/p>\n","protected":false},"excerpt":{"rendered":"<p>En uno de los allanamientos que realizaba la Polic\u00eda de la provincia de Buenos Aires en busca de un homicida, fueron agredidos por un peligroso delincuente con una granada que por impericia del criminal no explot\u00f3 lo que pod\u00eda haber herido de gravedad al personal policial, curiosamente el delincuente se encontraba en libertad a pesar&hellip;<\/p>\n","protected":false},"author":1,"featured_media":133047,"comment_status":"open","ping_status":"open","sticky":false,"template":"","format":"standard","meta":{"footnotes":""},"categories":[22],"tags":[493,42775,890,2450,42799,43715,42609,820],"class_list":["post-133046","post","type-post","status-publish","format-standard","has-post-thumbnail","hentry","category-policiales","tag-allanamientos","tag-armas-y-municiones","tag-detencion","tag-diario-el-sindical","tag-jefe-de-policia-comisario-general-javier-carlos-villar","tag-lionel-andres-verni","tag-noticias-policiales","tag-san-martin"],"_links":{"self":[{"href":"https:\/\/www.elsindical.com.ar\/notas\/wp-json\/wp\/v2\/posts\/133046","targetHints":{"allow":["GET"]}}],"collection":[{"href":"https:\/\/www.elsindical.com.ar\/notas\/wp-json\/wp\/v2\/posts"}],"about":[{"href":"https:\/\/www.elsindical.com.ar\/notas\/wp-json\/wp\/v2\/types\/post"}],"author":[{"embeddable":true,"href":"https:\/\/www.elsindical.com.ar\/notas\/wp-json\/wp\/v2\/users\/1"}],"replies":[{"embeddable":true,"href":"https:\/\/www.elsindical.com.ar\/notas\/wp-json\/wp\/v2\/comments?post=133046"}],"version-history":[{"count":1,"href":"https:\/\/www.elsindical.com.ar\/notas\/wp-json\/wp\/v2\/posts\/133046\/revisions"}],"predecessor-version":[{"id":133048,"href":"https:\/\/www.elsindical.com.ar\/notas\/wp-json\/wp\/v2\/posts\/133046\/revisions\/133048"}],"wp:featuredmedia":[{"embeddable":true,"href":"https:\/\/www.elsindical.com.ar\/notas\/wp-json\/wp\/v2\/media\/133047"}],"wp:attachment":[{"href":"https:\/\/www.elsindical.com.ar\/notas\/wp-json\/wp\/v2\/media?parent=133046"}],"wp:term":[{"taxonomy":"category","embeddable":true,"href":"https:\/\/www.elsindical.com.ar\/notas\/wp-json\/wp\/v2\/categories?post=133046"},{"taxonomy":"post_tag","embeddable":true,"href":"https:\/\/www.elsindical.com.ar\/notas\/wp-json\/wp\/v2\/tags?post=133046"}],"curies":[{"name":"wp","href":"https:\/\/api.w.org\/{rel}","templated":true}]}}