{"id":133042,"date":"2024-09-25T01:19:21","date_gmt":"2024-09-25T04:19:21","guid":{"rendered":"https:\/\/www.elsindical.com.ar\/notas\/?p=133042"},"modified":"2024-09-25T01:19:27","modified_gmt":"2024-09-25T04:19:27","slug":"casi-600-000-dolares-la-justicia-autorizo-a-sofia-clerici-a-entrar-al-blanqueo-de-capitales","status":"publish","type":"post","link":"https:\/\/www.elsindical.com.ar\/notas\/casi-600-000-dolares-la-justicia-autorizo-a-sofia-clerici-a-entrar-al-blanqueo-de-capitales\/","title":{"rendered":"Casi 600.000 d\u00f3lares: la Justicia autoriz\u00f3 a Sof\u00eda Clerici a entrar al blanqueo de capitales"},"content":{"rendered":"\n<figure class=\"wp-block-image size-full\"><a href=\"https:\/\/www.elsindical.com.ar\/notas\/var\/www\/html\/notas\/wp-content\/uploads\/2024\/09\/Sofia-Clerici-con-el-Mustang.jpg\"><img loading=\"lazy\" decoding=\"async\" width=\"873\" height=\"643\" src=\"https:\/\/www.elsindical.com.ar\/notas\/var\/www\/html\/notas\/wp-content\/uploads\/2024\/09\/Sofia-Clerici-con-el-Mustang.jpg\" alt=\"\" class=\"wp-image-133043\" srcset=\"https:\/\/www.elsindical.com.ar\/notas\/var\/www\/html\/notas\/wp-content\/uploads\/2024\/09\/Sofia-Clerici-con-el-Mustang.jpg 873w, https:\/\/www.elsindical.com.ar\/notas\/var\/www\/html\/notas\/wp-content\/uploads\/2024\/09\/Sofia-Clerici-con-el-Mustang-300x221.jpg 300w, https:\/\/www.elsindical.com.ar\/notas\/var\/www\/html\/notas\/wp-content\/uploads\/2024\/09\/Sofia-Clerici-con-el-Mustang-768x566.jpg 768w, https:\/\/www.elsindical.com.ar\/notas\/var\/www\/html\/notas\/wp-content\/uploads\/2024\/09\/Sofia-Clerici-con-el-Mustang-407x300.jpg 407w\" sizes=\"auto, (max-width: 873px) 100vw, 873px\" \/><\/a><\/figure>\n\n\n\n<p>El juez Kreplak acept\u00f3 el pedido de la modelo sobre el dinero no declarado que le fue secuestrado en el marco de la causa contra Mart\u00edn Insaurralde; el dinero, sin embargo, no le ser\u00e1 devuelto en su totalidad por las condiciones que se aplican a quienes blanquean capitales.<\/p>\n\n\n\n<p>Con la intenci\u00f3n de participar del blanqueo de capitales, la modelo y acompa\u00f1ante de viajes <strong>Sof\u00eda Clerici <\/strong>le solicit\u00f3 a la Justicia que levante la inhibici\u00f3n que rige sobre los bienes que le fueron secuestrados en la causa contra el exintendente de Lomas de Zamora <strong>Mart\u00edn Insaurralde<\/strong>, luego de la difusi\u00f3n de las fotos de ambos navegando en un yate en Marbella. Son cerca de 600.000 d\u00f3lares que la modelo busca \u201csincerar\u201d antes del 30 de septiembre, d\u00eda en el que vence el primer plazo para ingresar al blanqueo. Pese a que la querella y <strong>los fiscales federales Sergio Mola y Diego Velasco se opusieron al pedido de la modelo<\/strong>, el juez federal<strong> Ernesto Kreplak <\/strong>acept\u00f3 el planteo, aunque la modelo no podr\u00e1 acceder al dinero a blanquear, que permanecer\u00e1 congelado hasta tanto no se destrabe en el terreno legal.<\/p>\n\n\n\n<p>\u201cResuelvo hacer lugar a la solicitud de transferencia del dinero secuestrado\u201d, sostuvo Kreplak, a la vez que dispuso mantener \u201cla medida cautelar de inmovilizaci\u00f3n de la Cuenta Especial de Regularizaci\u00f3n de Activos [CERA]\u201d que Clerici abri\u00f3 para ingresar al blanqueo.<\/p>\n\n\n\n<p>Seg\u00fan le dijeron a este medio fuentes allegadas al juzgado, el fallo del juez Kreplak busca \u201ccompatibilizar\u201d el derecho de Clerici a participar de la iniciativa del oficialismo \u2013la modelo est\u00e1 solo imputada, por lo tanto est\u00e1 en condiciones de ingresar al blanqueo\u2013 con el debido proceso de una investigaci\u00f3n a\u00fan en curso. Ahora, ser\u00e1 la AFIP quien determinar\u00e1 si Clerici est\u00e1 o no en condiciones de ingresar al blanqueo y s\u00f3lo cuando se resuelva la cuesti\u00f3n legal sobre esos fondos, la modelo podr\u00e1 disponer de ellos.<\/p>\n\n\n\n<p>En el mismo fallo, <strong>el juez Kreplak tambi\u00e9n rechazo el sobreseimiento de Clerici<\/strong>, pedido por su defensa.<\/p>\n\n\n\n<p>Adem\u00e1s de los fiscales, en contra de la solicitud de Clerici se manifest\u00f3 tambi\u00e9n la organizaci\u00f3n Poder Ciudadano, querellante en la causa. \u201cEl ingreso del dinero oportunamente secuestrado al r\u00e9gimen del blanqueo significar\u00eda un acto de disposici\u00f3n que hoy se encuentra vedado, tan sencillamente como si le suceder\u00eda a cualquier persona a la que le secuestraron un automotor y lo quisiese vender\u201d, se\u00f1al\u00f3 en un escrito <strong>Tomas Brady<\/strong>, abogado de la organizaci\u00f3n.<\/p>\n\n\n\n<p>\u201cEsta parte entiende que no se encuentran reunidos los requisitos necesarios para que la imputada se pueda someter al r\u00e9gimen de regularizaci\u00f3n de activos toda vez que el dinero se encuentra \u2018secuestrado\u2019 y, por ende, no puede gozar de libre disposici\u00f3n\u201d, agreg\u00f3 el letrado.<\/p>\n\n\n\n<p>El abogado de Clerici, <strong>Mart\u00edn Larralde<\/strong>, hab\u00eda justificado la urgencia del reclamo alegando que su cliente abri\u00f3 una cuenta especial en el marco del blanqueo de capitales. A esa cuenta ser\u00e1 transferida la suma incautada, aunque quedar\u00e1 congelada.<\/p>\n\n\n\n<p>La causa se abri\u00f3 luego de que se conocieran las im\u00e1genes que mostraban a Clerici junto a <strong>Insaurralde<\/strong>, entonces jefe de Gabinete de Axel Kicillof, navegando por el Mar Mediterr\u00e1neo, frente a las costas de Marbella, arriba del yate <strong>Bandido<\/strong>. En el expediente, Insaurralde est\u00e1 siendo investigado por presunto lavado de dinero y enriquecimiento il\u00edcito.<\/p>\n\n\n\n<p>La defensa de Clerici ya hab\u00eda levantado pol\u00e9mica cuando solicit\u00f3 el sobreseimiento de la modelo alegando que ella era <strong>\u201cacompa\u00f1ante de viaje\u201d<\/strong>, actividad por la que, afirmaron, percibe importantes honorarios que no puede declarar. Apoy\u00f3 su planteo en una observaci\u00f3n de la Organizaci\u00f3n Internacional del Trabajo (OIT) por la que <strong>exhorta a los gobiernos a que reconozcan la industria de la prostituci\u00f3n<\/strong>. \u201cCon relaci\u00f3n a las trabajadoras del sexo y actividades relacionadas [aunque las m\u00edas no guarden correspondencia con la prostituci\u00f3n]\u201d, se\u00f1al\u00f3 Clerici en el escrito.<\/p>\n\n\n\n<p>\u201cMis servicios y profesi\u00f3n, reitero, a pesar de mi extraordinaria publicidad y reconocimiento, tiene la peculiaridad de ser excluida como asunto impositivo, pero mis ganancias econ\u00f3micas a lo largo de todos estos a\u00f1os no pueden considerarse como un hecho delictual\u201d, fundament\u00f3.<\/p>\n\n\n\n<p>En aquella oportunidad, Kreplak, el magistrado que subroga un juzgado federal en Lomas de Zamora, desestim\u00f3 el planteo de Clerici y le neg\u00f3 la posibilidad de devolverle los US$569.911 que le fueron secuestrados junto con carteras y relojes de alto valor.<\/p>\n\n\n\n<p>Kreplak, hermano del ministro de Salud de Kicillof, Nicol\u00e1s Kreplak, miembro de La C\u00e1mpora, fue funcionario del segundo gobierno de Cristina Kirchner, como subsecretario de Coordinaci\u00f3n y Control de Gesti\u00f3n en el Ministerio de Justicia.<\/p>\n\n\n\n<p>\u201cVuelvo a insistir y denunciar que los fondos secuestrados en su domicilio y retenidos por la Justicia son el producto de muchos a\u00f1os de su actividad como Modelo y Acompa\u00f1ante de Viaje\u201d, dijo en el escrito que presento el abogado de la modelo, Larralde.<\/p>\n\n\n\n<p>Las fotos del esc\u00e1ndalo, subidas por la modelo a su cuenta del Instagram, provocaron un terremoto pol\u00edtico en la antesala a la PASO de 2023 y derivaron en la renuncia de Insaurralde a la jefatura de gabinete bonaerense, cargo al que hab\u00eda llegado por impulso de M\u00e1ximo Kirchner, y a la candidatura de concejal en el distrito del que es jefe pol\u00edtico desde hace una d\u00e9cada. Su delf\u00edn, <strong>Federico Otermin<\/strong>, gan\u00f3 con holgura las elecciones y es hoy el jefe comunal del Lomas de Zamora.<\/p>\n\n\n<div class=\"wp-block-image\">\n<figure class=\"aligncenter size-full\"><a href=\"https:\/\/www.elsindical.com.ar\/notas\/var\/www\/html\/notas\/wp-content\/uploads\/2024\/09\/allanamiento-a-Sofia-Clerici.jpg\"><img loading=\"lazy\" decoding=\"async\" width=\"546\" height=\"730\" src=\"https:\/\/www.elsindical.com.ar\/notas\/var\/www\/html\/notas\/wp-content\/uploads\/2024\/09\/allanamiento-a-Sofia-Clerici.jpg\" alt=\"\" class=\"wp-image-133044\" srcset=\"https:\/\/www.elsindical.com.ar\/notas\/var\/www\/html\/notas\/wp-content\/uploads\/2024\/09\/allanamiento-a-Sofia-Clerici.jpg 546w, https:\/\/www.elsindical.com.ar\/notas\/var\/www\/html\/notas\/wp-content\/uploads\/2024\/09\/allanamiento-a-Sofia-Clerici-224x300.jpg 224w\" sizes=\"auto, (max-width: 546px) 100vw, 546px\" \/><\/a><\/figure>\n<\/div>","protected":false},"excerpt":{"rendered":"<p>El juez Kreplak acept\u00f3 el pedido de la modelo sobre el dinero no declarado que le fue secuestrado en el marco de la causa contra Mart\u00edn Insaurralde; el dinero, sin embargo, no le ser\u00e1 devuelto en su totalidad por las condiciones que se aplican a quienes blanquean capitales. Con la intenci\u00f3n de participar del blanqueo&hellip;<\/p>\n","protected":false},"author":1,"featured_media":133043,"comment_status":"open","ping_status":"open","sticky":false,"template":"","format":"standard","meta":{"footnotes":""},"categories":[20],"tags":[26999,2450,1115,28114,43714,41251],"class_list":["post-133042","post","type-post","status-publish","format-standard","has-post-thumbnail","hentry","category-judiciales","tag-blanqueo","tag-diario-el-sindical","tag-dolares","tag-juez-ernesto-kreplak","tag-martin-larralde","tag-sofia-clerici"],"_links":{"self":[{"href":"https:\/\/www.elsindical.com.ar\/notas\/wp-json\/wp\/v2\/posts\/133042","targetHints":{"allow":["GET"]}}],"collection":[{"href":"https:\/\/www.elsindical.com.ar\/notas\/wp-json\/wp\/v2\/posts"}],"about":[{"href":"https:\/\/www.elsindical.com.ar\/notas\/wp-json\/wp\/v2\/types\/post"}],"author":[{"embeddable":true,"href":"https:\/\/www.elsindical.com.ar\/notas\/wp-json\/wp\/v2\/users\/1"}],"replies":[{"embeddable":true,"href":"https:\/\/www.elsindical.com.ar\/notas\/wp-json\/wp\/v2\/comments?post=133042"}],"version-history":[{"count":1,"href":"https:\/\/www.elsindical.com.ar\/notas\/wp-json\/wp\/v2\/posts\/133042\/revisions"}],"predecessor-version":[{"id":133045,"href":"https:\/\/www.elsindical.com.ar\/notas\/wp-json\/wp\/v2\/posts\/133042\/revisions\/133045"}],"wp:featuredmedia":[{"embeddable":true,"href":"https:\/\/www.elsindical.com.ar\/notas\/wp-json\/wp\/v2\/media\/133043"}],"wp:attachment":[{"href":"https:\/\/www.elsindical.com.ar\/notas\/wp-json\/wp\/v2\/media?parent=133042"}],"wp:term":[{"taxonomy":"category","embeddable":true,"href":"https:\/\/www.elsindical.com.ar\/notas\/wp-json\/wp\/v2\/categories?post=133042"},{"taxonomy":"post_tag","embeddable":true,"href":"https:\/\/www.elsindical.com.ar\/notas\/wp-json\/wp\/v2\/tags?post=133042"}],"curies":[{"name":"wp","href":"https:\/\/api.w.org\/{rel}","templated":true}]}}