{"id":133013,"date":"2024-09-24T02:59:29","date_gmt":"2024-09-24T05:59:29","guid":{"rendered":"https:\/\/www.elsindical.com.ar\/notas\/?p=133013"},"modified":"2024-09-24T02:59:37","modified_gmt":"2024-09-24T05:59:37","slug":"lanus-los-concejales-de-juntos-le-piden-explicaciones-al-secretario-de-seguridad","status":"publish","type":"post","link":"https:\/\/www.elsindical.com.ar\/notas\/lanus-los-concejales-de-juntos-le-piden-explicaciones-al-secretario-de-seguridad\/","title":{"rendered":"Lan\u00fas: los concejales de Juntos le piden explicaciones al secretario de Seguridad"},"content":{"rendered":"\n<figure class=\"wp-block-image size-large\"><a href=\"https:\/\/www.elsindical.com.ar\/notas\/var\/www\/html\/notas\/wp-content\/uploads\/2024\/09\/Julian-Alvarez-Ferreyra-y-Sebastian-Castillo.jpg\"><img loading=\"lazy\" decoding=\"async\" width=\"1024\" height=\"576\" src=\"https:\/\/www.elsindical.com.ar\/notas\/var\/www\/html\/notas\/wp-content\/uploads\/2024\/09\/Julian-Alvarez-Ferreyra-y-Sebastian-Castillo-1024x576.jpg\" alt=\"\" class=\"wp-image-133014\" srcset=\"https:\/\/www.elsindical.com.ar\/notas\/var\/www\/html\/notas\/wp-content\/uploads\/2024\/09\/Julian-Alvarez-Ferreyra-y-Sebastian-Castillo-1024x576.jpg 1024w, https:\/\/www.elsindical.com.ar\/notas\/var\/www\/html\/notas\/wp-content\/uploads\/2024\/09\/Julian-Alvarez-Ferreyra-y-Sebastian-Castillo-300x169.jpg 300w, https:\/\/www.elsindical.com.ar\/notas\/var\/www\/html\/notas\/wp-content\/uploads\/2024\/09\/Julian-Alvarez-Ferreyra-y-Sebastian-Castillo-768x432.jpg 768w, https:\/\/www.elsindical.com.ar\/notas\/var\/www\/html\/notas\/wp-content\/uploads\/2024\/09\/Julian-Alvarez-Ferreyra-y-Sebastian-Castillo-500x281.jpg 500w, https:\/\/www.elsindical.com.ar\/notas\/var\/www\/html\/notas\/wp-content\/uploads\/2024\/09\/Julian-Alvarez-Ferreyra-y-Sebastian-Castillo-460x260.jpg 460w, https:\/\/www.elsindical.com.ar\/notas\/var\/www\/html\/notas\/wp-content\/uploads\/2024\/09\/Julian-Alvarez-Ferreyra-y-Sebastian-Castillo.jpg 1219w\" sizes=\"auto, (max-width: 1024px) 100vw, 1024px\" \/><\/a><\/figure>\n\n\n\n<p>El bloque de concejales de Juntos por Lan\u00fas solicit\u00f3 la interpelaci\u00f3n del secretario de Seguridad municipal.<\/p>\n\n\n\n<p>El bloque de concejales de Juntos por Lan\u00fas solicit\u00f3 la interpelaci\u00f3n del secretario de Seguridad municipal, Sebasti\u00e1n Castillo, para que brinde detalles sobre sus funciones y la situaci\u00f3n en el distrito, en una medida que, seg\u00fan los ediles, <strong>responde a la preocupaci\u00f3n por el incremento de hechos delictivos en Lan\u00fas, destacando la falta de pol\u00edticas de seguridad <\/strong>tanto a nivel provincial como municipal.<\/p>\n\n\n\n<p>\u201cAnte la ausencia de pol\u00edticas en materia de seguridad del gobernador Kicillof, <strong>es responsabilidad del intendente municipal, Juli\u00e1n \u00c1lvarez y de los funcionarios a cargo del \u00e1rea de Seguridad del Municipio de Lan\u00fas generar pol\u00edticas p\u00fablicas<\/strong> acordes a la realidad que viven los vecinos\u201d.<\/p>\n\n\n\n<p>\u201cEs evidente que el Ejecutivo municipal carece de un plan integral de seguridad, ya que <strong>los hechos cotidianos que ocurren en nuestra ciudad demuestran que la inseguridad crece <\/strong>d\u00eda a d\u00eda\u201d, debido al aumento de homicidios en ocasi\u00f3n de robo y otros delitos.<\/p>\n\n\n\n<p>Adem\u00e1s, indicaron que seg\u00fan datos compartidos por el intendente, el camporista Juli\u00e1n \u00c1lvarez, en lo que va de 2024 ya <strong>se registraron 11 asesinatos, cifra que no incluye el episodio en el que falleci\u00f3 <\/strong>el vecino Jos\u00e9 Luis G\u00f3mez, destacado detective de la Polic\u00eda de la Ciudad, que muri\u00f3 de un balazo en el pecho cuando intentaban robarle llegando a su casa.<\/p>\n\n\n\n<p>En este sentido, los concejales de Juntos destacaron <strong>su frustraci\u00f3n por la falta de respuesta del gobierno local y provincial<\/strong> ante esta situaci\u00f3n.<\/p>\n\n\n\n<p>\u201cEs sumamente preocupante ver c\u00f3mo <strong>crece a pasos agigantados el robo de autos que luego queman<\/strong>; los robos y hechos vand\u00e1licos en escuelas, en comercios de la zona; arrebatos en la v\u00eda p\u00fablica, y las plazas ganadas por grupos que las usan como espacio para vandalismo y drogadicci\u00f3n\u201d, sostuvieron.<\/p>\n\n\n\n<p>Entre las cuestiones, el bloque solicita tambi\u00e9n que Castillo de respuesta ante cuestiones que incluyen el estado del monitoreo urbano, el funcionamiento del cuerpo de Seguridad Ciudadana y las estad\u00edsticas de delitos y fallecimientos. Tambi\u00e9n<strong> demanda informaci\u00f3n sobre los recursos asignados a la seguridad,<\/strong> tanto a nivel local como provincial.<\/p>\n\n\n\n<p>A su vez, los ediles insistieron en la urgencia de esta convocatoria, argumentando que la falta de datos impide un control efectivo sobre la gesti\u00f3n municipal en esta \u00e1rea. A su vez, recordaron que durante la sesi\u00f3n del 5 de septiembre, <strong>el Concejo Deliberante rechaz\u00f3 el pedido de informes sobre el plan de seguridad, <\/strong>mediante el desempate por el voto de <strong>Agust\u00edn Balladares<\/strong>, integrante del Movimiento Evita y presidente del cuerpo.<\/p>\n\n\n\n<figure class=\"wp-block-image size-full\"><a href=\"https:\/\/www.elsindical.com.ar\/notas\/var\/www\/html\/notas\/wp-content\/uploads\/2024\/09\/Agustin-Balladares.jpeg\"><img loading=\"lazy\" decoding=\"async\" width=\"960\" height=\"640\" src=\"https:\/\/www.elsindical.com.ar\/notas\/var\/www\/html\/notas\/wp-content\/uploads\/2024\/09\/Agustin-Balladares.jpeg\" alt=\"\" class=\"wp-image-133015\" srcset=\"https:\/\/www.elsindical.com.ar\/notas\/var\/www\/html\/notas\/wp-content\/uploads\/2024\/09\/Agustin-Balladares.jpeg 960w, https:\/\/www.elsindical.com.ar\/notas\/var\/www\/html\/notas\/wp-content\/uploads\/2024\/09\/Agustin-Balladares-300x200.jpeg 300w, https:\/\/www.elsindical.com.ar\/notas\/var\/www\/html\/notas\/wp-content\/uploads\/2024\/09\/Agustin-Balladares-768x512.jpeg 768w, https:\/\/www.elsindical.com.ar\/notas\/var\/www\/html\/notas\/wp-content\/uploads\/2024\/09\/Agustin-Balladares-450x300.jpeg 450w\" sizes=\"auto, (max-width: 960px) 100vw, 960px\" \/><\/a><\/figure>\n\n\n\n<p>\u201cLamentablemente nuestro pedido fue rechazado y tildado de politiquer\u00eda barata, no entendiendo que es un reclamo genuino de nuestros vecinos\u201d, reclacaron.<\/p>\n","protected":false},"excerpt":{"rendered":"<p>El bloque de concejales de Juntos por Lan\u00fas solicit\u00f3 la interpelaci\u00f3n del secretario de Seguridad municipal. El bloque de concejales de Juntos por Lan\u00fas solicit\u00f3 la interpelaci\u00f3n del secretario de Seguridad municipal, Sebasti\u00e1n Castillo, para que brinde detalles sobre sus funciones y la situaci\u00f3n en el distrito, en una medida que, seg\u00fan los ediles, responde&hellip;<\/p>\n","protected":false},"author":1,"featured_media":133014,"comment_status":"open","ping_status":"open","sticky":false,"template":"","format":"standard","meta":{"footnotes":""},"categories":[13],"tags":[34674,4209,43708,2450,16587,984,39958,209,18281,1174,41983,986],"class_list":["post-133013","post","type-post","status-publish","format-standard","has-post-thumbnail","hentry","category-politica","tag-agustin-balladares","tag-asesinatos","tag-comisario-inspector-sergio-ferreira","tag-diario-el-sindical","tag-hcd","tag-inseguridad","tag-julian-alvarez-2","tag-lanus","tag-movimiento-evita","tag-robos","tag-sebastian-castillo","tag-vecinos"],"_links":{"self":[{"href":"https:\/\/www.elsindical.com.ar\/notas\/wp-json\/wp\/v2\/posts\/133013","targetHints":{"allow":["GET"]}}],"collection":[{"href":"https:\/\/www.elsindical.com.ar\/notas\/wp-json\/wp\/v2\/posts"}],"about":[{"href":"https:\/\/www.elsindical.com.ar\/notas\/wp-json\/wp\/v2\/types\/post"}],"author":[{"embeddable":true,"href":"https:\/\/www.elsindical.com.ar\/notas\/wp-json\/wp\/v2\/users\/1"}],"replies":[{"embeddable":true,"href":"https:\/\/www.elsindical.com.ar\/notas\/wp-json\/wp\/v2\/comments?post=133013"}],"version-history":[{"count":1,"href":"https:\/\/www.elsindical.com.ar\/notas\/wp-json\/wp\/v2\/posts\/133013\/revisions"}],"predecessor-version":[{"id":133016,"href":"https:\/\/www.elsindical.com.ar\/notas\/wp-json\/wp\/v2\/posts\/133013\/revisions\/133016"}],"wp:featuredmedia":[{"embeddable":true,"href":"https:\/\/www.elsindical.com.ar\/notas\/wp-json\/wp\/v2\/media\/133014"}],"wp:attachment":[{"href":"https:\/\/www.elsindical.com.ar\/notas\/wp-json\/wp\/v2\/media?parent=133013"}],"wp:term":[{"taxonomy":"category","embeddable":true,"href":"https:\/\/www.elsindical.com.ar\/notas\/wp-json\/wp\/v2\/categories?post=133013"},{"taxonomy":"post_tag","embeddable":true,"href":"https:\/\/www.elsindical.com.ar\/notas\/wp-json\/wp\/v2\/tags?post=133013"}],"curies":[{"name":"wp","href":"https:\/\/api.w.org\/{rel}","templated":true}]}}