{"id":132928,"date":"2024-09-19T15:06:35","date_gmt":"2024-09-19T18:06:35","guid":{"rendered":"https:\/\/www.elsindical.com.ar\/notas\/?p=132928"},"modified":"2024-09-19T15:06:42","modified_gmt":"2024-09-19T18:06:42","slug":"los-sindicatos-de-la-industria-textil-y-del-calzado-advierten-que-la-actual-crisis-laboral-pone-en-peligro-el-sostenimiento-de-las-obras-sociales","status":"publish","type":"post","link":"https:\/\/www.elsindical.com.ar\/notas\/los-sindicatos-de-la-industria-textil-y-del-calzado-advierten-que-la-actual-crisis-laboral-pone-en-peligro-el-sostenimiento-de-las-obras-sociales\/","title":{"rendered":"Los sindicatos de la industria textil y del calzado advierten que la actual crisis laboral pone en peligro el sostenimiento de las Obras Sociales"},"content":{"rendered":"\n<figure class=\"wp-block-image size-large\"><a href=\"https:\/\/www.elsindical.com.ar\/notas\/var\/www\/html\/notas\/wp-content\/uploads\/2024\/09\/AOT-2024.jpeg\"><img loading=\"lazy\" decoding=\"async\" width=\"1024\" height=\"682\" src=\"https:\/\/www.elsindical.com.ar\/notas\/var\/www\/html\/notas\/wp-content\/uploads\/2024\/09\/AOT-2024-1024x682.jpeg\" alt=\"\" class=\"wp-image-132929\" srcset=\"https:\/\/www.elsindical.com.ar\/notas\/var\/www\/html\/notas\/wp-content\/uploads\/2024\/09\/AOT-2024-1024x682.jpeg 1024w, https:\/\/www.elsindical.com.ar\/notas\/var\/www\/html\/notas\/wp-content\/uploads\/2024\/09\/AOT-2024-300x200.jpeg 300w, https:\/\/www.elsindical.com.ar\/notas\/var\/www\/html\/notas\/wp-content\/uploads\/2024\/09\/AOT-2024-768x512.jpeg 768w, https:\/\/www.elsindical.com.ar\/notas\/var\/www\/html\/notas\/wp-content\/uploads\/2024\/09\/AOT-2024-450x300.jpeg 450w, https:\/\/www.elsindical.com.ar\/notas\/var\/www\/html\/notas\/wp-content\/uploads\/2024\/09\/AOT-2024-1536x1023.jpeg 1536w, https:\/\/www.elsindical.com.ar\/notas\/var\/www\/html\/notas\/wp-content\/uploads\/2024\/09\/AOT-2024.jpeg 1600w\" sizes=\"auto, (max-width: 1024px) 100vw, 1024px\" \/><\/a><\/figure>\n\n\n\n<p>La Asociaci\u00f3n Obrera Textil (AOT), que lidera Hugo Ben\u00edtez, realiz\u00f3 en su sede un encuentro que reuni\u00f3 a todos los gremios que componen la cadena de producci\u00f3n textil y del calzado, para analizar la situaci\u00f3n que atraviesa el sector. En el mismo, advirtieron sobre el desplome en la actividad, la ca\u00edda del poder adquisitivo, la reducci\u00f3n de horas extras y el achicamiento de la jornada laboral, entre otras problem\u00e1ticas. \u201cEsta realidad, nos impacta de igual manera a todos y multiplica el drama diario y la incertidumbre que viven las compa\u00f1eras y los compa\u00f1eros de todo el pa\u00eds\u201d, se\u00f1alaron.<\/p>\n\n\n\n<p>En este marco, Ben\u00edtez asegur\u00f3 que trabajar\u00e1n \u201cjuntos en las f\u00e1bricas para mantener los derechos que tantos a\u00f1os de lucha nos costaron\u201d, y que el recorte en los ingresos de los trabajadores \u201cpone en riesgo al sistema solidario de salud que protege al grupo familiar\u201d.<\/p>\n\n\n\n<p>En la misma l\u00ednea, los distintos dirigentes sindicales presentes en la reuni\u00f3n coincidieron en que los costos de los servicios y medicamentos de la salud, ahora desregulados, \u201cponen en riesgo la calidad y continuidad del sistema solidario al que accedi\u00f3, siempre la familia trabajadora\u201d.<\/p>\n\n\n\n<p>Por su parte, Jorge Rojas del Sindicato del Vestido (SOIVA), describi\u00f3: \u201cLa crisis se aceler\u00f3 desde fines del a\u00f1o anterior, llevando a la p\u00e9rdida de fuentes de empleo y al cierre de empresas en todo el sector\u201d. Tambi\u00e9n, Heraldo Mage de la Uni\u00f3n de Cortadores de Indumentaria (UCI), sostuvo que, por la ca\u00edda en los aportes, \u201cse vive una brutal baja en la recaudaci\u00f3n de las organizaciones\u201d.<\/p>\n\n\n\n<p>Para finalizar, Jos\u00e9 Minaberrigaray del Sindicato de Trabajadores de la Indumentaria (SETIA) denunci\u00f3 que \u201cla p\u00e9rdida del poder adquisitivo aumenta la incertidumbre de las compa\u00f1eras y los compa\u00f1eros de todo el pa\u00eds\u201d, y, en el mismo sentido, Horacio Jerez de UTICRA concluy\u00f3: \u201cQueremos una industria fuerte, que genere trabajo, desarrollo y ponga la salud como un derecho b\u00e1sico e irrenunciable, no como un lujo.\u201d<\/p>\n\n\n\n<p>Participaron en el encuentro referentes del SETIA; de la UCI; del SOIVA y de La Uni\u00f3n de Trabajadores de la Industria el Calzado de la Rep\u00fablica Argentina (UTICRA).<\/p>\n\n\n\n<p><\/p>\n","protected":false},"excerpt":{"rendered":"<p>La Asociaci\u00f3n Obrera Textil (AOT), que lidera Hugo Ben\u00edtez, realiz\u00f3 en su sede un encuentro que reuni\u00f3 a todos los gremios que componen la cadena de producci\u00f3n textil y del calzado, para analizar la situaci\u00f3n que atraviesa el sector. En el mismo, advirtieron sobre el desplome en la actividad, la ca\u00edda del poder adquisitivo, la&hellip;<\/p>\n","protected":false},"author":1,"featured_media":132929,"comment_status":"open","ping_status":"open","sticky":false,"template":"","format":"standard","meta":{"footnotes":""},"categories":[16],"tags":[23891,2450,43682,43681,6348,22748,24727],"class_list":["post-132928","post","type-post","status-publish","format-standard","has-post-thumbnail","hentry","category-gremiales","tag-aot","tag-diario-el-sindical","tag-hugo-benitez","tag-setiia","tag-soiva","tag-uci","tag-uticra"],"_links":{"self":[{"href":"https:\/\/www.elsindical.com.ar\/notas\/wp-json\/wp\/v2\/posts\/132928","targetHints":{"allow":["GET"]}}],"collection":[{"href":"https:\/\/www.elsindical.com.ar\/notas\/wp-json\/wp\/v2\/posts"}],"about":[{"href":"https:\/\/www.elsindical.com.ar\/notas\/wp-json\/wp\/v2\/types\/post"}],"author":[{"embeddable":true,"href":"https:\/\/www.elsindical.com.ar\/notas\/wp-json\/wp\/v2\/users\/1"}],"replies":[{"embeddable":true,"href":"https:\/\/www.elsindical.com.ar\/notas\/wp-json\/wp\/v2\/comments?post=132928"}],"version-history":[{"count":1,"href":"https:\/\/www.elsindical.com.ar\/notas\/wp-json\/wp\/v2\/posts\/132928\/revisions"}],"predecessor-version":[{"id":132930,"href":"https:\/\/www.elsindical.com.ar\/notas\/wp-json\/wp\/v2\/posts\/132928\/revisions\/132930"}],"wp:featuredmedia":[{"embeddable":true,"href":"https:\/\/www.elsindical.com.ar\/notas\/wp-json\/wp\/v2\/media\/132929"}],"wp:attachment":[{"href":"https:\/\/www.elsindical.com.ar\/notas\/wp-json\/wp\/v2\/media?parent=132928"}],"wp:term":[{"taxonomy":"category","embeddable":true,"href":"https:\/\/www.elsindical.com.ar\/notas\/wp-json\/wp\/v2\/categories?post=132928"},{"taxonomy":"post_tag","embeddable":true,"href":"https:\/\/www.elsindical.com.ar\/notas\/wp-json\/wp\/v2\/tags?post=132928"}],"curies":[{"name":"wp","href":"https:\/\/api.w.org\/{rel}","templated":true}]}}