{"id":132922,"date":"2024-09-19T12:57:08","date_gmt":"2024-09-19T15:57:08","guid":{"rendered":"https:\/\/www.elsindical.com.ar\/notas\/?p=132922"},"modified":"2024-09-19T19:14:40","modified_gmt":"2024-09-19T22:14:40","slug":"silvina-soria-contra-el-referente-de-karina-milei-en-la-provincia-de-buenos-aires","status":"publish","type":"post","link":"https:\/\/www.elsindical.com.ar\/notas\/silvina-soria-contra-el-referente-de-karina-milei-en-la-provincia-de-buenos-aires\/","title":{"rendered":"Silvina Soria contra el referente de Karina Milei en la provincia de Buenos Aires"},"content":{"rendered":"\n<figure class=\"wp-block-image size-large\"><a href=\"https:\/\/www.elsindical.com.ar\/notas\/var\/www\/html\/notas\/wp-content\/uploads\/2024\/09\/Silvina-Soria-LLA-20234.jpg\"><img loading=\"lazy\" decoding=\"async\" width=\"1024\" height=\"576\" src=\"https:\/\/www.elsindical.com.ar\/notas\/var\/www\/html\/notas\/wp-content\/uploads\/2024\/09\/Silvina-Soria-LLA-20234-1024x576.jpg\" alt=\"\" class=\"wp-image-132923\" srcset=\"https:\/\/www.elsindical.com.ar\/notas\/var\/www\/html\/notas\/wp-content\/uploads\/2024\/09\/Silvina-Soria-LLA-20234-1024x576.jpg 1024w, https:\/\/www.elsindical.com.ar\/notas\/var\/www\/html\/notas\/wp-content\/uploads\/2024\/09\/Silvina-Soria-LLA-20234-300x169.jpg 300w, https:\/\/www.elsindical.com.ar\/notas\/var\/www\/html\/notas\/wp-content\/uploads\/2024\/09\/Silvina-Soria-LLA-20234-768x432.jpg 768w, https:\/\/www.elsindical.com.ar\/notas\/var\/www\/html\/notas\/wp-content\/uploads\/2024\/09\/Silvina-Soria-LLA-20234-500x281.jpg 500w, https:\/\/www.elsindical.com.ar\/notas\/var\/www\/html\/notas\/wp-content\/uploads\/2024\/09\/Silvina-Soria-LLA-20234-460x260.jpg 460w, https:\/\/www.elsindical.com.ar\/notas\/var\/www\/html\/notas\/wp-content\/uploads\/2024\/09\/Silvina-Soria-LLA-20234.jpg 1280w\" sizes=\"auto, (max-width: 1024px) 100vw, 1024px\" \/><\/a><\/figure>\n\n\n\n<p>Una referente del espacio de Avellaneda que responde a Victoria Villarruel apunt\u00f3 contra Sebasti\u00e1n Pareja, quien trabaja para la Secretaria General de la Presidencia. \u00abLos candidatos van a ser los que pongan plata\u00bb, advirti\u00f3.<\/p>\n\n\n\n<p><strong>Silvina Soria, referente de La Libertad Avanza en Avellaneda y precandidata a diputada para las pr\u00f3ximas elecciones legislativas, apunt\u00f3 contra Sebasti\u00e1n Pareja, el armador de Karina Milei en la provincia de Buenos Aires<\/strong>, a quien acus\u00f3 de estar \u00abutilizando a militantes\u00bb para la campa\u00f1a de 2025, y advirti\u00f3 que <strong>\u00ablos candidatos van a ser los que pongan plata\u00bb<\/strong>.<\/p>\n\n\n\n<p>\u00ab(Pareja) est\u00e1 utilizando a los militantes, <strong>les est\u00e1 mintiendo, dici\u00e9ndoles que van a ser candidatos<\/strong>, cuando en realidad van a ser los amigos de \u00e9l, los viejos pol\u00edticos de Juntos por el Cambio, como hizo con la campa\u00f1a del a\u00f1o pasado\u00bb, asegur\u00f3 Soria, en di\u00e1logo con <strong>Mauro Federico<\/strong> en <strong>Minuto Final<\/strong>.<\/p>\n\n\n\n<p>\u00abEs decir,<strong> las primeras candidaturas van a ser para los que ponen la plata para poner un local en el distrito, los que pagan los fiscales<\/strong>, los que ponen la plata para la movilidad, no para los militantes o los que son potencialmente id\u00f3neos\u00bb, agreg\u00f3 la referente libertaria, quien responde pol\u00edticamente a la vicepresidenta <strong>Victoria Villarruel<\/strong>.<\/p>\n\n\n\n<p>Seg\u00fan se\u00f1al\u00f3 Mauro Federico, Pareja, el armador de La Libertad Avanza en el territorio bonaerense, proviene del antiguo Frente de Todos, m\u00e1s precisamente del Frente Renovador, y tiene la capacidad para <strong>articular con diferentes sectores<\/strong>.<\/p>\n\n\n\n<p><strong>\u00abEs una especie de conductor de ambulancia que va recolectando heridos del peronismo. Un aglutinador de gente que pone guita para bancar la campa\u00f1a\u00bb<\/strong>, resumi\u00f3 el periodista.<\/p>\n\n\n\n<p>Seg\u00fan Soria, \u00abes evidente el mal armado que hizo\u00bb Pareja en la Provincia en 2023. \u00abPor eso est\u00e1n las rupturas en los distintos bloques en diputados, en los concejos deliberantes, porque no hay libertarios puros, los jovencitos que militaban con el sue\u00f1o de estar en la pol\u00edtica porque apoyaban a Javie Milei\u00bb, advirti\u00f3.<\/p>\n\n\n\n<p>\u00abNo es la pol\u00edtica nueva lo que est\u00e1n usando, es m\u00e1s de la pol\u00edtica vieja\u00bb, concluy\u00f3 la precandidata a diputada de La Libertad Avanza.<\/p>\n\n\n\n<figure class=\"wp-block-embed is-type-video is-provider-youtube wp-block-embed-youtube wp-embed-aspect-16-9 wp-has-aspect-ratio\"><div class=\"wp-block-embed__wrapper\">\n<iframe loading=\"lazy\" title=\"Silvina Soria contra el elegido de Karina Milei\" width=\"700\" height=\"394\" src=\"https:\/\/www.youtube.com\/embed\/2gezM5fTaN8?feature=oembed\" frameborder=\"0\" allow=\"accelerometer; autoplay; clipboard-write; encrypted-media; gyroscope; picture-in-picture; web-share\" referrerpolicy=\"strict-origin-when-cross-origin\" allowfullscreen><\/iframe>\n<\/div><\/figure>\n","protected":false},"excerpt":{"rendered":"<p>Una referente del espacio de Avellaneda que responde a Victoria Villarruel apunt\u00f3 contra Sebasti\u00e1n Pareja, quien trabaja para la Secretaria General de la Presidencia. \u00abLos candidatos van a ser los que pongan plata\u00bb, advirti\u00f3. Silvina Soria, referente de La Libertad Avanza en Avellaneda y precandidata a diputada para las pr\u00f3ximas elecciones legislativas, apunt\u00f3 contra Sebasti\u00e1n&hellip;<\/p>\n","protected":false},"author":1,"featured_media":132923,"comment_status":"open","ping_status":"open","sticky":false,"template":"","format":"standard","meta":{"footnotes":""},"categories":[13],"tags":[2450,40428,40628,43679,43678,39926,40812],"class_list":["post-132922","post","type-post","status-publish","format-standard","has-post-thumbnail","hentry","category-politica","tag-diario-el-sindical","tag-karina-milei","tag-lla","tag-pedido-de-dinero","tag-sebastian-pareja","tag-silvina-soria","tag-victoria-villaruel"],"_links":{"self":[{"href":"https:\/\/www.elsindical.com.ar\/notas\/wp-json\/wp\/v2\/posts\/132922","targetHints":{"allow":["GET"]}}],"collection":[{"href":"https:\/\/www.elsindical.com.ar\/notas\/wp-json\/wp\/v2\/posts"}],"about":[{"href":"https:\/\/www.elsindical.com.ar\/notas\/wp-json\/wp\/v2\/types\/post"}],"author":[{"embeddable":true,"href":"https:\/\/www.elsindical.com.ar\/notas\/wp-json\/wp\/v2\/users\/1"}],"replies":[{"embeddable":true,"href":"https:\/\/www.elsindical.com.ar\/notas\/wp-json\/wp\/v2\/comments?post=132922"}],"version-history":[{"count":2,"href":"https:\/\/www.elsindical.com.ar\/notas\/wp-json\/wp\/v2\/posts\/132922\/revisions"}],"predecessor-version":[{"id":132939,"href":"https:\/\/www.elsindical.com.ar\/notas\/wp-json\/wp\/v2\/posts\/132922\/revisions\/132939"}],"wp:featuredmedia":[{"embeddable":true,"href":"https:\/\/www.elsindical.com.ar\/notas\/wp-json\/wp\/v2\/media\/132923"}],"wp:attachment":[{"href":"https:\/\/www.elsindical.com.ar\/notas\/wp-json\/wp\/v2\/media?parent=132922"}],"wp:term":[{"taxonomy":"category","embeddable":true,"href":"https:\/\/www.elsindical.com.ar\/notas\/wp-json\/wp\/v2\/categories?post=132922"},{"taxonomy":"post_tag","embeddable":true,"href":"https:\/\/www.elsindical.com.ar\/notas\/wp-json\/wp\/v2\/tags?post=132922"}],"curies":[{"name":"wp","href":"https:\/\/api.w.org\/{rel}","templated":true}]}}