{"id":132907,"date":"2024-09-18T13:33:34","date_gmt":"2024-09-18T16:33:34","guid":{"rendered":"https:\/\/www.elsindical.com.ar\/notas\/?p=132907"},"modified":"2024-09-18T13:33:40","modified_gmt":"2024-09-18T16:33:40","slug":"los-municipios-pueden-seguir-cobrando-tasas-en-facturas-de-servicios-segun-fallo-judicial","status":"publish","type":"post","link":"https:\/\/www.elsindical.com.ar\/notas\/los-municipios-pueden-seguir-cobrando-tasas-en-facturas-de-servicios-segun-fallo-judicial\/","title":{"rendered":"Los municipios pueden seguir cobrando tasas en facturas de servicios seg\u00fan fallo judicial"},"content":{"rendered":"\n<figure class=\"wp-block-image size-large\"><a href=\"https:\/\/www.elsindical.com.ar\/notas\/var\/www\/html\/notas\/wp-content\/uploads\/2024\/09\/facturas-de-servicios.jpeg\"><img loading=\"lazy\" decoding=\"async\" width=\"1024\" height=\"878\" src=\"https:\/\/www.elsindical.com.ar\/notas\/var\/www\/html\/notas\/wp-content\/uploads\/2024\/09\/facturas-de-servicios-1024x878.jpeg\" alt=\"\" class=\"wp-image-132791\" srcset=\"https:\/\/www.elsindical.com.ar\/notas\/var\/www\/html\/notas\/wp-content\/uploads\/2024\/09\/facturas-de-servicios-1024x878.jpeg 1024w, https:\/\/www.elsindical.com.ar\/notas\/var\/www\/html\/notas\/wp-content\/uploads\/2024\/09\/facturas-de-servicios-300x257.jpeg 300w, https:\/\/www.elsindical.com.ar\/notas\/var\/www\/html\/notas\/wp-content\/uploads\/2024\/09\/facturas-de-servicios-768x659.jpeg 768w, https:\/\/www.elsindical.com.ar\/notas\/var\/www\/html\/notas\/wp-content\/uploads\/2024\/09\/facturas-de-servicios-350x300.jpeg 350w, https:\/\/www.elsindical.com.ar\/notas\/var\/www\/html\/notas\/wp-content\/uploads\/2024\/09\/facturas-de-servicios.jpeg 1179w\" sizes=\"auto, (max-width: 1024px) 100vw, 1024px\" \/><\/a><\/figure>\n\n\n\n<p>La Justicia de Campana acept\u00f3 la medida cautelar presentada por Pilar para dejar sin efecto la decisi\u00f3n del Gobierno y que los municipios puedan seguir cobrando tasas en las facturas.<\/p>\n\n\n\n<p><strong>Rev\u00e9s judicial para el Gobierno de Javier Milei en torno a la prohibici\u00f3n para los municipios de incluir cargos por tasas o impuestos municipales en las facturas de servicios, como luz y gas.<\/strong><\/p>\n\n\n\n<p><strong>El Juzgado Federal de Campana suspendi\u00f3 temporalmente la Resoluci\u00f3n 267\/2024 publicada en el Bolet\u00edn Oficial.<\/strong> Fue a pedido del Municipio de Pilar.<\/p>\n\n\n\n<p>La medida hab\u00eda sido anunciada por el ministro de Econom\u00eda, Luis Caputo, en su cuenta de X, al asegurar que \u201clos municipios ya no podr\u00e1n incluir impuestos y tasas en las facturas de servicios\u201d y luego fue oficializada.<\/p>\n\n\n\n<p>En los fundamentos de la decisi\u00f3n judicial se se\u00f1ala que <strong>\u201cla Constituci\u00f3n de la Provincia de Buenos Aires, autoriza a los municipios a dictar ordenanzas y reglamentos, dentro de las atribuciones que le confiere, y a votar anualmente su presupuesto y los recursos para costearlo\u201d<\/strong>.<\/p>\n\n\n\n<p>Ante esa situaci\u00f3n, la justicia decidi\u00f3 hacer lugar a la medida cautelar orden\u00e1ndose la suspensi\u00f3n de los efectos de la Resoluci\u00f3n 267\/2024 dictada por la Secretar\u00eda de Comercio e Industria de la Naci\u00f3n.<\/p>\n","protected":false},"excerpt":{"rendered":"<p>La Justicia de Campana acept\u00f3 la medida cautelar presentada por Pilar para dejar sin efecto la decisi\u00f3n del Gobierno y que los municipios puedan seguir cobrando tasas en las facturas. Rev\u00e9s judicial para el Gobierno de Javier Milei en torno a la prohibici\u00f3n para los municipios de incluir cargos por tasas o impuestos municipales en&hellip;<\/p>\n","protected":false},"author":1,"featured_media":132791,"comment_status":"open","ping_status":"open","sticky":false,"template":"","format":"standard","meta":{"footnotes":""},"categories":[20,13],"tags":[3027,43672,2450,7420,40612,8190],"class_list":["post-132907","post","type-post","status-publish","format-standard","has-post-thumbnail","hentry","category-judiciales","category-politica","tag-campana","tag-cobro-de-tasas","tag-diario-el-sindical","tag-fallo-judicial","tag-municipio-de-pilar","tag-municipios"],"_links":{"self":[{"href":"https:\/\/www.elsindical.com.ar\/notas\/wp-json\/wp\/v2\/posts\/132907","targetHints":{"allow":["GET"]}}],"collection":[{"href":"https:\/\/www.elsindical.com.ar\/notas\/wp-json\/wp\/v2\/posts"}],"about":[{"href":"https:\/\/www.elsindical.com.ar\/notas\/wp-json\/wp\/v2\/types\/post"}],"author":[{"embeddable":true,"href":"https:\/\/www.elsindical.com.ar\/notas\/wp-json\/wp\/v2\/users\/1"}],"replies":[{"embeddable":true,"href":"https:\/\/www.elsindical.com.ar\/notas\/wp-json\/wp\/v2\/comments?post=132907"}],"version-history":[{"count":1,"href":"https:\/\/www.elsindical.com.ar\/notas\/wp-json\/wp\/v2\/posts\/132907\/revisions"}],"predecessor-version":[{"id":132908,"href":"https:\/\/www.elsindical.com.ar\/notas\/wp-json\/wp\/v2\/posts\/132907\/revisions\/132908"}],"wp:featuredmedia":[{"embeddable":true,"href":"https:\/\/www.elsindical.com.ar\/notas\/wp-json\/wp\/v2\/media\/132791"}],"wp:attachment":[{"href":"https:\/\/www.elsindical.com.ar\/notas\/wp-json\/wp\/v2\/media?parent=132907"}],"wp:term":[{"taxonomy":"category","embeddable":true,"href":"https:\/\/www.elsindical.com.ar\/notas\/wp-json\/wp\/v2\/categories?post=132907"},{"taxonomy":"post_tag","embeddable":true,"href":"https:\/\/www.elsindical.com.ar\/notas\/wp-json\/wp\/v2\/tags?post=132907"}],"curies":[{"name":"wp","href":"https:\/\/api.w.org\/{rel}","templated":true}]}}