{"id":132803,"date":"2024-09-11T16:17:17","date_gmt":"2024-09-11T19:17:17","guid":{"rendered":"https:\/\/www.elsindical.com.ar\/notas\/?p=132803"},"modified":"2024-09-11T16:17:24","modified_gmt":"2024-09-11T19:17:24","slug":"el-oficialismo-con-los-acuerdos-logro-vetar-la-ley-de-movilidad-jubilatoria","status":"publish","type":"post","link":"https:\/\/www.elsindical.com.ar\/notas\/el-oficialismo-con-los-acuerdos-logro-vetar-la-ley-de-movilidad-jubilatoria\/","title":{"rendered":"El oficialismo con los acuerdos logr\u00f3 vetar la Ley de Movilidad Jubilatoria"},"content":{"rendered":"\n<figure class=\"wp-block-image size-large\"><a href=\"https:\/\/www.elsindical.com.ar\/notas\/var\/www\/html\/notas\/wp-content\/uploads\/2024\/09\/Camara-de-diputados-2024.jpg\"><img loading=\"lazy\" decoding=\"async\" width=\"1024\" height=\"576\" src=\"https:\/\/www.elsindical.com.ar\/notas\/var\/www\/html\/notas\/wp-content\/uploads\/2024\/09\/Camara-de-diputados-2024-1024x576.jpg\" alt=\"\" class=\"wp-image-132804\" srcset=\"https:\/\/www.elsindical.com.ar\/notas\/var\/www\/html\/notas\/wp-content\/uploads\/2024\/09\/Camara-de-diputados-2024-1024x576.jpg 1024w, https:\/\/www.elsindical.com.ar\/notas\/var\/www\/html\/notas\/wp-content\/uploads\/2024\/09\/Camara-de-diputados-2024-300x169.jpg 300w, https:\/\/www.elsindical.com.ar\/notas\/var\/www\/html\/notas\/wp-content\/uploads\/2024\/09\/Camara-de-diputados-2024-768x432.jpg 768w, https:\/\/www.elsindical.com.ar\/notas\/var\/www\/html\/notas\/wp-content\/uploads\/2024\/09\/Camara-de-diputados-2024-500x281.jpg 500w, https:\/\/www.elsindical.com.ar\/notas\/var\/www\/html\/notas\/wp-content\/uploads\/2024\/09\/Camara-de-diputados-2024-1536x864.jpg 1536w, https:\/\/www.elsindical.com.ar\/notas\/var\/www\/html\/notas\/wp-content\/uploads\/2024\/09\/Camara-de-diputados-2024-460x260.jpg 460w, https:\/\/www.elsindical.com.ar\/notas\/var\/www\/html\/notas\/wp-content\/uploads\/2024\/09\/Camara-de-diputados-2024.jpg 2048w\" sizes=\"auto, (max-width: 1024px) 100vw, 1024px\" \/><\/a><\/figure>\n\n\n\n<p class=\"wp-block-paragraph\">El oficialismo, en alianza con Pro, otros partidos aliados y algunos diputados Radicales, reuni\u00f3 el tercio necesario para que la oposici\u00f3n no pueda insistir con la recomposici\u00f3n; la oposici\u00f3n estuvo a 13 votos de doblegar la medida presidencial.<\/p>\n\n\n\n<p class=\"wp-block-paragraph\">La oposici\u00f3n alcanz\u00f3 una mayor\u00eda en la C\u00e1mara, pero\u00a0<strong>no logr\u00f3 revertir el veto de Javier Milei, ya que se necesitaban 166 votos<\/strong>\u00a0(dos tercios de los 248 legisladores presentes, dado que hubieron 9 ausentes) y el balance fue de 153 afirmativos, 87 negativos y 8 abstenciones. En ese marco,\u00a0<strong>se mantiene vigente el actual sistema previsional establecido por decreto<\/strong>\u00a0por el Gobierno en el mes de marzo.<\/p>\n\n\n\n<p class=\"wp-block-paragraph\">El oficialismo, en alianza con el bloque Pro, un mosaico de bloques aliados y media docena de&nbsp;diputados radicales,<strong> logr\u00f3 en las \u00faltimas horas reunir el tercio de las voluntades para bloquear la insistencia.<\/strong><\/p>\n\n\n\n<p class=\"wp-block-paragraph\">A los legisladores que ya hab\u00edan anunciado un giro en su posici\u00f3n se sum\u00f3 durante la sesi\u00f3n el rionegrino&nbsp;<strong>Agust\u00edn Domingo<\/strong>, que confirm\u00f3 la abstenci\u00f3n del bloque Innovaci\u00f3n Federal, ligado a los gobernadores de Salta, Misiones, R\u00edo Negro y Neuqu\u00e9n.<strong>&nbsp;Sus 8 integrantes hab\u00edan votado a favor de la ley en la sesi\u00f3n de junio<\/strong><\/p>\n\n\n\n<p class=\"wp-block-paragraph\">\u201c<strong>Hoy los jubilados van a perder<\/strong>. No van a ganar ustedes, no vamos a perder nosotros, van a perder los jubilados que no encuentran una soluci\u00f3n. Sobre c\u00f3mo consiguieron el n\u00famero, me voy a eximir de hablar. La verdad es que las im\u00e1genes, las fotos en la Rosada, los acuerdos degradan cada vez m\u00e1s la pol\u00edtica\u201d, asest\u00f3 el diputado&nbsp;<strong>Juan L\u00f3pez,<\/strong>&nbsp;de la Coalici\u00f3n C\u00edvica, en alusi\u00f3n a&nbsp;la foto que retrat\u00f3 a Milei con cinco diputados de la UCR&nbsp;que anticiparon que sostendr\u00e1n el veto presidencial sobre la ley jubilatoria.<\/p>\n\n\n\n<p class=\"wp-block-paragraph\">La ley vetada establece una mejora en los haberes jubilatorios con la&nbsp;<strong>recomposici\u00f3n del 8,1% por la inflaci\u00f3n de enero que no fue reconocida por el Gobierno.<\/strong>&nbsp;Asimismo, ratifica la f\u00f3rmula de movilidad que impuso el Gobierno por decreto, por la cual se actualizan los ingresos de los jubilados por inflaci\u00f3n.<\/p>\n\n\n\n<p class=\"wp-block-paragraph\">Adem\u00e1s, propone un aumento anual adicional en marzo seg\u00fan la diferencia entre el \u00edndice Ripte (Remuneraci\u00f3n Imponible Promedio de los Trabajadores Estables) y el \u00cdndice de Precios al Consumidor (IPC). Tambi\u00e9n prev\u00e9 la cancelaci\u00f3n de deudas que mantiene la Anses con las cajas previsionales no transferidas. <strong>Estos dos art\u00edculos son los m\u00e1s resistidos por el Poder Ejecutivo, que advirti\u00f3 que la norma implicar\u00e1 un costo fiscal del 1,2 puntos del PBI.<\/strong><\/p>\n","protected":false},"excerpt":{"rendered":"<p>El oficialismo, en alianza con Pro, otros partidos aliados y algunos diputados Radicales, reuni\u00f3 el tercio necesario para que la oposici\u00f3n no pueda insistir con la recomposici\u00f3n; la oposici\u00f3n estuvo a 13 votos de doblegar la medida presidencial. La oposici\u00f3n alcanz\u00f3 una mayor\u00eda en la C\u00e1mara, pero\u00a0no logr\u00f3 revertir el veto de Javier Milei, ya&hellip;<\/p>\n","protected":false},"author":1,"featured_media":132804,"comment_status":"open","ping_status":"open","sticky":false,"template":"","format":"standard","meta":{"footnotes":""},"categories":[13],"tags":[18798,2450,28812,43643,22025,43644],"class_list":["post-132803","post","type-post","status-publish","format-standard","has-post-thumbnail","hentry","category-politica","tag-camara-de-diputados-de-la-nacion","tag-diario-el-sindical","tag-javier-milei","tag-ley-de-movilidad-jubilatoria","tag-politica","tag-veto-presidencia"],"_links":{"self":[{"href":"https:\/\/www.elsindical.com.ar\/notas\/wp-json\/wp\/v2\/posts\/132803","targetHints":{"allow":["GET"]}}],"collection":[{"href":"https:\/\/www.elsindical.com.ar\/notas\/wp-json\/wp\/v2\/posts"}],"about":[{"href":"https:\/\/www.elsindical.com.ar\/notas\/wp-json\/wp\/v2\/types\/post"}],"author":[{"embeddable":true,"href":"https:\/\/www.elsindical.com.ar\/notas\/wp-json\/wp\/v2\/users\/1"}],"replies":[{"embeddable":true,"href":"https:\/\/www.elsindical.com.ar\/notas\/wp-json\/wp\/v2\/comments?post=132803"}],"version-history":[{"count":1,"href":"https:\/\/www.elsindical.com.ar\/notas\/wp-json\/wp\/v2\/posts\/132803\/revisions"}],"predecessor-version":[{"id":132805,"href":"https:\/\/www.elsindical.com.ar\/notas\/wp-json\/wp\/v2\/posts\/132803\/revisions\/132805"}],"wp:featuredmedia":[{"embeddable":true,"href":"https:\/\/www.elsindical.com.ar\/notas\/wp-json\/wp\/v2\/media\/132804"}],"wp:attachment":[{"href":"https:\/\/www.elsindical.com.ar\/notas\/wp-json\/wp\/v2\/media?parent=132803"}],"wp:term":[{"taxonomy":"category","embeddable":true,"href":"https:\/\/www.elsindical.com.ar\/notas\/wp-json\/wp\/v2\/categories?post=132803"},{"taxonomy":"post_tag","embeddable":true,"href":"https:\/\/www.elsindical.com.ar\/notas\/wp-json\/wp\/v2\/tags?post=132803"}],"curies":[{"name":"wp","href":"https:\/\/api.w.org\/{rel}","templated":true}]}}