{"id":132790,"date":"2024-09-10T21:51:18","date_gmt":"2024-09-11T00:51:18","guid":{"rendered":"https:\/\/www.elsindical.com.ar\/notas\/?p=132790"},"modified":"2024-09-10T21:51:25","modified_gmt":"2024-09-11T00:51:25","slug":"luis-caputo-anuncio-que-municipios-y-provincias-ya-no-podran-incluir-impuestos-y-tasas-en-las-facturas-de-servicios","status":"publish","type":"post","link":"https:\/\/www.elsindical.com.ar\/notas\/luis-caputo-anuncio-que-municipios-y-provincias-ya-no-podran-incluir-impuestos-y-tasas-en-las-facturas-de-servicios\/","title":{"rendered":"Luis Caputo anunci\u00f3 que municipios y provincias ya no podr\u00e1n incluir impuestos y tasas en las facturas de servicios"},"content":{"rendered":"<div class=\"wp-block-image\">\n<figure class=\"aligncenter size-large\"><a href=\"https:\/\/www.elsindical.com.ar\/notas\/var\/www\/html\/notas\/wp-content\/uploads\/2024\/09\/facturas-de-servicios.jpeg\"><img loading=\"lazy\" decoding=\"async\" width=\"1024\" height=\"878\" src=\"https:\/\/www.elsindical.com.ar\/notas\/var\/www\/html\/notas\/wp-content\/uploads\/2024\/09\/facturas-de-servicios-1024x878.jpeg\" alt=\"\" class=\"wp-image-132791\" srcset=\"https:\/\/www.elsindical.com.ar\/notas\/var\/www\/html\/notas\/wp-content\/uploads\/2024\/09\/facturas-de-servicios-1024x878.jpeg 1024w, https:\/\/www.elsindical.com.ar\/notas\/var\/www\/html\/notas\/wp-content\/uploads\/2024\/09\/facturas-de-servicios-300x257.jpeg 300w, https:\/\/www.elsindical.com.ar\/notas\/var\/www\/html\/notas\/wp-content\/uploads\/2024\/09\/facturas-de-servicios-768x659.jpeg 768w, https:\/\/www.elsindical.com.ar\/notas\/var\/www\/html\/notas\/wp-content\/uploads\/2024\/09\/facturas-de-servicios-350x300.jpeg 350w, https:\/\/www.elsindical.com.ar\/notas\/var\/www\/html\/notas\/wp-content\/uploads\/2024\/09\/facturas-de-servicios.jpeg 1179w\" sizes=\"auto, (max-width: 1024px) 100vw, 1024px\" \/><\/a><\/figure>\n<\/div>\n\n\n<p>El ministro de Econom\u00eda anticip\u00f3 que la medida saldr\u00e1 publicada este mi\u00e9rcoles en el Bolet\u00edn Oficial. Busca terminar con cargos en las facturas de luz, agua y gas que no tienen que ver con esa contraprestaci\u00f3n.<\/p>\n\n\n\n<p>Luis Caputo anunci\u00f3 que los <strong>municipios y las provincias ya no podr\u00e1n incluir impuestos y tasas <\/strong>en las facturas de <strong>servicios<\/strong> que env\u00edan a los usuarios.<\/p>\n\n\n\n<p>\u00abAnte reiteradas denuncias p\u00fablicas sobre municipios que incluyen tasas locales en la facturaci\u00f3n de servicios esenciales tales como la luz y el gas, la Secretar\u00eda de Industria y Comercio del Ministerio de Econom\u00eda dispuso, a trav\u00e9s de la Resoluci\u00f3n 2024-267 que saldr\u00e1 ma\u00f1ana en el Bolet\u00edn Oficial, que<strong> las facturas de servicios esenciales deben contener de forma \u00fanica y exclusiva la descripci\u00f3n y el precio correspondiente al servicio contratado por el consumidor<\/strong>, quedando prohibido incluir cargos ajenos a la naturaleza del servicio\u00bb, asegur\u00f3 el ministro de Econom\u00eda en X.<\/p>\n\n\n\n<p>Desde agosto, comenzaron los reclamos de diversas c\u00e1maras empresariales por<strong> los aumentos de las tasas municipales,<\/strong> que vienen incluidas en las boletas de los servicios p\u00fablicos.<\/p>\n\n\n\n<p>All\u00ed se mencionan los cargos como Obras Sanitarias; Tasa por Inspecci\u00f3n de Higiene de General Lavalle; Ordenanza Nro. 4397 del Municipio de la Costa -incluyen tasas, derechos y grav\u00e1menes que deben afrontar los contribuyentes-; Bonificaci\u00f3n a socios de Obras Sanitarias; Cuota social; Bomberos voluntarios; Tasa por Servicios Generales por el inmueble de la Asociaci\u00f3n Cooperadora Unidad Hospitalaria de Mar de Aj\u00f3 y el 21% del IVA por obras sanitarias y otros.<\/p>\n\n\n\n<p>Desde la CAME advirtieron que \u201c<strong>La Naci\u00f3n va haciendo una reducci\u00f3n de impuestos<\/strong>, pero, a nivel local, lamentablemente, se van fortaleciendo las tasas municipales y a los vecinos se les va encareciendo la producci\u00f3n y <strong>haciendo m\u00e1s gravoso mantener las empresas\u201d.<\/strong><\/p>\n","protected":false},"excerpt":{"rendered":"<p>El ministro de Econom\u00eda anticip\u00f3 que la medida saldr\u00e1 publicada este mi\u00e9rcoles en el Bolet\u00edn Oficial. Busca terminar con cargos en las facturas de luz, agua y gas que no tienen que ver con esa contraprestaci\u00f3n. Luis Caputo anunci\u00f3 que los municipios y las provincias ya no podr\u00e1n incluir impuestos y tasas en las facturas&hellip;<\/p>\n","protected":false},"author":1,"featured_media":132791,"comment_status":"open","ping_status":"open","sticky":false,"template":"","format":"standard","meta":{"footnotes":""},"categories":[9,13],"tags":[43341,2450,22023,43636,24979,43637,8190,3780],"class_list":["post-132790","post","type-post","status-publish","format-standard","has-post-thumbnail","hentry","category-economia","category-politica","tag-politica-3","tag-diario-el-sindical","tag-economia","tag-factura-de-servicios","tag-luis-caputo","tag-ministro-de-economia-de-la-nacion","tag-municipios","tag-provincias"],"_links":{"self":[{"href":"https:\/\/www.elsindical.com.ar\/notas\/wp-json\/wp\/v2\/posts\/132790","targetHints":{"allow":["GET"]}}],"collection":[{"href":"https:\/\/www.elsindical.com.ar\/notas\/wp-json\/wp\/v2\/posts"}],"about":[{"href":"https:\/\/www.elsindical.com.ar\/notas\/wp-json\/wp\/v2\/types\/post"}],"author":[{"embeddable":true,"href":"https:\/\/www.elsindical.com.ar\/notas\/wp-json\/wp\/v2\/users\/1"}],"replies":[{"embeddable":true,"href":"https:\/\/www.elsindical.com.ar\/notas\/wp-json\/wp\/v2\/comments?post=132790"}],"version-history":[{"count":1,"href":"https:\/\/www.elsindical.com.ar\/notas\/wp-json\/wp\/v2\/posts\/132790\/revisions"}],"predecessor-version":[{"id":132792,"href":"https:\/\/www.elsindical.com.ar\/notas\/wp-json\/wp\/v2\/posts\/132790\/revisions\/132792"}],"wp:featuredmedia":[{"embeddable":true,"href":"https:\/\/www.elsindical.com.ar\/notas\/wp-json\/wp\/v2\/media\/132791"}],"wp:attachment":[{"href":"https:\/\/www.elsindical.com.ar\/notas\/wp-json\/wp\/v2\/media?parent=132790"}],"wp:term":[{"taxonomy":"category","embeddable":true,"href":"https:\/\/www.elsindical.com.ar\/notas\/wp-json\/wp\/v2\/categories?post=132790"},{"taxonomy":"post_tag","embeddable":true,"href":"https:\/\/www.elsindical.com.ar\/notas\/wp-json\/wp\/v2\/tags?post=132790"}],"curies":[{"name":"wp","href":"https:\/\/api.w.org\/{rel}","templated":true}]}}