{"id":132712,"date":"2024-09-06T12:01:31","date_gmt":"2024-09-06T15:01:31","guid":{"rendered":"https:\/\/www.elsindical.com.ar\/notas\/?p=132712"},"modified":"2024-09-06T12:01:35","modified_gmt":"2024-09-06T15:01:35","slug":"feria-del-libro-y-del-conocimiento-en-avellaneda","status":"publish","type":"post","link":"https:\/\/www.elsindical.com.ar\/notas\/feria-del-libro-y-del-conocimiento-en-avellaneda\/","title":{"rendered":"Feria del Libro y del Conocimiento en Avellaneda"},"content":{"rendered":"\n<figure class=\"wp-block-image size-large\"><a href=\"https:\/\/www.elsindical.com.ar\/notas\/var\/www\/html\/notas\/wp-content\/uploads\/2024\/09\/Feria-del-Conocimiento-Avellaneda-2024.jpg\"><img loading=\"lazy\" decoding=\"async\" width=\"1024\" height=\"576\" src=\"https:\/\/www.elsindical.com.ar\/notas\/var\/www\/html\/notas\/wp-content\/uploads\/2024\/09\/Feria-del-Conocimiento-Avellaneda-2024-1024x576.jpg\" alt=\"\" class=\"wp-image-132713\" srcset=\"https:\/\/www.elsindical.com.ar\/notas\/var\/www\/html\/notas\/wp-content\/uploads\/2024\/09\/Feria-del-Conocimiento-Avellaneda-2024-1024x576.jpg 1024w, https:\/\/www.elsindical.com.ar\/notas\/var\/www\/html\/notas\/wp-content\/uploads\/2024\/09\/Feria-del-Conocimiento-Avellaneda-2024-300x169.jpg 300w, https:\/\/www.elsindical.com.ar\/notas\/var\/www\/html\/notas\/wp-content\/uploads\/2024\/09\/Feria-del-Conocimiento-Avellaneda-2024-768x432.jpg 768w, https:\/\/www.elsindical.com.ar\/notas\/var\/www\/html\/notas\/wp-content\/uploads\/2024\/09\/Feria-del-Conocimiento-Avellaneda-2024-500x281.jpg 500w, https:\/\/www.elsindical.com.ar\/notas\/var\/www\/html\/notas\/wp-content\/uploads\/2024\/09\/Feria-del-Conocimiento-Avellaneda-2024-460x260.jpg 460w, https:\/\/www.elsindical.com.ar\/notas\/var\/www\/html\/notas\/wp-content\/uploads\/2024\/09\/Feria-del-Conocimiento-Avellaneda-2024.jpg 1200w\" sizes=\"auto, (max-width: 1024px) 100vw, 1024px\" \/><\/a><\/figure>\n\n\n\n<p>La Feria del Libro y el Conocimiento comenz\u00f3 hoy y se extiende hasta el domingo. Entrada libre y gratuita.<\/p>\n\n\n\n<p><strong>Comenz\u00f3 la Feria del Libro y del Conocimiento en Avellaneda. <\/strong>La entrada es libre y gratuita. El calendario de actividades para este fin de semana.<\/p>\n\n\n\n<p>La Feria <strong>comenz\u00f3 hoy y se extiende hasta el 8 de septiembre<\/strong> en el Parque La Estaci\u00f3n, ubicado en G\u00fcemes 700 de Avelllaneda.<\/p>\n\n\n\n<p>Habr\u00e1 actividades en el Aula taller Roberto D\u00edaz, el Living Gioconda de Zabatta y el Auditorio Eladia Bl\u00e1zquez.<\/p>\n\n\n\n<p>Adem\u00e1s, propone <strong>muestras permanentes<\/strong>: Paleorama \u2013 Museo Itinerante de paleontolog\u00eda, \u201cPlanetario \u201cm\u00f3vil Estrella del Plata\u201d, Muestra \u201cM\u00e1s Libros para M\u00e1s Memoria\u201d, CONICET: Realidad virtual \u201c360\u00b0 como si estuvieras ah\u00ed\u201d.<\/p>\n\n\n\n<p>Este viernes, de 11.30 a 13.30, en el marco del Mes provincial del Autismo, habr\u00e1 un \u201cEspacio TEA\u201d, con est\u00edmulos atenuados para transitar un paseo ameno.<\/p>\n\n\n<div class=\"wp-block-image\">\n<figure class=\"aligncenter size-full\"><a href=\"https:\/\/www.elsindical.com.ar\/notas\/var\/www\/html\/notas\/wp-content\/uploads\/2024\/09\/Feria-del-Conocimiento-Avellaneda-2024-lista.jpg\"><img loading=\"lazy\" decoding=\"async\" width=\"236\" height=\"1024\" src=\"https:\/\/www.elsindical.com.ar\/notas\/var\/www\/html\/notas\/wp-content\/uploads\/2024\/09\/Feria-del-Conocimiento-Avellaneda-2024-lista.jpg\" alt=\"\" class=\"wp-image-132714\" srcset=\"https:\/\/www.elsindical.com.ar\/notas\/var\/www\/html\/notas\/wp-content\/uploads\/2024\/09\/Feria-del-Conocimiento-Avellaneda-2024-lista.jpg 236w, https:\/\/www.elsindical.com.ar\/notas\/var\/www\/html\/notas\/wp-content\/uploads\/2024\/09\/Feria-del-Conocimiento-Avellaneda-2024-lista-69x300.jpg 69w\" sizes=\"auto, (max-width: 236px) 100vw, 236px\" \/><\/a><\/figure>\n<\/div>","protected":false},"excerpt":{"rendered":"<p>La Feria del Libro y el Conocimiento comenz\u00f3 hoy y se extiende hasta el domingo. Entrada libre y gratuita. Comenz\u00f3 la Feria del Libro y del Conocimiento en Avellaneda. La entrada es libre y gratuita. El calendario de actividades para este fin de semana. La Feria comenz\u00f3 hoy y se extiende hasta el 8 de&hellip;<\/p>\n","protected":false},"author":1,"featured_media":132713,"comment_status":"open","ping_status":"open","sticky":false,"template":"","format":"standard","meta":{"footnotes":""},"categories":[5],"tags":[5614,10864,2450,5561,43614],"class_list":["post-132712","post","type-post","status-publish","format-standard","has-post-thumbnail","hentry","category-cultura","tag-conicet","tag-cultura-2","tag-diario-el-sindical","tag-educacion","tag-feria-del-libro-y-el-conocimiento-avellaneda"],"_links":{"self":[{"href":"https:\/\/www.elsindical.com.ar\/notas\/wp-json\/wp\/v2\/posts\/132712","targetHints":{"allow":["GET"]}}],"collection":[{"href":"https:\/\/www.elsindical.com.ar\/notas\/wp-json\/wp\/v2\/posts"}],"about":[{"href":"https:\/\/www.elsindical.com.ar\/notas\/wp-json\/wp\/v2\/types\/post"}],"author":[{"embeddable":true,"href":"https:\/\/www.elsindical.com.ar\/notas\/wp-json\/wp\/v2\/users\/1"}],"replies":[{"embeddable":true,"href":"https:\/\/www.elsindical.com.ar\/notas\/wp-json\/wp\/v2\/comments?post=132712"}],"version-history":[{"count":1,"href":"https:\/\/www.elsindical.com.ar\/notas\/wp-json\/wp\/v2\/posts\/132712\/revisions"}],"predecessor-version":[{"id":132715,"href":"https:\/\/www.elsindical.com.ar\/notas\/wp-json\/wp\/v2\/posts\/132712\/revisions\/132715"}],"wp:featuredmedia":[{"embeddable":true,"href":"https:\/\/www.elsindical.com.ar\/notas\/wp-json\/wp\/v2\/media\/132713"}],"wp:attachment":[{"href":"https:\/\/www.elsindical.com.ar\/notas\/wp-json\/wp\/v2\/media?parent=132712"}],"wp:term":[{"taxonomy":"category","embeddable":true,"href":"https:\/\/www.elsindical.com.ar\/notas\/wp-json\/wp\/v2\/categories?post=132712"},{"taxonomy":"post_tag","embeddable":true,"href":"https:\/\/www.elsindical.com.ar\/notas\/wp-json\/wp\/v2\/tags?post=132712"}],"curies":[{"name":"wp","href":"https:\/\/api.w.org\/{rel}","templated":true}]}}