{"id":132666,"date":"2024-09-04T00:53:02","date_gmt":"2024-09-04T03:53:02","guid":{"rendered":"https:\/\/www.elsindical.com.ar\/notas\/?p=132666"},"modified":"2024-09-04T00:53:07","modified_gmt":"2024-09-04T03:53:07","slug":"mexico-jueces-de-la-corte-suprema-se-sumaron-a-las-protestas-por-la-reforma-judicial","status":"publish","type":"post","link":"https:\/\/www.elsindical.com.ar\/notas\/mexico-jueces-de-la-corte-suprema-se-sumaron-a-las-protestas-por-la-reforma-judicial\/","title":{"rendered":"M\u00e9xico: Jueces de la Corte Suprema se sumaron a las protestas por la reforma judicial"},"content":{"rendered":"<div class=\"wp-block-image\">\n<figure class=\"aligncenter size-large\"><a href=\"https:\/\/www.elsindical.com.ar\/notas\/var\/www\/html\/notas\/wp-content\/uploads\/2024\/09\/protesta-contra-la-reforma-judicial-en-Mexico.jpg\"><img loading=\"lazy\" decoding=\"async\" width=\"1024\" height=\"554\" src=\"https:\/\/www.elsindical.com.ar\/notas\/var\/www\/html\/notas\/wp-content\/uploads\/2024\/09\/protesta-contra-la-reforma-judicial-en-Mexico-1024x554.jpg\" alt=\"\" class=\"wp-image-132667\" srcset=\"https:\/\/www.elsindical.com.ar\/notas\/var\/www\/html\/notas\/wp-content\/uploads\/2024\/09\/protesta-contra-la-reforma-judicial-en-Mexico-1024x554.jpg 1024w, https:\/\/www.elsindical.com.ar\/notas\/var\/www\/html\/notas\/wp-content\/uploads\/2024\/09\/protesta-contra-la-reforma-judicial-en-Mexico-300x162.jpg 300w, https:\/\/www.elsindical.com.ar\/notas\/var\/www\/html\/notas\/wp-content\/uploads\/2024\/09\/protesta-contra-la-reforma-judicial-en-Mexico-768x415.jpg 768w, https:\/\/www.elsindical.com.ar\/notas\/var\/www\/html\/notas\/wp-content\/uploads\/2024\/09\/protesta-contra-la-reforma-judicial-en-Mexico-500x270.jpg 500w, https:\/\/www.elsindical.com.ar\/notas\/var\/www\/html\/notas\/wp-content\/uploads\/2024\/09\/protesta-contra-la-reforma-judicial-en-Mexico.jpg 1200w\" sizes=\"auto, (max-width: 1024px) 100vw, 1024px\" \/><\/a><\/figure>\n<\/div>\n\n\n<p>Junto a empleados del Poder Judicial, los magistrados se sumaron a la protesta que impide el acceso a la C\u00e1mara de Diputados con una cadena humana para que la reforma no pueda ser votada.<\/p>\n\n\n\n<p>Los <strong>ministros de la Suprema Corte de Justicia de la Naci\u00f3n<\/strong> se sumaron a la suspensi\u00f3n de actividades que trabajadores del Poder Judicial comenzaron hace dos semanas contra la\u00a0reforma judicial que se discute en M\u00e9xico.<\/p>\n\n\n\n<p>En sesi\u00f3n privada, <strong>ocho ministros votaron a favor del paro de labores<\/strong>, mientras que las tres ministras que abiertamente apoyan al oficialismo, <strong>Lenia Batres, Loretta Ortiz y Yasm\u00edn Esquivel, <\/strong>se posicionaron en contra.<\/p>\n\n\n\n<p>Con esta decisi\u00f3n,<strong> la operatividad de la Suprema Corte se reducir\u00e1 solo a asuntos urgentes<\/strong>, en un evento crucial en la historia del Poder Judicial en M\u00e9xico.<\/p>\n\n\n\n<p>La decisi\u00f3n de la mayor\u00eda de los ministros del m\u00e1s alto tribunal se da luego de que <strong>trabajadores de m\u00e1s alto tribunal mexicano definieran el lunes sumarse al paro de actividades en protesta a la reforma judicial <\/strong>impulsada por el presidente Andr\u00e9s Manuel L\u00f3pez Obrador, quien impulsa la elecci\u00f3n de los impartidores de justicia por el voto popular.<\/p>\n\n\n\n<p>\u00abSe les informa que la mayor\u00eda de los integrantes de la Suprema Corte de Justicia de la Naci\u00f3n votaron a favor de sumarse a la suspensi\u00f3n de labores con motivo de la reforma judicial que se discutir\u00e1 pr\u00f3ximamente en la C\u00e1mara de Diputados. <strong>Las acciones subsecuentes las estaremos informando a la brevedad\u201d<\/strong>, apuntaron en su mensaje.<\/p>\n\n\n\n<p>Mientras tanto, los congresistas del oficialismo en la C\u00e1mara de Diputados, que representan la mayor\u00eda calificada, de dos tercios del total de los esca\u00f1os, se alistan para discutir y aprobar,<strong> sin consensuar con la oposici\u00f3n la reforma judicial impulsada desde 5 de febrero en el Congreso por L\u00f3pez Obrador.<\/strong><\/p>\n\n\n\n<p>La reforma judicial en M\u00e9xico levant\u00f3 advertencias por organismos multilaterales, como las <strong>Naciones Unidas<\/strong>; organizaciones empresariales, como la <strong>International Chambero of Commerce;<\/strong> calificadoras, como <strong>Fitch<\/strong>; y entidades como<strong> Citibanamex, Stanley Morgan y UBS<\/strong>, entre otros como las embajadas de Estados Unidos y Canad\u00e1, por representar riesgos a la inversi\u00f3n privada, tratados comerciales y posibles sanciones econ\u00f3micas.<\/p>\n\n\n\n<figure class=\"wp-block-image size-large\"><a href=\"https:\/\/www.elsindical.com.ar\/notas\/var\/www\/html\/notas\/wp-content\/uploads\/2024\/09\/protesta-contra-la-reforma-judicial-en-Mexico-2.jpg\"><img loading=\"lazy\" decoding=\"async\" width=\"1024\" height=\"749\" src=\"https:\/\/www.elsindical.com.ar\/notas\/var\/www\/html\/notas\/wp-content\/uploads\/2024\/09\/protesta-contra-la-reforma-judicial-en-Mexico-2-1024x749.jpg\" alt=\"\" class=\"wp-image-132668\" srcset=\"https:\/\/www.elsindical.com.ar\/notas\/var\/www\/html\/notas\/wp-content\/uploads\/2024\/09\/protesta-contra-la-reforma-judicial-en-Mexico-2-1024x749.jpg 1024w, https:\/\/www.elsindical.com.ar\/notas\/var\/www\/html\/notas\/wp-content\/uploads\/2024\/09\/protesta-contra-la-reforma-judicial-en-Mexico-2-300x219.jpg 300w, https:\/\/www.elsindical.com.ar\/notas\/var\/www\/html\/notas\/wp-content\/uploads\/2024\/09\/protesta-contra-la-reforma-judicial-en-Mexico-2-768x562.jpg 768w, https:\/\/www.elsindical.com.ar\/notas\/var\/www\/html\/notas\/wp-content\/uploads\/2024\/09\/protesta-contra-la-reforma-judicial-en-Mexico-2-410x300.jpg 410w, https:\/\/www.elsindical.com.ar\/notas\/var\/www\/html\/notas\/wp-content\/uploads\/2024\/09\/protesta-contra-la-reforma-judicial-en-Mexico-2.jpg 1280w\" sizes=\"auto, (max-width: 1024px) 100vw, 1024px\" \/><\/a><\/figure>\n","protected":false},"excerpt":{"rendered":"<p>Junto a empleados del Poder Judicial, los magistrados se sumaron a la protesta que impide el acceso a la C\u00e1mara de Diputados con una cadena humana para que la reforma no pueda ser votada. Los ministros de la Suprema Corte de Justicia de la Naci\u00f3n se sumaron a la suspensi\u00f3n de actividades que trabajadores del&hellip;<\/p>\n","protected":false},"author":1,"featured_media":132667,"comment_status":"open","ping_status":"open","sticky":false,"template":"","format":"standard","meta":{"footnotes":""},"categories":[18],"tags":[2450,3258,1056,31,292,15742,901],"class_list":["post-132666","post","type-post","status-publish","format-standard","has-post-thumbnail","hentry","category-internacionales","tag-diario-el-sindical","tag-empleados-judiciales","tag-jueces","tag-mexico","tag-protesta","tag-reforma-judicial","tag-suprema-corte"],"_links":{"self":[{"href":"https:\/\/www.elsindical.com.ar\/notas\/wp-json\/wp\/v2\/posts\/132666","targetHints":{"allow":["GET"]}}],"collection":[{"href":"https:\/\/www.elsindical.com.ar\/notas\/wp-json\/wp\/v2\/posts"}],"about":[{"href":"https:\/\/www.elsindical.com.ar\/notas\/wp-json\/wp\/v2\/types\/post"}],"author":[{"embeddable":true,"href":"https:\/\/www.elsindical.com.ar\/notas\/wp-json\/wp\/v2\/users\/1"}],"replies":[{"embeddable":true,"href":"https:\/\/www.elsindical.com.ar\/notas\/wp-json\/wp\/v2\/comments?post=132666"}],"version-history":[{"count":1,"href":"https:\/\/www.elsindical.com.ar\/notas\/wp-json\/wp\/v2\/posts\/132666\/revisions"}],"predecessor-version":[{"id":132669,"href":"https:\/\/www.elsindical.com.ar\/notas\/wp-json\/wp\/v2\/posts\/132666\/revisions\/132669"}],"wp:featuredmedia":[{"embeddable":true,"href":"https:\/\/www.elsindical.com.ar\/notas\/wp-json\/wp\/v2\/media\/132667"}],"wp:attachment":[{"href":"https:\/\/www.elsindical.com.ar\/notas\/wp-json\/wp\/v2\/media?parent=132666"}],"wp:term":[{"taxonomy":"category","embeddable":true,"href":"https:\/\/www.elsindical.com.ar\/notas\/wp-json\/wp\/v2\/categories?post=132666"},{"taxonomy":"post_tag","embeddable":true,"href":"https:\/\/www.elsindical.com.ar\/notas\/wp-json\/wp\/v2\/tags?post=132666"}],"curies":[{"name":"wp","href":"https:\/\/api.w.org\/{rel}","templated":true}]}}