{"id":132604,"date":"2024-08-09T11:41:31","date_gmt":"2024-08-09T14:41:31","guid":{"rendered":"https:\/\/www.elsindical.com.ar\/notas\/?p=132604"},"modified":"2024-09-01T11:49:28","modified_gmt":"2024-09-01T14:49:28","slug":"el-hcd-avellaneda-sanciono-la-ordenanza-que-permite-regularizar-obras-ejecutadas-sin-permiso","status":"publish","type":"post","link":"https:\/\/www.elsindical.com.ar\/notas\/el-hcd-avellaneda-sanciono-la-ordenanza-que-permite-regularizar-obras-ejecutadas-sin-permiso\/","title":{"rendered":"El HCD Avellaneda sancion\u00f3 la ordenanza que permite regularizar obras ejecutadas sin permiso"},"content":{"rendered":"\n<figure class=\"wp-block-image size-large\"><a href=\"https:\/\/www.elsindical.com.ar\/notas\/var\/www\/html\/notas\/wp-content\/uploads\/2024\/09\/HCD-8-Agosto-2024-6.jpeg\"><img loading=\"lazy\" decoding=\"async\" width=\"1024\" height=\"682\" src=\"https:\/\/www.elsindical.com.ar\/notas\/var\/www\/html\/notas\/wp-content\/uploads\/2024\/09\/HCD-8-Agosto-2024-6-1024x682.jpeg\" alt=\"\" class=\"wp-image-132606\" srcset=\"https:\/\/www.elsindical.com.ar\/notas\/var\/www\/html\/notas\/wp-content\/uploads\/2024\/09\/HCD-8-Agosto-2024-6-1024x682.jpeg 1024w, https:\/\/www.elsindical.com.ar\/notas\/var\/www\/html\/notas\/wp-content\/uploads\/2024\/09\/HCD-8-Agosto-2024-6-300x200.jpeg 300w, https:\/\/www.elsindical.com.ar\/notas\/var\/www\/html\/notas\/wp-content\/uploads\/2024\/09\/HCD-8-Agosto-2024-6-768x512.jpeg 768w, https:\/\/www.elsindical.com.ar\/notas\/var\/www\/html\/notas\/wp-content\/uploads\/2024\/09\/HCD-8-Agosto-2024-6-450x300.jpeg 450w, https:\/\/www.elsindical.com.ar\/notas\/var\/www\/html\/notas\/wp-content\/uploads\/2024\/09\/HCD-8-Agosto-2024-6-1536x1023.jpeg 1536w, https:\/\/www.elsindical.com.ar\/notas\/var\/www\/html\/notas\/wp-content\/uploads\/2024\/09\/HCD-8-Agosto-2024-6.jpeg 1600w\" sizes=\"auto, (max-width: 1024px) 100vw, 1024px\" \/><\/a><\/figure>\n\n\n\n<p>Dicho tr\u00e1mite deber\u00e1 ser presentado por un profesional matriculado de la construcci\u00f3n, en las oficinas de Catastro y Obras Particulares, ubicadas en Wilde.<\/p>\n\n\n\n<p>A trav\u00e9s de la promulgaci\u00f3n de la Ordenanza Municipal N\u00ba 30818\/24 la administraci\u00f3n municipal permitir\u00e1 a la comunidad local la regularizaci\u00f3n de obras realizadas por un plazo de 180 d\u00edas, que rige desde el 1 de agosto.<\/p>\n\n\n\n<p>Mediante la misma se permite la presentaci\u00f3n de planos de obras ejecutadas o en ejecuci\u00f3n que no cumplan con las restricciones del C\u00f3digo de Edificaci\u00f3n, Patios, y otras restricciones, siempre y cuando el destino de dichas construcciones se encuentre permitido por la Ordenanza de Zonificaci\u00f3n vigente.<\/p>\n\n\n\n<p>Podr\u00e1n incorporarse, todas aquellas construcciones que se encuentren ejecutadas sin permiso como m\u00ednimo con su estructura resistente ejecutada en su totalidad, los predios que han sido incorporados como Bienes de Inter\u00e9s Patrimonial, deber\u00e1n contar con una autorizaci\u00f3n previa del Municipio a trav\u00e9s de sus \u00e1reas t\u00e9cnicas.<\/p>\n\n\n\n<p>La liquidaci\u00f3n de Derechos de Construcci\u00f3n se realizar\u00e1n con los valores correspondientes seg\u00fan la Ordenanza Fiscal vigente al momento de su liquidaci\u00f3n con un recargo del 100%, salvo aquellos predios identificados como Bienes de Inter\u00e9s Patrimonial; o Edificaciones que hayan sido realizadas con los Premios permitidos sobre los Par\u00e1metros edificables o cuando sobre dichas obras a incorporar exista alguna Acta de Infracci\u00f3n por construir sin permiso, en cuyos caso el recargo ser\u00e1 del 300%.<\/p>\n\n\n\n<p>El importe en concepto de derechos de construcci\u00f3n podr\u00e1 abonarse al contado o mediante un plan de pago (3 \u00f3 10 cuotas seg\u00fan el caso), m\u00e1s los intereses correspondientes.<\/p>\n\n\n\n<p>El tr\u00e1mite debe realizarse en las oficinas de Catastro y Obras Particulares ubicadas en Larralde 5813, Wilde y la &nbsp;Ordenanza N\u00ba 30818 puede consultarse en la web municipal:&nbsp;<a href=\"https:\/\/www.mda.gob.ar\/tramites\/obras-particulares-planeamiento\/obras-particulares\" target=\"_blank\" rel=\"noreferrer noopener\">https:\/\/www.mda.gob.ar\/tramites\/obras-particulares-planeamiento\/obras-particulares<\/a><\/p>\n\n\n\n<figure class=\"wp-block-gallery has-nested-images columns-default is-cropped wp-block-gallery-1 is-layout-flex wp-block-gallery-is-layout-flex\">\n<figure class=\"wp-block-image size-large\"><a href=\"https:\/\/www.elsindical.com.ar\/notas\/var\/www\/html\/notas\/wp-content\/uploads\/2024\/09\/HCD-8-Agosto-2024-2.jpeg\"><img loading=\"lazy\" decoding=\"async\" width=\"1024\" height=\"682\" data-id=\"132608\" src=\"https:\/\/www.elsindical.com.ar\/notas\/var\/www\/html\/notas\/wp-content\/uploads\/2024\/09\/HCD-8-Agosto-2024-2-1024x682.jpeg\" alt=\"\" class=\"wp-image-132608\" srcset=\"https:\/\/www.elsindical.com.ar\/notas\/var\/www\/html\/notas\/wp-content\/uploads\/2024\/09\/HCD-8-Agosto-2024-2-1024x682.jpeg 1024w, https:\/\/www.elsindical.com.ar\/notas\/var\/www\/html\/notas\/wp-content\/uploads\/2024\/09\/HCD-8-Agosto-2024-2-300x200.jpeg 300w, https:\/\/www.elsindical.com.ar\/notas\/var\/www\/html\/notas\/wp-content\/uploads\/2024\/09\/HCD-8-Agosto-2024-2-768x512.jpeg 768w, https:\/\/www.elsindical.com.ar\/notas\/var\/www\/html\/notas\/wp-content\/uploads\/2024\/09\/HCD-8-Agosto-2024-2-450x300.jpeg 450w, https:\/\/www.elsindical.com.ar\/notas\/var\/www\/html\/notas\/wp-content\/uploads\/2024\/09\/HCD-8-Agosto-2024-2-1536x1023.jpeg 1536w, https:\/\/www.elsindical.com.ar\/notas\/var\/www\/html\/notas\/wp-content\/uploads\/2024\/09\/HCD-8-Agosto-2024-2.jpeg 1600w\" sizes=\"auto, (max-width: 1024px) 100vw, 1024px\" \/><\/a><\/figure>\n\n\n\n<figure class=\"wp-block-image size-large\"><a href=\"https:\/\/www.elsindical.com.ar\/notas\/var\/www\/html\/notas\/wp-content\/uploads\/2024\/09\/HCD-8-Agosto-2024-3.jpeg\"><img loading=\"lazy\" decoding=\"async\" width=\"1024\" height=\"682\" data-id=\"132609\" src=\"https:\/\/www.elsindical.com.ar\/notas\/var\/www\/html\/notas\/wp-content\/uploads\/2024\/09\/HCD-8-Agosto-2024-3-1024x682.jpeg\" alt=\"\" class=\"wp-image-132609\" srcset=\"https:\/\/www.elsindical.com.ar\/notas\/var\/www\/html\/notas\/wp-content\/uploads\/2024\/09\/HCD-8-Agosto-2024-3-1024x682.jpeg 1024w, https:\/\/www.elsindical.com.ar\/notas\/var\/www\/html\/notas\/wp-content\/uploads\/2024\/09\/HCD-8-Agosto-2024-3-300x200.jpeg 300w, https:\/\/www.elsindical.com.ar\/notas\/var\/www\/html\/notas\/wp-content\/uploads\/2024\/09\/HCD-8-Agosto-2024-3-768x512.jpeg 768w, https:\/\/www.elsindical.com.ar\/notas\/var\/www\/html\/notas\/wp-content\/uploads\/2024\/09\/HCD-8-Agosto-2024-3-450x300.jpeg 450w, https:\/\/www.elsindical.com.ar\/notas\/var\/www\/html\/notas\/wp-content\/uploads\/2024\/09\/HCD-8-Agosto-2024-3-1536x1023.jpeg 1536w, https:\/\/www.elsindical.com.ar\/notas\/var\/www\/html\/notas\/wp-content\/uploads\/2024\/09\/HCD-8-Agosto-2024-3.jpeg 1600w\" sizes=\"auto, (max-width: 1024px) 100vw, 1024px\" \/><\/a><\/figure>\n\n\n\n<figure class=\"wp-block-image size-large\"><a href=\"https:\/\/www.elsindical.com.ar\/notas\/var\/www\/html\/notas\/wp-content\/uploads\/2024\/09\/HCD-8-Agosto-2024-4.jpeg\"><img loading=\"lazy\" decoding=\"async\" width=\"1024\" height=\"682\" data-id=\"132607\" src=\"https:\/\/www.elsindical.com.ar\/notas\/var\/www\/html\/notas\/wp-content\/uploads\/2024\/09\/HCD-8-Agosto-2024-4-1024x682.jpeg\" alt=\"\" class=\"wp-image-132607\" srcset=\"https:\/\/www.elsindical.com.ar\/notas\/var\/www\/html\/notas\/wp-content\/uploads\/2024\/09\/HCD-8-Agosto-2024-4-1024x682.jpeg 1024w, https:\/\/www.elsindical.com.ar\/notas\/var\/www\/html\/notas\/wp-content\/uploads\/2024\/09\/HCD-8-Agosto-2024-4-300x200.jpeg 300w, https:\/\/www.elsindical.com.ar\/notas\/var\/www\/html\/notas\/wp-content\/uploads\/2024\/09\/HCD-8-Agosto-2024-4-768x512.jpeg 768w, https:\/\/www.elsindical.com.ar\/notas\/var\/www\/html\/notas\/wp-content\/uploads\/2024\/09\/HCD-8-Agosto-2024-4-450x300.jpeg 450w, https:\/\/www.elsindical.com.ar\/notas\/var\/www\/html\/notas\/wp-content\/uploads\/2024\/09\/HCD-8-Agosto-2024-4-1536x1023.jpeg 1536w, https:\/\/www.elsindical.com.ar\/notas\/var\/www\/html\/notas\/wp-content\/uploads\/2024\/09\/HCD-8-Agosto-2024-4.jpeg 1600w\" sizes=\"auto, (max-width: 1024px) 100vw, 1024px\" \/><\/a><\/figure>\n\n\n\n<figure class=\"wp-block-image size-large\"><a href=\"https:\/\/www.elsindical.com.ar\/notas\/var\/www\/html\/notas\/wp-content\/uploads\/2024\/09\/HCD-8-Agosto-2024-5.jpeg\"><img loading=\"lazy\" decoding=\"async\" width=\"1024\" height=\"682\" data-id=\"132610\" src=\"https:\/\/www.elsindical.com.ar\/notas\/var\/www\/html\/notas\/wp-content\/uploads\/2024\/09\/HCD-8-Agosto-2024-5-1024x682.jpeg\" alt=\"\" class=\"wp-image-132610\" srcset=\"https:\/\/www.elsindical.com.ar\/notas\/var\/www\/html\/notas\/wp-content\/uploads\/2024\/09\/HCD-8-Agosto-2024-5-1024x682.jpeg 1024w, https:\/\/www.elsindical.com.ar\/notas\/var\/www\/html\/notas\/wp-content\/uploads\/2024\/09\/HCD-8-Agosto-2024-5-300x200.jpeg 300w, https:\/\/www.elsindical.com.ar\/notas\/var\/www\/html\/notas\/wp-content\/uploads\/2024\/09\/HCD-8-Agosto-2024-5-768x512.jpeg 768w, https:\/\/www.elsindical.com.ar\/notas\/var\/www\/html\/notas\/wp-content\/uploads\/2024\/09\/HCD-8-Agosto-2024-5-450x300.jpeg 450w, https:\/\/www.elsindical.com.ar\/notas\/var\/www\/html\/notas\/wp-content\/uploads\/2024\/09\/HCD-8-Agosto-2024-5-1536x1023.jpeg 1536w, https:\/\/www.elsindical.com.ar\/notas\/var\/www\/html\/notas\/wp-content\/uploads\/2024\/09\/HCD-8-Agosto-2024-5.jpeg 1600w\" sizes=\"auto, (max-width: 1024px) 100vw, 1024px\" \/><\/a><\/figure>\n<\/figure>\n","protected":false},"excerpt":{"rendered":"<p>Dicho tr\u00e1mite deber\u00e1 ser presentado por un profesional matriculado de la construcci\u00f3n, en las oficinas de Catastro y Obras Particulares, ubicadas en Wilde. A trav\u00e9s de la promulgaci\u00f3n de la Ordenanza Municipal N\u00ba 30818\/24 la administraci\u00f3n municipal permitir\u00e1 a la comunidad local la regularizaci\u00f3n de obras realizadas por un plazo de 180 d\u00edas, que rige&hellip;<\/p>\n","protected":false},"author":1,"featured_media":132606,"comment_status":"open","ping_status":"open","sticky":false,"template":"","format":"standard","meta":{"footnotes":""},"categories":[13],"tags":[461,43593,2450,19428,43594,3231,986],"class_list":["post-132604","post","type-post","status-publish","format-standard","has-post-thumbnail","hentry","category-politica","tag-avellaneda","tag-catastro-y-obras-particulares","tag-diario-el-sindical","tag-hcd-avellaneda","tag-regularizacion-de-obras","tag-sesion","tag-vecinos"],"_links":{"self":[{"href":"https:\/\/www.elsindical.com.ar\/notas\/wp-json\/wp\/v2\/posts\/132604","targetHints":{"allow":["GET"]}}],"collection":[{"href":"https:\/\/www.elsindical.com.ar\/notas\/wp-json\/wp\/v2\/posts"}],"about":[{"href":"https:\/\/www.elsindical.com.ar\/notas\/wp-json\/wp\/v2\/types\/post"}],"author":[{"embeddable":true,"href":"https:\/\/www.elsindical.com.ar\/notas\/wp-json\/wp\/v2\/users\/1"}],"replies":[{"embeddable":true,"href":"https:\/\/www.elsindical.com.ar\/notas\/wp-json\/wp\/v2\/comments?post=132604"}],"version-history":[{"count":1,"href":"https:\/\/www.elsindical.com.ar\/notas\/wp-json\/wp\/v2\/posts\/132604\/revisions"}],"predecessor-version":[{"id":132611,"href":"https:\/\/www.elsindical.com.ar\/notas\/wp-json\/wp\/v2\/posts\/132604\/revisions\/132611"}],"wp:featuredmedia":[{"embeddable":true,"href":"https:\/\/www.elsindical.com.ar\/notas\/wp-json\/wp\/v2\/media\/132606"}],"wp:attachment":[{"href":"https:\/\/www.elsindical.com.ar\/notas\/wp-json\/wp\/v2\/media?parent=132604"}],"wp:term":[{"taxonomy":"category","embeddable":true,"href":"https:\/\/www.elsindical.com.ar\/notas\/wp-json\/wp\/v2\/categories?post=132604"},{"taxonomy":"post_tag","embeddable":true,"href":"https:\/\/www.elsindical.com.ar\/notas\/wp-json\/wp\/v2\/tags?post=132604"}],"curies":[{"name":"wp","href":"https:\/\/api.w.org\/{rel}","templated":true}]}}