{"id":132599,"date":"2024-08-31T21:44:11","date_gmt":"2024-09-01T00:44:11","guid":{"rendered":"https:\/\/www.elsindical.com.ar\/notas\/?p=132599"},"modified":"2024-08-31T21:44:21","modified_gmt":"2024-09-01T00:44:21","slug":"el-gobierno-adelanto-que-podria-haber-tarjetas-de-debito-en-dolares","status":"publish","type":"post","link":"https:\/\/www.elsindical.com.ar\/notas\/el-gobierno-adelanto-que-podria-haber-tarjetas-de-debito-en-dolares\/","title":{"rendered":"El gobierno adelant\u00f3 que podr\u00eda haber tarjetas de d\u00e9bito en d\u00f3lares"},"content":{"rendered":"\n<figure class=\"wp-block-image size-large\"><a href=\"https:\/\/www.elsindical.com.ar\/notas\/var\/www\/html\/notas\/wp-content\/uploads\/2024\/08\/Luis-Caputo-streaming.jpg\"><img loading=\"lazy\" decoding=\"async\" width=\"1024\" height=\"576\" src=\"https:\/\/www.elsindical.com.ar\/notas\/var\/www\/html\/notas\/wp-content\/uploads\/2024\/08\/Luis-Caputo-streaming-1024x576.jpg\" alt=\"\" class=\"wp-image-132600\" srcset=\"https:\/\/www.elsindical.com.ar\/notas\/var\/www\/html\/notas\/wp-content\/uploads\/2024\/08\/Luis-Caputo-streaming-1024x576.jpg 1024w, https:\/\/www.elsindical.com.ar\/notas\/var\/www\/html\/notas\/wp-content\/uploads\/2024\/08\/Luis-Caputo-streaming-300x169.jpg 300w, https:\/\/www.elsindical.com.ar\/notas\/var\/www\/html\/notas\/wp-content\/uploads\/2024\/08\/Luis-Caputo-streaming-768x432.jpg 768w, https:\/\/www.elsindical.com.ar\/notas\/var\/www\/html\/notas\/wp-content\/uploads\/2024\/08\/Luis-Caputo-streaming-500x281.jpg 500w, https:\/\/www.elsindical.com.ar\/notas\/var\/www\/html\/notas\/wp-content\/uploads\/2024\/08\/Luis-Caputo-streaming-460x260.jpg 460w, https:\/\/www.elsindical.com.ar\/notas\/var\/www\/html\/notas\/wp-content\/uploads\/2024\/08\/Luis-Caputo-streaming.jpg 1200w\" sizes=\"auto, (max-width: 1024px) 100vw, 1024px\" \/><\/a><\/figure>\n\n\n\n<p>\u00abUna de las tarjetas m\u00e1s importantes est\u00e1 terminando el proceso t\u00e9cnico para sacar una tarjeta de d\u00e9bito en d\u00f3lares\u00bb, anunci\u00f3 Luis Caputo en su streaming.<\/p>\n\n\n\n<p>El ministro de Econom\u00eda,&nbsp;Luis Caputo, destac\u00f3 que cualquier empresa puede facturar en d\u00f3lares y se anticip\u00f3 que <strong>habr\u00e1 tarjetas de d\u00e9bito para operar en esa moneda.<\/strong><\/p>\n\n\n\n<p>\u201cLo m\u00e1s importante es mirar la realidad, porque la Argentina es un pa\u00eds que ha perdido tanta credibilidad en t\u00e9rminos de pol\u00edtica econ\u00f3mica que la gente quiere ver resultados\u201d,&nbsp;se\u00f1al\u00f3 Caputo.<\/p>\n\n\n\n<p>El funcionario dijo que&nbsp;\u201cla realidad cambiando en datos concretos\u201d&nbsp;y se mostr\u00f3 optimista sobre el rumbo econ\u00f3mico.<\/p>\n\n\n\n<p>Caputo aclar\u00f3 que&nbsp;hoy <strong>\u201cse puede comprar d\u00f3lares y pagar en esa moneda, sin necesidad de pasar por el Congreso, porque es absolutamente legal\u201d<\/strong>.&nbsp;<\/p>\n\n\n\n<p>Adem\u00e1s, anticip\u00f3 que&nbsp;<strong>\u201cuna de las tarjetas m\u00e1s importantes est\u00e1 terminando el proceso t\u00e9cnico para sacar una tarjeta de d\u00e9bito en d\u00f3lares\u201d<\/strong>.&nbsp;El ministro aclar\u00f3 que el uso de esta tarjeta estar\u00e1&nbsp;\u201cexento de multas\u201d.<\/p>\n\n\n\n<p>As\u00ed, el Gobierno avanza con una idea para poner en movimiento uno de sus objetivos centrales para reactivar la econom\u00eda: el uso de los d\u00f3lares, tanto los declarados como los que no.<\/p>\n\n\n\n<p><strong>\u201cVas a poder pagar con tu tarjeta de d\u00e9bito en d\u00f3lares en forma directa: no har\u00e1 falta que te debiten en pesos para comprar d\u00f3lares. La compra se cancela directamente con d\u00f3lares\u201d<\/strong>, detall\u00f3 Caputo.<\/p>\n\n\n\n<p>La tarjeta podr\u00e1 vincularse tanto a una caja de ahorro en d\u00f3lares convencional como a una Cuenta Especial de Regularizaci\u00f3n de Activos (CERA).<\/p>\n\n\n\n<p>En lo que hace al <a href=\"https:\/\/www.inforegion.com.ar\/2024\/07\/17\/blanqueo-de-capitales-se-podra-regularizar-sin-limites-ni-penas\/\">blanqueo<\/a>, Caputo afirm\u00f3 que el Gobierno est\u00e1 analizando que <strong>el uso de esta tarjeta de d\u00e9bito est\u00e9 exento del pago de la multa del 5% que excede a los blanqueos superiores a 100.000 d\u00f3lares.&nbsp;<\/strong><\/p>\n\n\n\n<p>Caputo formul\u00f3 el anuncio en la primera edici\u00f3n del programa de streaming del ministerio de Econom\u00eda, en el que estuvo acompa\u00f1ado por Federico Furiase, Felipe N\u00fa\u00f1ez y Liban Kusa.<\/p>\n","protected":false},"excerpt":{"rendered":"<p>\u00abUna de las tarjetas m\u00e1s importantes est\u00e1 terminando el proceso t\u00e9cnico para sacar una tarjeta de d\u00e9bito en d\u00f3lares\u00bb, anunci\u00f3 Luis Caputo en su streaming. El ministro de Econom\u00eda,&nbsp;Luis Caputo, destac\u00f3 que cualquier empresa puede facturar en d\u00f3lares y se anticip\u00f3 que habr\u00e1 tarjetas de d\u00e9bito para operar en esa moneda. \u201cLo m\u00e1s importante es&hellip;<\/p>\n","protected":false},"author":1,"featured_media":132600,"comment_status":"open","ping_status":"open","sticky":false,"template":"","format":"standard","meta":{"footnotes":""},"categories":[9,13],"tags":[1562,2450,2105,761,24979,37038,43592],"class_list":["post-132599","post","type-post","status-publish","format-standard","has-post-thumbnail","hentry","category-economia","category-politica","tag-bancos","tag-diario-el-sindical","tag-empresas","tag-gobierno-nacional","tag-luis-caputo","tag-streaming","tag-tarjeta-de-debito-en-dolares"],"_links":{"self":[{"href":"https:\/\/www.elsindical.com.ar\/notas\/wp-json\/wp\/v2\/posts\/132599","targetHints":{"allow":["GET"]}}],"collection":[{"href":"https:\/\/www.elsindical.com.ar\/notas\/wp-json\/wp\/v2\/posts"}],"about":[{"href":"https:\/\/www.elsindical.com.ar\/notas\/wp-json\/wp\/v2\/types\/post"}],"author":[{"embeddable":true,"href":"https:\/\/www.elsindical.com.ar\/notas\/wp-json\/wp\/v2\/users\/1"}],"replies":[{"embeddable":true,"href":"https:\/\/www.elsindical.com.ar\/notas\/wp-json\/wp\/v2\/comments?post=132599"}],"version-history":[{"count":1,"href":"https:\/\/www.elsindical.com.ar\/notas\/wp-json\/wp\/v2\/posts\/132599\/revisions"}],"predecessor-version":[{"id":132601,"href":"https:\/\/www.elsindical.com.ar\/notas\/wp-json\/wp\/v2\/posts\/132599\/revisions\/132601"}],"wp:featuredmedia":[{"embeddable":true,"href":"https:\/\/www.elsindical.com.ar\/notas\/wp-json\/wp\/v2\/media\/132600"}],"wp:attachment":[{"href":"https:\/\/www.elsindical.com.ar\/notas\/wp-json\/wp\/v2\/media?parent=132599"}],"wp:term":[{"taxonomy":"category","embeddable":true,"href":"https:\/\/www.elsindical.com.ar\/notas\/wp-json\/wp\/v2\/categories?post=132599"},{"taxonomy":"post_tag","embeddable":true,"href":"https:\/\/www.elsindical.com.ar\/notas\/wp-json\/wp\/v2\/tags?post=132599"}],"curies":[{"name":"wp","href":"https:\/\/api.w.org\/{rel}","templated":true}]}}