{"id":132596,"date":"2024-08-31T14:19:57","date_gmt":"2024-08-31T17:19:57","guid":{"rendered":"https:\/\/www.elsindical.com.ar\/notas\/?p=132596"},"modified":"2024-08-31T14:20:04","modified_gmt":"2024-08-31T17:20:04","slug":"vuelven-a-aumentar-las-tarifas-de-electricidad-y-gas-a-partir-de-septiembre","status":"publish","type":"post","link":"https:\/\/www.elsindical.com.ar\/notas\/vuelven-a-aumentar-las-tarifas-de-electricidad-y-gas-a-partir-de-septiembre\/","title":{"rendered":"Vuelven a aumentar las tarifas de electricidad y gas a partir de septiembre"},"content":{"rendered":"<div class=\"wp-block-image\">\n<figure class=\"aligncenter size-full\"><a href=\"https:\/\/www.elsindical.com.ar\/notas\/var\/www\/html\/notas\/wp-content\/uploads\/2024\/08\/facrua-EDESUR-2024-club.jpg\"><img loading=\"lazy\" decoding=\"async\" width=\"750\" height=\"422\" src=\"https:\/\/www.elsindical.com.ar\/notas\/var\/www\/html\/notas\/wp-content\/uploads\/2024\/08\/facrua-EDESUR-2024-club.jpg\" alt=\"\" class=\"wp-image-132597\" srcset=\"https:\/\/www.elsindical.com.ar\/notas\/var\/www\/html\/notas\/wp-content\/uploads\/2024\/08\/facrua-EDESUR-2024-club.jpg 750w, https:\/\/www.elsindical.com.ar\/notas\/var\/www\/html\/notas\/wp-content\/uploads\/2024\/08\/facrua-EDESUR-2024-club-300x169.jpg 300w, https:\/\/www.elsindical.com.ar\/notas\/var\/www\/html\/notas\/wp-content\/uploads\/2024\/08\/facrua-EDESUR-2024-club-500x281.jpg 500w, https:\/\/www.elsindical.com.ar\/notas\/var\/www\/html\/notas\/wp-content\/uploads\/2024\/08\/facrua-EDESUR-2024-club-460x260.jpg 460w\" sizes=\"auto, (max-width: 750px) 100vw, 750px\" \/><\/a><\/figure>\n<\/div>\n\n\n<p>El Gobierno nacional anunci\u00f3 un <strong>nuevo incremento en las tarifas de electricidad y gas natural que se implementar\u00e1 en septiembre<\/strong>. Seg\u00fan la resoluci\u00f3n oficial publicada este viernes, los usuarios residenciales, comerciales e industriales experimentar\u00e1n una <strong>suba promedio del 4% en sus facturas<\/strong> mensuales a partir del pr\u00f3ximo mes.<\/p>\n\n\n\n<p>Los entes reguladores correspondientes, tanto para electricidad como para gas, <strong>publicar\u00e1n en los pr\u00f3ximos d\u00edas los cuadros tarifarios actualizados, <\/strong>detallando los nuevos valores que se aplicar\u00e1n a cada categor\u00eda de usuarios. Estos incrementos forman parte de un ajuste planificado para reflejar los costos reales de producci\u00f3n y suministro, seg\u00fan lo establecido por la Secretar\u00eda de Energ\u00eda.<\/p>\n\n\n\n<h2 class=\"wp-block-heading\"><strong>Nuevos precios y segmentaci\u00f3n de subsidios<\/strong><\/h2>\n\n\n\n<p>En cuanto al suministro el\u00e9ctrico, la Secretar\u00eda de Energ\u00eda fij\u00f3 el <strong>nuevo Precio Estacional de la Energ\u00eda El\u00e9ctrica (PEST)<\/strong>, que define el costo de la luz que llega a los hogares. Este precio es uno de los componentes principales en la determinaci\u00f3n de las tarifas finales. El Ente Nacional Regulador de la Electricidad (ENRE) dar\u00e1 a conocer pr\u00f3ximamente los cuadros tarifarios que regir\u00e1n para las distintas distribuidoras del pa\u00eds.<\/p>\n\n\n\n<p>Por otro lado, se establecieron nuevos precios para el gas en el Punto de Ingreso al Sistema de Transporte (PIST), que <strong>representan los costos de abastecimiento del gas natural a las empresas distribuidoras.<\/strong> La Secretar\u00eda de Energ\u00eda explic\u00f3 que estos ajustes buscan reflejar la variabilidad en los costos y asegurar las inversiones necesarias para mantener el suministro.<\/p>\n\n\n\n<p>Las tarifas finales que pagan los usuarios incluyen cuatro componentes: el costo de la energ\u00eda, el transporte, la distribuci\u00f3n y los impuestos.<strong> Los subsidios estatales se aplican \u00fanicamente sobre el costo de la energ\u00eda,<\/strong> mientras que los otros dos componentes no reciben subvenciones.<\/p>\n\n\n\n<p>Los usuarios se dividen en tres categor\u00edas de acuerdo con sus niveles de ingresos, en base a la segmentaci\u00f3n de subsidios implementada desde 2022. Seg\u00fan los \u00faltimos datos del Registro de Acceso a los Subsidios a la Energ\u00eda (RASE), 5,3 millones de usuarios pertenecen al Nivel 1 (altos ingresos), 8 millones al Nivel 2 (ingresos bajos) y 2,7 millones al Nivel 3 (ingresos medios).<\/p>\n\n\n\n<p>Actualmente, los usuarios residenciales cubren aproximadamente el 57% del costo real del gas y el 64% del costo de la electricidad. El gobierno nacional eval\u00faa la posibilidad de ajustar la cobertura de los subsidios, con el objetivo de que los usuarios asuman el 100% del costo real, en funci\u00f3n de la situaci\u00f3n social y la evoluci\u00f3n de la inflaci\u00f3n.<\/p>\n","protected":false},"excerpt":{"rendered":"<p>El Gobierno nacional anunci\u00f3 un nuevo incremento en las tarifas de electricidad y gas natural que se implementar\u00e1 en septiembre. Seg\u00fan la resoluci\u00f3n oficial publicada este viernes, los usuarios residenciales, comerciales e industriales experimentar\u00e1n una suba promedio del 4% en sus facturas mensuales a partir del pr\u00f3ximo mes. Los entes reguladores correspondientes, tanto para electricidad&hellip;<\/p>\n","protected":false},"author":1,"featured_media":132597,"comment_status":"open","ping_status":"open","sticky":false,"template":"","format":"standard","meta":{"footnotes":""},"categories":[9],"tags":[2450,22023,11949,3764,3551,761,22799,43591,8490,4016,373,376],"class_list":["post-132596","post","type-post","status-publish","format-standard","has-post-thumbnail","hentry","category-economia","tag-diario-el-sindical","tag-economia","tag-electricidad","tag-enre","tag-gas","tag-gobierno-nacional","tag-pest","tag-pist","tag-servicios","tag-subsidios","tag-tarifas","tag-usuarios"],"_links":{"self":[{"href":"https:\/\/www.elsindical.com.ar\/notas\/wp-json\/wp\/v2\/posts\/132596","targetHints":{"allow":["GET"]}}],"collection":[{"href":"https:\/\/www.elsindical.com.ar\/notas\/wp-json\/wp\/v2\/posts"}],"about":[{"href":"https:\/\/www.elsindical.com.ar\/notas\/wp-json\/wp\/v2\/types\/post"}],"author":[{"embeddable":true,"href":"https:\/\/www.elsindical.com.ar\/notas\/wp-json\/wp\/v2\/users\/1"}],"replies":[{"embeddable":true,"href":"https:\/\/www.elsindical.com.ar\/notas\/wp-json\/wp\/v2\/comments?post=132596"}],"version-history":[{"count":1,"href":"https:\/\/www.elsindical.com.ar\/notas\/wp-json\/wp\/v2\/posts\/132596\/revisions"}],"predecessor-version":[{"id":132598,"href":"https:\/\/www.elsindical.com.ar\/notas\/wp-json\/wp\/v2\/posts\/132596\/revisions\/132598"}],"wp:featuredmedia":[{"embeddable":true,"href":"https:\/\/www.elsindical.com.ar\/notas\/wp-json\/wp\/v2\/media\/132597"}],"wp:attachment":[{"href":"https:\/\/www.elsindical.com.ar\/notas\/wp-json\/wp\/v2\/media?parent=132596"}],"wp:term":[{"taxonomy":"category","embeddable":true,"href":"https:\/\/www.elsindical.com.ar\/notas\/wp-json\/wp\/v2\/categories?post=132596"},{"taxonomy":"post_tag","embeddable":true,"href":"https:\/\/www.elsindical.com.ar\/notas\/wp-json\/wp\/v2\/tags?post=132596"}],"curies":[{"name":"wp","href":"https:\/\/api.w.org\/{rel}","templated":true}]}}