{"id":132570,"date":"2024-08-29T21:01:13","date_gmt":"2024-08-30T00:01:13","guid":{"rendered":"https:\/\/www.elsindical.com.ar\/notas\/?p=132570"},"modified":"2024-09-05T01:21:30","modified_gmt":"2024-09-05T04:21:30","slug":"el-matute-y-una-apertura-cultural-a-la-sociedad","status":"publish","type":"post","link":"https:\/\/www.elsindical.com.ar\/notas\/el-matute-y-una-apertura-cultural-a-la-sociedad\/","title":{"rendered":"El Matute y una apertura cultural a la sociedad"},"content":{"rendered":"\n<figure class=\"wp-block-image size-large\"><a href=\"https:\/\/www.elsindical.com.ar\/notas\/var\/www\/html\/notas\/wp-content\/uploads\/2024\/08\/escuela-45-03-scaled.jpg\"><img loading=\"lazy\" decoding=\"async\" width=\"1024\" height=\"650\" src=\"https:\/\/www.elsindical.com.ar\/notas\/var\/www\/html\/notas\/wp-content\/uploads\/2024\/08\/escuela-45-03-1024x650.jpg\" alt=\"\" class=\"wp-image-132572\" srcset=\"https:\/\/www.elsindical.com.ar\/notas\/var\/www\/html\/notas\/wp-content\/uploads\/2024\/08\/escuela-45-03-1024x650.jpg 1024w, https:\/\/www.elsindical.com.ar\/notas\/var\/www\/html\/notas\/wp-content\/uploads\/2024\/08\/escuela-45-03-300x190.jpg 300w, https:\/\/www.elsindical.com.ar\/notas\/var\/www\/html\/notas\/wp-content\/uploads\/2024\/08\/escuela-45-03-768x487.jpg 768w, https:\/\/www.elsindical.com.ar\/notas\/var\/www\/html\/notas\/wp-content\/uploads\/2024\/08\/escuela-45-03-473x300.jpg 473w, https:\/\/www.elsindical.com.ar\/notas\/var\/www\/html\/notas\/wp-content\/uploads\/2024\/08\/escuela-45-03-1536x974.jpg 1536w, https:\/\/www.elsindical.com.ar\/notas\/var\/www\/html\/notas\/wp-content\/uploads\/2024\/08\/escuela-45-03-2048x1299.jpg 2048w\" sizes=\"auto, (max-width: 1024px) 100vw, 1024px\" \/><\/a><\/figure>\n\n\n\n<p class=\"wp-block-paragraph\">Con distintas actividades que se desarrollan en la red de puntos culturales municipales, en el <strong>Punto Cultural Matute<\/strong>, ubicado en la calle Pte. Sarmiento 2102 del barrio de Gerli, en el partido de Avellaneda, la coordinadora <strong>Alejandra Robles<\/strong>, comenz\u00f3 a interactuar de forma presencial con los vecinos para difundir las actividades que se encuentran a disposici\u00f3n de quienes quieran participar.<\/p>\n\n\n\n<p class=\"wp-block-paragraph\">El mi\u00e9rcoles 28 de agosto por la tarde los alumnos de la <strong>Escuela Secundaria N\u00b07 \u00bb Gral Manuel Belgrano\u00bb<\/strong>, durante su clase de historia, pudieron compartir fotos hist\u00f3ricas del barrio y tambi\u00e9n escuchar la experiencia de vida del se\u00f1or Miguel \u00c1ngel Caruso que naci\u00f3 y se crio en el barrio siendo testigo de la evoluci\u00f3n del mismo y de los grandes cambios que tuvo la est\u00e9tica edilicia.<\/p>\n\n\n\n<p class=\"wp-block-paragraph\">Varios de los alumnos aportaron fotograf\u00edas hist\u00f3ricas que buscaron consultando a familiares y para intercambio <strong><a href=\"https:\/\/drive.google.com\/drive\/folders\/1la2ui0OC82o5QRQPdEM_rDN2hiBDdTyK\">se creo un link<\/a><\/strong> donde todos podr\u00e1n acceder para mirar o colaborar con el material que tengan y as\u00ed conocer la identidad del barrio y sus habitantes.<\/p>\n\n\n\n<p class=\"wp-block-paragraph\">Junto a Alejandra concurri\u00f3 la profesora del taller de fotograf\u00eda y audiovisuales <strong>Bel\u00e9n Petrillo<\/strong> y algunos de los miembros del taller.<\/p>\n\n\n\n<figure class=\"wp-block-embed is-type-video is-provider-youtube wp-block-embed-youtube wp-embed-aspect-16-9 wp-has-aspect-ratio\"><div class=\"wp-block-embed__wrapper\">\nhttps:\/\/www.youtube.com\/watch?v=d8fBkQ1MpV0\n<\/div><\/figure>\n","protected":false},"excerpt":{"rendered":"<p>Con distintas actividades que se desarrollan en la red de puntos culturales municipales, en el Punto Cultural Matute, ubicado en la calle Pte. Sarmiento 2102 del barrio de Gerli, en el partido de Avellaneda, la coordinadora Alejandra Robles, comenz\u00f3 a interactuar de forma presencial con los vecinos para difundir las actividades que se encuentran a&hellip;<\/p>\n","protected":false},"author":1,"featured_media":132572,"comment_status":"open","ping_status":"open","sticky":false,"template":"","format":"standard","meta":{"footnotes":""},"categories":[5],"tags":[43584,461,43585,43582,2450,43583,1662,9849,43586,43581,37328],"class_list":["post-132570","post","type-post","status-publish","format-standard","has-post-thumbnail","hentry","category-cultura","tag-alejandra-robles","tag-avellaneda","tag-belen-petrillo","tag-centro-kultural-matute","tag-diario-el-sindical","tag-escuela-primaria-n-45","tag-gerli","tag-historia","tag-miguel-angel-caruso","tag-punto-cultural-matute","tag-taller-de-fotografia"],"_links":{"self":[{"href":"https:\/\/www.elsindical.com.ar\/notas\/wp-json\/wp\/v2\/posts\/132570","targetHints":{"allow":["GET"]}}],"collection":[{"href":"https:\/\/www.elsindical.com.ar\/notas\/wp-json\/wp\/v2\/posts"}],"about":[{"href":"https:\/\/www.elsindical.com.ar\/notas\/wp-json\/wp\/v2\/types\/post"}],"author":[{"embeddable":true,"href":"https:\/\/www.elsindical.com.ar\/notas\/wp-json\/wp\/v2\/users\/1"}],"replies":[{"embeddable":true,"href":"https:\/\/www.elsindical.com.ar\/notas\/wp-json\/wp\/v2\/comments?post=132570"}],"version-history":[{"count":6,"href":"https:\/\/www.elsindical.com.ar\/notas\/wp-json\/wp\/v2\/posts\/132570\/revisions"}],"predecessor-version":[{"id":132578,"href":"https:\/\/www.elsindical.com.ar\/notas\/wp-json\/wp\/v2\/posts\/132570\/revisions\/132578"}],"wp:featuredmedia":[{"embeddable":true,"href":"https:\/\/www.elsindical.com.ar\/notas\/wp-json\/wp\/v2\/media\/132572"}],"wp:attachment":[{"href":"https:\/\/www.elsindical.com.ar\/notas\/wp-json\/wp\/v2\/media?parent=132570"}],"wp:term":[{"taxonomy":"category","embeddable":true,"href":"https:\/\/www.elsindical.com.ar\/notas\/wp-json\/wp\/v2\/categories?post=132570"},{"taxonomy":"post_tag","embeddable":true,"href":"https:\/\/www.elsindical.com.ar\/notas\/wp-json\/wp\/v2\/tags?post=132570"}],"curies":[{"name":"wp","href":"https:\/\/api.w.org\/{rel}","templated":true}]}}