{"id":132493,"date":"2024-08-25T22:59:20","date_gmt":"2024-08-26T01:59:20","guid":{"rendered":"https:\/\/www.elsindical.com.ar\/notas\/?p=132493"},"modified":"2024-08-25T22:59:27","modified_gmt":"2024-08-26T01:59:27","slug":"came-indico-que-las-pymes-acumulan-el-octavo-mes-consecutivo-de-caida","status":"publish","type":"post","link":"https:\/\/www.elsindical.com.ar\/notas\/came-indico-que-las-pymes-acumulan-el-octavo-mes-consecutivo-de-caida\/","title":{"rendered":"CAME indic\u00f3 que las Pymes acumulan el octavo mes consecutivo de ca\u00edda"},"content":{"rendered":"<div class=\"wp-block-image\">\n<figure class=\"aligncenter size-full is-resized\"><a href=\"https:\/\/www.elsindical.com.ar\/notas\/var\/www\/html\/notas\/wp-content\/uploads\/2019\/09\/industria-Pyme.jpg\"><img loading=\"lazy\" decoding=\"async\" width=\"600\" height=\"338\" src=\"https:\/\/www.elsindical.com.ar\/notas\/var\/www\/html\/notas\/wp-content\/uploads\/2019\/09\/industria-Pyme.jpg\" alt=\"\" class=\"wp-image-90134\" style=\"width:688px;height:auto\" srcset=\"https:\/\/www.elsindical.com.ar\/notas\/var\/www\/html\/notas\/wp-content\/uploads\/2019\/09\/industria-Pyme.jpg 600w, https:\/\/www.elsindical.com.ar\/notas\/var\/www\/html\/notas\/wp-content\/uploads\/2019\/09\/industria-Pyme-300x169.jpg 300w, https:\/\/www.elsindical.com.ar\/notas\/var\/www\/html\/notas\/wp-content\/uploads\/2019\/09\/industria-Pyme-500x282.jpg 500w, https:\/\/www.elsindical.com.ar\/notas\/var\/www\/html\/notas\/wp-content\/uploads\/2019\/09\/industria-Pyme-460x260.jpg 460w\" sizes=\"auto, (max-width: 600px) 100vw, 600px\" \/><\/a><\/figure>\n<\/div>\n\n\n<p>La actividad industrial acumula un retroceso del 18,6% desde enero a julio.<\/p>\n\n\n\n<p>La actividad industrial de las pymes no logra recuperarse, y en julio acumul\u00f3 el octavo mes de ca\u00edda consecutiva, mientras que se evidenci\u00f3 un <strong>crecimiento en las dificultades de las firmas del sector abonar los salarios.<\/strong><\/p>\n\n\n\n<p>La producci\u00f3n manufacturera de las pymes<strong>&nbsp;cay\u00f3 17,8% anual en julio y acumula una retracci\u00f3n de 18,6% en los siete meses del a\u00f1o<\/strong>&nbsp;frente al mismo per\u00edodo de 2023, de acuerdo al relevamiento elaborado por la Confederaci\u00f3n Argentina de la Mediana Empresa (CAME).<\/p>\n\n\n\n<p>A pesar de reflejar un nuevo declive, la medici\u00f3n interanual rompi\u00f3 con cuatro meses seguidos en que el registro mostraba una profundizaci\u00f3n de la merma al superar al del mes previo, ya que luego del derrumbe del 30% en enero, se hab\u00eda atenuado el retroceso al 9,9% en febrero pero en marzo se volvi\u00f3 a acelerar al 11,9%, en abril al 18,3%, en mayo al 19% y en junio al 20,4%.<\/p>\n\n\n\n<p>En la comparaci\u00f3n mensual tambi\u00e9n se detect\u00f3 una contracci\u00f3n de la actividad por segundo mes consecutivo, al caer 1,8%. Sin embargo, el dato volvi\u00f3 a representar una baja respecto al mes previo, que hab\u00eda retrocedido un 3,1% frente al 5,3% de mayo.<\/p>\n\n\n\n<p>Asimismo, el \u00cdndice de Producci\u00f3n Industrial Pyme (IPIP) revel\u00f3 otras dos problem\u00e1ticas que reflejan&nbsp; el complejo momento que atraviesa el sector, al indicar que las pymes&nbsp;<strong>trabajaron en julio con el 60,6% de su capacidad instalada<\/strong>&nbsp;(en junio hab\u00eda sido el 60,1%) y que&nbsp;<strong>el 19,3% de las peque\u00f1as y medianas empresas tuvo dificultades para pagar salarios.<\/strong><\/p>\n\n\n\n<p>Al analizar&nbsp;los datos, desde CAME manifestaron que \u201ces el octavo mes consecutivo en ca\u00edda, en un mercado donde los precios se han estabilizado pero<strong>&nbsp;la p\u00e9rdida de poder adquisitivo contin\u00faa afectando la demanda interna\u201d.&nbsp;<\/strong><\/p>\n\n\n\n<p>Adem\u00e1s, puntualizaron que \u201ceste escenario se agrava por las dificultades en el acceso al financiamiento y los altos costos operativos, lo que coloca a muchas pymes en una situaci\u00f3n dif\u00edcil y&nbsp;<strong>con m\u00e1rgenes de rentabilidad estrechos\u201d.<\/strong><\/p>\n\n\n\n<p>En ese sentido, precisaron que \u201clos principales obst\u00e1culos que enfrentan en estos momentos tuvieron como protagonista con el 39,3% a la falta de ventas, mientras que el 37,2% se refiri\u00f3 a los altos costos de producci\u00f3n y log\u00edsticos, el 12,2% a la falta de acceso al financiamiento y otro 5,9% a los problemas de cobranza\u201d.<\/p>\n\n\n\n<p>Al respecto, la entidad gremial-empresaria revel\u00f3 que \u201ccomo consecuencia de los obst\u00e1culos previamente mencionados, el 33,4% de los encuestados tuvo que reducir gastos operativos en los \u00faltimos meses, otro 23,9% diversific\u00f3 sus productos y el 15,9% tuvo que reducir la cantidad de horas laborales\u201d.<\/p>\n\n\n\n<p>En este marco, se\u00f1alaron que \u201cpara las empresas<strong>&nbsp;la reducci\u00f3n de la carga fiscal es la medida de apoyo m\u00e1s urgente requerida<\/strong>, con 58,8% de las respuestas, marcando la necesidad de disminuir impuestos nacionales, provinciales y tasas municipales\u201d.<\/p>\n\n\n\n<p>Los seis sectores manufactureros del segmento pyme tuvieron fuertes ca\u00eddas en la comparaci\u00f3n anual, siendo los m\u00e1s afectados \u201cQu\u00edmicos y pl\u00e1sticos\u201d (-27,5%), \u201cPapel e impresiones\u201d (-26,9%) y \u201cMetal, maquinaria y equipo\u201d (-18,2%).<\/p>\n\n\n\n<p>En el acumulado del a\u00f1o, la mayor retracci\u00f3n la muestra \u201cQu\u00edmicos y pl\u00e1sticos\u201d (-26,6%), seguido por \u201cMetal, maquinaria y equipo\u201d (-21,3%) y \u201cPapel e impresiones\u201d (-21,2%).<\/p>\n","protected":false},"excerpt":{"rendered":"<p>La actividad industrial acumula un retroceso del 18,6% desde enero a julio. La actividad industrial de las pymes no logra recuperarse, y en julio acumul\u00f3 el octavo mes de ca\u00edda consecutiva, mientras que se evidenci\u00f3 un crecimiento en las dificultades de las firmas del sector abonar los salarios. La producci\u00f3n manufacturera de las pymes&nbsp;cay\u00f3 17,8%&hellip;<\/p>\n","protected":false},"author":1,"featured_media":90134,"comment_status":"open","ping_status":"open","sticky":false,"template":"","format":"standard","meta":{"footnotes":""},"categories":[9,28],"tags":[29419,7187,2450,22023,16865],"class_list":["post-132493","post","type-post","status-publish","format-standard","has-post-thumbnail","hentry","category-economia","category-empresariales","tag-actividad-industrial","tag-came","tag-diario-el-sindical","tag-economia","tag-pyme"],"_links":{"self":[{"href":"https:\/\/www.elsindical.com.ar\/notas\/wp-json\/wp\/v2\/posts\/132493","targetHints":{"allow":["GET"]}}],"collection":[{"href":"https:\/\/www.elsindical.com.ar\/notas\/wp-json\/wp\/v2\/posts"}],"about":[{"href":"https:\/\/www.elsindical.com.ar\/notas\/wp-json\/wp\/v2\/types\/post"}],"author":[{"embeddable":true,"href":"https:\/\/www.elsindical.com.ar\/notas\/wp-json\/wp\/v2\/users\/1"}],"replies":[{"embeddable":true,"href":"https:\/\/www.elsindical.com.ar\/notas\/wp-json\/wp\/v2\/comments?post=132493"}],"version-history":[{"count":1,"href":"https:\/\/www.elsindical.com.ar\/notas\/wp-json\/wp\/v2\/posts\/132493\/revisions"}],"predecessor-version":[{"id":132494,"href":"https:\/\/www.elsindical.com.ar\/notas\/wp-json\/wp\/v2\/posts\/132493\/revisions\/132494"}],"wp:featuredmedia":[{"embeddable":true,"href":"https:\/\/www.elsindical.com.ar\/notas\/wp-json\/wp\/v2\/media\/90134"}],"wp:attachment":[{"href":"https:\/\/www.elsindical.com.ar\/notas\/wp-json\/wp\/v2\/media?parent=132493"}],"wp:term":[{"taxonomy":"category","embeddable":true,"href":"https:\/\/www.elsindical.com.ar\/notas\/wp-json\/wp\/v2\/categories?post=132493"},{"taxonomy":"post_tag","embeddable":true,"href":"https:\/\/www.elsindical.com.ar\/notas\/wp-json\/wp\/v2\/tags?post=132493"}],"curies":[{"name":"wp","href":"https:\/\/api.w.org\/{rel}","templated":true}]}}