{"id":132491,"date":"2024-08-25T12:59:44","date_gmt":"2024-08-25T15:59:44","guid":{"rendered":"https:\/\/www.elsindical.com.ar\/notas\/?p=132491"},"modified":"2024-08-25T12:59:52","modified_gmt":"2024-08-25T15:59:52","slug":"movilizacion-del-sutna-en-banfield-por-despidos","status":"publish","type":"post","link":"https:\/\/www.elsindical.com.ar\/notas\/movilizacion-del-sutna-en-banfield-por-despidos\/","title":{"rendered":"Movilizaci\u00f3n del SUTNA en Banfield por despidos"},"content":{"rendered":"\n<figure class=\"wp-block-image size-large\"><a href=\"https:\/\/www.elsindical.com.ar\/notas\/var\/www\/html\/notas\/wp-content\/uploads\/2024\/07\/SUTNA-movilizacion.jpg\"><img loading=\"lazy\" decoding=\"async\" width=\"1024\" height=\"576\" src=\"https:\/\/www.elsindical.com.ar\/notas\/var\/www\/html\/notas\/wp-content\/uploads\/2024\/07\/SUTNA-movilizacion-1024x576.jpg\" alt=\"\" class=\"wp-image-131835\" srcset=\"https:\/\/www.elsindical.com.ar\/notas\/var\/www\/html\/notas\/wp-content\/uploads\/2024\/07\/SUTNA-movilizacion-1024x576.jpg 1024w, https:\/\/www.elsindical.com.ar\/notas\/var\/www\/html\/notas\/wp-content\/uploads\/2024\/07\/SUTNA-movilizacion-300x169.jpg 300w, https:\/\/www.elsindical.com.ar\/notas\/var\/www\/html\/notas\/wp-content\/uploads\/2024\/07\/SUTNA-movilizacion-768x432.jpg 768w, https:\/\/www.elsindical.com.ar\/notas\/var\/www\/html\/notas\/wp-content\/uploads\/2024\/07\/SUTNA-movilizacion-500x281.jpg 500w, https:\/\/www.elsindical.com.ar\/notas\/var\/www\/html\/notas\/wp-content\/uploads\/2024\/07\/SUTNA-movilizacion-460x260.jpg 460w, https:\/\/www.elsindical.com.ar\/notas\/var\/www\/html\/notas\/wp-content\/uploads\/2024\/07\/SUTNA-movilizacion.jpg 1200w\" sizes=\"auto, (max-width: 1024px) 100vw, 1024px\" \/><\/a><\/figure>\n\n\n\n<p>El SUTNA convoca a movilizar el pr\u00f3ximo lunes a la sede de Banfield del Ministerio de Trabajo provincial por despidos en Bridgestone.<\/p>\n\n\n\n<p>El <strong>Sindicato \u00danico de Trabajadores del Neum\u00e1tico Argentino (SUTNA) convoca a movilizar el pr\u00f3ximo lunes \u201ccontra los salvajes despidos ejecutados en Bridgestone<\/strong>\u201c.<\/p>\n\n\n\n<p>La concentraci\u00f3n ser\u00e1 <strong>el lunes, a partir de las 14.30<\/strong>, frente a la delegaci\u00f3n de Banfield del Ministerio de Trabajo de la Provincia de Buenos Aires, emplazada en <strong>Vieytes 280<\/strong>.<\/p>\n\n\n\n<p><strong>\u201cNos manifestamos en momentos coincidentes con la realizaci\u00f3n de la primera audiencia de la conciliaci\u00f3n obligatoria, como parte del plan de lucha ante los centenares de salvajes despidos ejecutados por Bridgestone Argentina\u201d<\/strong>, informa el gremio.<\/p>\n\n\n\n<p>La convocatoria es todos los trabajadores de Bridgestone, del Sindicato y dem\u00e1s organizaciones obreras que apoyan esta justa.<\/p>\n\n\n\n<p>En julio, la empresa liber\u00f3 de tareas a m\u00e1s de 1.500 trabajadores y solicit\u00f3 la apertura del Proceso Preventivo de Crisis (PPC), que fue rechazado y el SUTNA defini\u00f3 como \u201cfraudulento\u201c. Seg\u00fan el Sindicato, se concretaron m\u00e1s de 450 \u201csuspensiones ilegales\u201c.<\/p>\n","protected":false},"excerpt":{"rendered":"<p>El SUTNA convoca a movilizar el pr\u00f3ximo lunes a la sede de Banfield del Ministerio de Trabajo provincial por despidos en Bridgestone. El Sindicato \u00danico de Trabajadores del Neum\u00e1tico Argentino (SUTNA) convoca a movilizar el pr\u00f3ximo lunes \u201ccontra los salvajes despidos ejecutados en Bridgestone\u201c. La concentraci\u00f3n ser\u00e1 el lunes, a partir de las 14.30, frente&hellip;<\/p>\n","protected":false},"author":1,"featured_media":131835,"comment_status":"open","ping_status":"open","sticky":false,"template":"","format":"standard","meta":{"footnotes":""},"categories":[16],"tags":[5439,9795,53,2450,1196,26737,3787],"class_list":["post-132491","post","type-post","status-publish","format-standard","has-post-thumbnail","hentry","category-gremiales","tag-banfield","tag-bridgestone","tag-despidos","tag-diario-el-sindical","tag-movilizacion","tag-ppc","tag-sutna"],"_links":{"self":[{"href":"https:\/\/www.elsindical.com.ar\/notas\/wp-json\/wp\/v2\/posts\/132491","targetHints":{"allow":["GET"]}}],"collection":[{"href":"https:\/\/www.elsindical.com.ar\/notas\/wp-json\/wp\/v2\/posts"}],"about":[{"href":"https:\/\/www.elsindical.com.ar\/notas\/wp-json\/wp\/v2\/types\/post"}],"author":[{"embeddable":true,"href":"https:\/\/www.elsindical.com.ar\/notas\/wp-json\/wp\/v2\/users\/1"}],"replies":[{"embeddable":true,"href":"https:\/\/www.elsindical.com.ar\/notas\/wp-json\/wp\/v2\/comments?post=132491"}],"version-history":[{"count":1,"href":"https:\/\/www.elsindical.com.ar\/notas\/wp-json\/wp\/v2\/posts\/132491\/revisions"}],"predecessor-version":[{"id":132492,"href":"https:\/\/www.elsindical.com.ar\/notas\/wp-json\/wp\/v2\/posts\/132491\/revisions\/132492"}],"wp:featuredmedia":[{"embeddable":true,"href":"https:\/\/www.elsindical.com.ar\/notas\/wp-json\/wp\/v2\/media\/131835"}],"wp:attachment":[{"href":"https:\/\/www.elsindical.com.ar\/notas\/wp-json\/wp\/v2\/media?parent=132491"}],"wp:term":[{"taxonomy":"category","embeddable":true,"href":"https:\/\/www.elsindical.com.ar\/notas\/wp-json\/wp\/v2\/categories?post=132491"},{"taxonomy":"post_tag","embeddable":true,"href":"https:\/\/www.elsindical.com.ar\/notas\/wp-json\/wp\/v2\/tags?post=132491"}],"curies":[{"name":"wp","href":"https:\/\/api.w.org\/{rel}","templated":true}]}}