{"id":132465,"date":"2024-08-24T00:15:29","date_gmt":"2024-08-24T03:15:29","guid":{"rendered":"https:\/\/www.elsindical.com.ar\/notas\/?p=132465"},"modified":"2024-08-24T00:15:36","modified_gmt":"2024-08-24T03:15:36","slug":"esteban-echenerria-familiares-de-nicolas-almiron-piden-justicia-tras-su-asesinato","status":"publish","type":"post","link":"https:\/\/www.elsindical.com.ar\/notas\/esteban-echenerria-familiares-de-nicolas-almiron-piden-justicia-tras-su-asesinato\/","title":{"rendered":"Esteban Echenerr\u00eda: Familiares de Nicol\u00e1s Almir\u00f3n piden justicia tras su asesinato"},"content":{"rendered":"\n<figure class=\"wp-block-image size-large\"><a href=\"https:\/\/www.elsindical.com.ar\/notas\/var\/www\/html\/notas\/wp-content\/uploads\/2024\/08\/Nicolas-Almiron.jpg\"><img loading=\"lazy\" decoding=\"async\" width=\"1024\" height=\"576\" src=\"https:\/\/www.elsindical.com.ar\/notas\/var\/www\/html\/notas\/wp-content\/uploads\/2024\/08\/Nicolas-Almiron-1024x576.jpg\" alt=\"\" class=\"wp-image-132466\" srcset=\"https:\/\/www.elsindical.com.ar\/notas\/var\/www\/html\/notas\/wp-content\/uploads\/2024\/08\/Nicolas-Almiron-1024x576.jpg 1024w, https:\/\/www.elsindical.com.ar\/notas\/var\/www\/html\/notas\/wp-content\/uploads\/2024\/08\/Nicolas-Almiron-300x169.jpg 300w, https:\/\/www.elsindical.com.ar\/notas\/var\/www\/html\/notas\/wp-content\/uploads\/2024\/08\/Nicolas-Almiron-768x432.jpg 768w, https:\/\/www.elsindical.com.ar\/notas\/var\/www\/html\/notas\/wp-content\/uploads\/2024\/08\/Nicolas-Almiron-500x281.jpg 500w, https:\/\/www.elsindical.com.ar\/notas\/var\/www\/html\/notas\/wp-content\/uploads\/2024\/08\/Nicolas-Almiron-460x260.jpg 460w, https:\/\/www.elsindical.com.ar\/notas\/var\/www\/html\/notas\/wp-content\/uploads\/2024\/08\/Nicolas-Almiron.jpg 1280w\" sizes=\"auto, (max-width: 1024px) 100vw, 1024px\" \/><\/a><\/figure>\n\n\n\n<p>Familiares y amigos de <strong>Nicol\u00e1s Almir\u00f3n, un joven de 20 a\u00f1os asesinado hace una semana en el partido de Esteban Echeverr\u00eda,<\/strong> exigieron justicia y reclamaron la detenci\u00f3n de todos los involucrados en el ataque. Nicol\u00e1s, que era estudiante de Farmacia en la Universidad de Buenos Aires y trabajaba en una distribuidora de Coto, fue v\u00edctima de un brutal asalto mientras conduc\u00eda su moto en la madrugada del 15 de agosto.<\/p>\n\n\n\n<p>El hecho ocurri\u00f3 en la intersecci\u00f3n de <strong>Camino de Cintura y Maip\u00fa,<\/strong> cerca del Centro de Monitoreo municipal. All\u00ed, Nicol\u00e1s fue interceptado por <strong>cuatro delincuentes que se movilizaban en dos ciclomotores<\/strong>. Los asaltantes le robaron su moto, una Honda Twister de 250 cilindradas que hab\u00eda adquirido recientemente, y sus pertenencias. A pesar de no haber ofrecido resistencia, el joven fue asesinado a balazos.<\/p>\n\n\n\n<p>Irma Clavijo, la mam\u00e1 de Nicol\u00e1s, cont\u00f3que cada vez que el joven llegaba a su lugar de trabajo le enviaba un mensaje para que se quede tranquila. Pero ese d\u00eda fue distinto: \u201c<strong>5.30 me mandaba mensajes de que hab\u00eda llegado, pero eran 5:55 y no me hab\u00eda avisado.<\/strong>&nbsp;Pens\u00e9 que era porque estaba justo con la hora\u201d<strong>.<\/strong> Reci\u00e9n pasadas las 8 de la ma\u00f1ana se activaron las alarmas en su entorno, y comenzaron a rastrearlo en hospitales y comisar\u00edas, hasta que en una le dieron la peor noticia.<\/p>\n\n\n\n<h2 class=\"wp-block-heading\">S\u00f3lo un detenido<\/h2>\n\n\n\n<p>Hasta el momento, solo <strong>uno de los cuatro autores del homicidio fue detenido<\/strong>. <strong>Se trata de un joven de 18 a\u00f1os, <\/strong>y durante el allanamiento en su domicilio, la polic\u00eda recuper\u00f3 la moto de Nicol\u00e1s. Sin embargo, tres de los atacantes contin\u00faan pr\u00f3fugos, lo que gener\u00f3 preocupaci\u00f3n y descontento entre los allegados de la v\u00edctima.<\/p>\n\n\n\n<p>El entorno de Nicol\u00e1s expres\u00f3 su indignaci\u00f3n y pidi\u00f3 a las autoridades que se aceleren las investigaciones para capturar a los responsables que siguen en libertad<strong>. Micaela, la novia de Nicol\u00e1s, solicit\u00f3 la colaboraci\u00f3n de posibles testigos que puedan aportar informaci\u00f3n sobre lo sucedido, con el fin de lograr la detenci\u00f3n de todos los involucrados en el crimen.<\/strong><\/p>\n\n\n\n<p>Nicol\u00e1s viv\u00eda en Gonz\u00e1lez Cat\u00e1n y se encontraba en Esteban Echeverr\u00eda cuando ocurri\u00f3 el ataque, presuntamente despu\u00e9s de haber sido seguido por los delincuentes desde Laferrere, lugar donde se presume que comenz\u00f3 la persecuci\u00f3n. La familia y los amigos del joven insisten en que se haga justicia y que no se permita que el caso quede impune.<\/p>\n","protected":false},"excerpt":{"rendered":"<p>Familiares y amigos de Nicol\u00e1s Almir\u00f3n, un joven de 20 a\u00f1os asesinado hace una semana en el partido de Esteban Echeverr\u00eda, exigieron justicia y reclamaron la detenci\u00f3n de todos los involucrados en el ataque. Nicol\u00e1s, que era estudiante de Farmacia en la Universidad de Buenos Aires y trabajaba en una distribuidora de Coto, fue v\u00edctima&hellip;<\/p>\n","protected":false},"author":1,"featured_media":132466,"comment_status":"open","ping_status":"open","sticky":false,"template":"","format":"standard","meta":{"footnotes":""},"categories":[25],"tags":[33140,363,2450,34363,157,2516,43550,116],"class_list":["post-132465","post","type-post","status-publish","format-standard","has-post-thumbnail","hentry","category-sociedad","tag-justicia-2","tag-asesinato","tag-diario-el-sindical","tag-esteban-echeveria","tag-familiares","tag-moto","tag-nicolas-almiron","tag-robo"],"_links":{"self":[{"href":"https:\/\/www.elsindical.com.ar\/notas\/wp-json\/wp\/v2\/posts\/132465","targetHints":{"allow":["GET"]}}],"collection":[{"href":"https:\/\/www.elsindical.com.ar\/notas\/wp-json\/wp\/v2\/posts"}],"about":[{"href":"https:\/\/www.elsindical.com.ar\/notas\/wp-json\/wp\/v2\/types\/post"}],"author":[{"embeddable":true,"href":"https:\/\/www.elsindical.com.ar\/notas\/wp-json\/wp\/v2\/users\/1"}],"replies":[{"embeddable":true,"href":"https:\/\/www.elsindical.com.ar\/notas\/wp-json\/wp\/v2\/comments?post=132465"}],"version-history":[{"count":1,"href":"https:\/\/www.elsindical.com.ar\/notas\/wp-json\/wp\/v2\/posts\/132465\/revisions"}],"predecessor-version":[{"id":132467,"href":"https:\/\/www.elsindical.com.ar\/notas\/wp-json\/wp\/v2\/posts\/132465\/revisions\/132467"}],"wp:featuredmedia":[{"embeddable":true,"href":"https:\/\/www.elsindical.com.ar\/notas\/wp-json\/wp\/v2\/media\/132466"}],"wp:attachment":[{"href":"https:\/\/www.elsindical.com.ar\/notas\/wp-json\/wp\/v2\/media?parent=132465"}],"wp:term":[{"taxonomy":"category","embeddable":true,"href":"https:\/\/www.elsindical.com.ar\/notas\/wp-json\/wp\/v2\/categories?post=132465"},{"taxonomy":"post_tag","embeddable":true,"href":"https:\/\/www.elsindical.com.ar\/notas\/wp-json\/wp\/v2\/tags?post=132465"}],"curies":[{"name":"wp","href":"https:\/\/api.w.org\/{rel}","templated":true}]}}