{"id":132460,"date":"2024-08-23T15:04:50","date_gmt":"2024-08-23T18:04:50","guid":{"rendered":"https:\/\/www.elsindical.com.ar\/notas\/?p=132460"},"modified":"2024-08-23T15:04:56","modified_gmt":"2024-08-23T18:04:56","slug":"guillermo-michel-ex-titular-de-la-aduana-la-reglamentacion-del-rigi-se-extralimito-y-autoriza-giros-de-fondos-al-exterior-por-fuera-de-la-ley","status":"publish","type":"post","link":"https:\/\/www.elsindical.com.ar\/notas\/guillermo-michel-ex-titular-de-la-aduana-la-reglamentacion-del-rigi-se-extralimito-y-autoriza-giros-de-fondos-al-exterior-por-fuera-de-la-ley\/","title":{"rendered":"Guillermo Michel, ex titular de la Aduana: \u201cLa reglamentaci\u00f3n del RIGI se extralimit\u00f3 y autoriza giros de fondos al exterior por fuera de la ley\u201d"},"content":{"rendered":"<div class=\"wp-block-image\">\n<figure class=\"aligncenter size-full is-resized\"><a href=\"https:\/\/www.elsindical.com.ar\/notas\/var\/www\/html\/notas\/wp-content\/uploads\/2024\/08\/Guillermo-Michel-3.jpg\"><img loading=\"lazy\" decoding=\"async\" width=\"750\" height=\"425\" src=\"https:\/\/www.elsindical.com.ar\/notas\/var\/www\/html\/notas\/wp-content\/uploads\/2024\/08\/Guillermo-Michel-3.jpg\" alt=\"\" class=\"wp-image-132461\" style=\"width:794px;height:auto\" srcset=\"https:\/\/www.elsindical.com.ar\/notas\/var\/www\/html\/notas\/wp-content\/uploads\/2024\/08\/Guillermo-Michel-3.jpg 750w, https:\/\/www.elsindical.com.ar\/notas\/var\/www\/html\/notas\/wp-content\/uploads\/2024\/08\/Guillermo-Michel-3-300x170.jpg 300w, https:\/\/www.elsindical.com.ar\/notas\/var\/www\/html\/notas\/wp-content\/uploads\/2024\/08\/Guillermo-Michel-3-500x283.jpg 500w, https:\/\/www.elsindical.com.ar\/notas\/var\/www\/html\/notas\/wp-content\/uploads\/2024\/08\/Guillermo-Michel-3-220x126.jpg 220w, https:\/\/www.elsindical.com.ar\/notas\/var\/www\/html\/notas\/wp-content\/uploads\/2024\/08\/Guillermo-Michel-3-460x260.jpg 460w\" sizes=\"auto, (max-width: 750px) 100vw, 750px\" \/><\/a><\/figure>\n<\/div>\n\n\n<p>El contador y abogado advirti\u00f3 que \u201cesta extensi\u00f3n de beneficios es ilegal y va m\u00e1s all\u00e1 del texto y del esp\u00edritu de la ley que aprobaron los legisladores\u201d<\/p>\n\n\n\n<p><strong>Guillermo Michel<\/strong>, ex titular de la Aduana, advirti\u00f3 que el decreto que reglament\u00f3 el R\u00e9gimen para Grandes Inversiones (RIGI), que fue parte de la Ley Bases que impuls\u00f3 el Gobierno y aprob\u00f3 el Congreso el mes pasado, se \u201cextralimit\u00f3\u201d y autoriza algunas operaciones que est\u00e1n por fuera del texto y el esp\u00edritu de la propia norma.<\/p>\n\n\n\n<p>Por ejemplo, temas vinculados a la libertad para girar dividendos al exterior de las empresas que accedan al r\u00e9gimen. \u201cLas reglamentaci\u00f3n del RIGI se extralimit\u00f3 y autoriza giros de fondos al exterior por fuera de la ley\u201d, asegur\u00f3 Michel.<\/p>\n\n\n\n<p>\u201cEl objetivo es que vengan d\u00f3lares, si los traen por el mercado de cambios se los deber\u00edan llevar de la misma manera. Ahora, por decreto, dicen otra cosa: que hay parte que puede entrar por CCL [contado con liqui]. La indemnidad de giro de fondos al exterior es solo para el VPU, no para otros terceros, como acreedores y garantes, como dice el decreto. Est\u00e1n extendiendo la indemnidad cambiaria a los prestamistas, a los bancos internacionales, fondos y otros veh\u00edculos financieros. Ampl\u00edan los beneficios m\u00e1s all\u00e1 de la ley. El decreto debe reglamentar la ley, no extender beneficios m\u00e1s all\u00e1 de lo que establece la norma votada por el Congreso\u201d, destac\u00f3 el contador y abogado cercano a <strong>Sergio Massa<\/strong>.<\/p>\n\n\n\n<p>\u2014 <strong>\u00bfCu\u00e1les son las diferencias que encontr\u00f3 en el decreto que se conoci\u00f3 hoy?<\/strong><\/p>\n\n\n\n<p>\u2014 El quinto p\u00e1rrafo del art\u00edculo 199 de la Ley N\u00b0 27.742 establece que no son aplicables a los Veh\u00edculos de Prop\u00f3sito \u00danico (VPU), como se llama a las empresa que acceden al r\u00e9gimen, las normas cambiarias, lo cito textual, \u201cque establezcan restricciones o autorizaciones previas para el acceso al mercado de cambios para el pago de utilidades, dividendos o intereses a sujetos no residentes, en la medida que tales utilidades, dividendos o intereses hayan sido generados por aportes de capital u otras inversiones directas, o por pr\u00e9stamos u otros endeudamientos financieros con el exterior, ingresados y liquidados en el mercado de cambios por el VPU a partir de la fecha de adhesi\u00f3n al RIGI, sin que en este caso aplique el l\u00edmite cuantitativo previsto en el p\u00e1rrafo anterior\u201d.<\/p>\n\n\n\n<p>\u2014 <strong>Debe existir una correlaci\u00f3n directa entre fondos ingresados y giro de divisas.<\/strong><\/p>\n\n\n\n<p>\u2014 S\u00ed los fondos que ingresan a la Argentina para una inversi\u00f3n entraron por el MLC la retribuci\u00f3n de esa inversi\u00f3n \u2013ya sea por capital propio (dividendos) o de terceros (intereses)\u2013 no tiene restricciones cambiarias al momento del giro al exterior. Ahora bien, el art\u00edculo 101 del Decreto 749\/2024 \u2013que reglamenta el mencionado p\u00e1rrafo de la ley\u2013 se extralimita en los beneficios a los inversores, yendo m\u00e1s all\u00e1 del texto que sancionaron los legisladores. <strong>Permite \u201cproporcionar\u201d el beneficio.<\/strong> Es decir que si un VPU ingresa parte de la inversi\u00f3n o el pr\u00e9stamo por el MLC y otra parte por el CCL se le mantiene la garant\u00eda de giros al exterior por la proporci\u00f3n ingresada por el MLC. La ley en ning\u00fan momento habla de proporci\u00f3n, sino que establece el beneficio al VPU de manera global. El objetivo del RIGI es que se incrementen las inversiones y las reservas, no que las divisas ingresen por fuera del MLC. Y hay m\u00e1s.<\/p>\n\n\n\n<p>\u2014 <strong>\u00bfQu\u00e9 aspectos?<\/strong><\/p>\n\n\n\n<p>\u2014 Tambi\u00e9n extiende, de manera irregular, el beneficio de libertad para girar al exterior no solo al VPU sino tambi\u00e9n a \u201clos acreedores no residentes del VPU, incluyendo partes vinculadas, que hubieran recibido pesos en el pa\u00eds como consecuencia de un cobro contra el VPU originado en un incumplimiento del VPU, as\u00ed como los garantes de obligaciones del VPU \u2013incluyendo partes vinculadas\u2013 cuya garant\u00eda se encuentre expresamente establecida en los acuerdos de endeudamiento por el pago de dicha garant\u00eda otorgada\u201d. Es decir, que por un decreto reglamentario se extiende el beneficio de no restricci\u00f3n de giros al exterior a los acreedores del VPU del exterior y al garante de esas obligaciones (empresas vinculadas).<\/p>\n\n\n\n<p><strong>\u2014 \u00bfPor qu\u00e9 cree que se reglament\u00f3 de esta manera?<\/strong><\/p>\n\n\n\n<p>\u2014 Estoy de acuerdo en dar incentivos a nuevas inversiones, pero hay que respetar la ley. Claramente, esta extensi\u00f3n de beneficios es ilegal y va m\u00e1s all\u00e1 del texto y del esp\u00edritu de la ley que aprobaron los legisladores. Entiendo que se hizo de esta manera porque debe haber presiones de inversores extranjeros, sectores financieros y estudios de abogados, que ya est\u00e1n trabajando para estructurar estas inversiones, para tener beneficios extras. En todo caso, lo que se deber\u00eda hacer es mandar un nuevo proyecto para cambiar la ley que votaron diputados y senadores.<\/p>\n\n\n\n<p><strong>\u2014 \u00bfHay otros aspectos, m\u00e1s all\u00e1 del tema de giros de fondos al exterior, que considera que se reglamentaron por fuera de lo votado?<\/strong><\/p>\n\n\n\n<p>\u2014 S\u00ed, los estoy estudiando. Temas impositivos, como la actualizaci\u00f3n de quebrantos del Impuesto a las Ganancias y cuestiones vinculadas al Impuesto PAIS, por ejemplo. En el art\u00edculo 138 se busca ampliar la estabilidad fiscal de las importaciones, cuando el Impuesto PAIS que no grava las importaciones sino la compra de moneda extranjera.<\/p>\n\n\n\n<p><strong>Fuente: Infobae<\/strong><\/p>\n","protected":false},"excerpt":{"rendered":"<p>El contador y abogado advirti\u00f3 que \u201cesta extensi\u00f3n de beneficios es ilegal y va m\u00e1s all\u00e1 del texto y del esp\u00edritu de la ley que aprobaron los legisladores\u201d Guillermo Michel, ex titular de la Aduana, advirti\u00f3 que el decreto que reglament\u00f3 el R\u00e9gimen para Grandes Inversiones (RIGI), que fue parte de la Ley Bases que&hellip;<\/p>\n","protected":false},"author":1,"featured_media":132461,"comment_status":"open","ping_status":"open","sticky":false,"template":"","format":"standard","meta":{"footnotes":""},"categories":[9,13],"tags":[2450,2105,43549,5886,39422,28812,43547,43548],"class_list":["post-132460","post","type-post","status-publish","format-standard","has-post-thumbnail","hentry","category-economia","category-politica","tag-diario-el-sindical","tag-empresas","tag-evadir","tag-fondos","tag-guillermo-michel","tag-javier-milei","tag-rigi","tag-vpu"],"_links":{"self":[{"href":"https:\/\/www.elsindical.com.ar\/notas\/wp-json\/wp\/v2\/posts\/132460","targetHints":{"allow":["GET"]}}],"collection":[{"href":"https:\/\/www.elsindical.com.ar\/notas\/wp-json\/wp\/v2\/posts"}],"about":[{"href":"https:\/\/www.elsindical.com.ar\/notas\/wp-json\/wp\/v2\/types\/post"}],"author":[{"embeddable":true,"href":"https:\/\/www.elsindical.com.ar\/notas\/wp-json\/wp\/v2\/users\/1"}],"replies":[{"embeddable":true,"href":"https:\/\/www.elsindical.com.ar\/notas\/wp-json\/wp\/v2\/comments?post=132460"}],"version-history":[{"count":1,"href":"https:\/\/www.elsindical.com.ar\/notas\/wp-json\/wp\/v2\/posts\/132460\/revisions"}],"predecessor-version":[{"id":132462,"href":"https:\/\/www.elsindical.com.ar\/notas\/wp-json\/wp\/v2\/posts\/132460\/revisions\/132462"}],"wp:featuredmedia":[{"embeddable":true,"href":"https:\/\/www.elsindical.com.ar\/notas\/wp-json\/wp\/v2\/media\/132461"}],"wp:attachment":[{"href":"https:\/\/www.elsindical.com.ar\/notas\/wp-json\/wp\/v2\/media?parent=132460"}],"wp:term":[{"taxonomy":"category","embeddable":true,"href":"https:\/\/www.elsindical.com.ar\/notas\/wp-json\/wp\/v2\/categories?post=132460"},{"taxonomy":"post_tag","embeddable":true,"href":"https:\/\/www.elsindical.com.ar\/notas\/wp-json\/wp\/v2\/tags?post=132460"}],"curies":[{"name":"wp","href":"https:\/\/api.w.org\/{rel}","templated":true}]}}