{"id":132430,"date":"2024-08-22T14:52:15","date_gmt":"2024-08-22T17:52:15","guid":{"rendered":"https:\/\/www.elsindical.com.ar\/notas\/?p=132430"},"modified":"2024-08-22T14:52:21","modified_gmt":"2024-08-22T17:52:21","slug":"fuerza-argentina-realizo-un-plenario-con-criticas-al-gobierno-actual","status":"publish","type":"post","link":"https:\/\/www.elsindical.com.ar\/notas\/fuerza-argentina-realizo-un-plenario-con-criticas-al-gobierno-actual\/","title":{"rendered":"\u00abFuerza Argentina\u00bb realiz\u00f3 un Plenario con cr\u00edticas al gobierno actual"},"content":{"rendered":"\n<figure class=\"wp-block-image size-full\"><a href=\"https:\/\/www.elsindical.com.ar\/notas\/var\/www\/html\/notas\/wp-content\/uploads\/2024\/08\/Fuerza-Argentina-plenario-agosto-2024-1.jpg\"><img loading=\"lazy\" decoding=\"async\" width=\"850\" height=\"564\" src=\"https:\/\/www.elsindical.com.ar\/notas\/var\/www\/html\/notas\/wp-content\/uploads\/2024\/08\/Fuerza-Argentina-plenario-agosto-2024-1.jpg\" alt=\"\" class=\"wp-image-132431\" srcset=\"https:\/\/www.elsindical.com.ar\/notas\/var\/www\/html\/notas\/wp-content\/uploads\/2024\/08\/Fuerza-Argentina-plenario-agosto-2024-1.jpg 850w, https:\/\/www.elsindical.com.ar\/notas\/var\/www\/html\/notas\/wp-content\/uploads\/2024\/08\/Fuerza-Argentina-plenario-agosto-2024-1-300x199.jpg 300w, https:\/\/www.elsindical.com.ar\/notas\/var\/www\/html\/notas\/wp-content\/uploads\/2024\/08\/Fuerza-Argentina-plenario-agosto-2024-1-768x510.jpg 768w, https:\/\/www.elsindical.com.ar\/notas\/var\/www\/html\/notas\/wp-content\/uploads\/2024\/08\/Fuerza-Argentina-plenario-agosto-2024-1-452x300.jpg 452w\" sizes=\"auto, (max-width: 850px) 100vw, 850px\" \/><\/a><\/figure>\n\n\n\n<p class=\"wp-block-paragraph\">\u00abFuerza Argentina\u00bb, el espacio integrado por un amplio grupo de dirigentes de los sectores sindical y pol\u00edtico, realiz\u00f3 un Plenario en la sede del Sindicato de Empleados Textiles de la Industria y Afines (SETIA), ubicada en el partido de San Mart\u00edn, con el objetivo de \u201cseguir debatiendo colectivamente el escenario pol\u00edtico, econ\u00f3mico y social actual\u201d para \u00abelaborar ideas, de forma mancomunada, que contribuyan al desarrollo de Argentina\u00bb.<\/p>\n\n\n\n<p class=\"wp-block-paragraph\">As\u00ed, uno de los expositores fue el ex-vicegobernador de la Provincia de Buenos Aires, Gabriel Mariotto, quien llam\u00f3 a no resignarse y a resistir activamente en el actual escenario de crisis: \u201cNo nos resignamos a que esta realidad no pueda cambiar ni nos sometemos a la cultura del descarte. Resistimos y lo hacemos con una agenda program\u00e1tica que queremos discutir con todos los actores de la pol\u00edtica y la sociedad\u201d. En esta l\u00ednea, invit\u00f3 a discutir \u201cel rumbo de la Argentina\u201d, ya que \u201ces la herramienta m\u00e1s poderosa para ponerle un freno a la entrega de soberan\u00eda que estamos sufriendo\u201d. El evento cont\u00f3 con la presencia de un amplio n\u00famero de dirigentes pol\u00edticos y representantes de diversos gremios.&nbsp;<\/p>\n\n\n\n<p class=\"wp-block-paragraph\">En esa misma l\u00ednea, Juan Pablo Brey, secretario de Aeronavegantes expres\u00f3 \u201ceste espacio surgi\u00f3 al principio como una resistencia, luego nos empezamos a juntar y dimos un paso m\u00e1s para empezar a pensar en la reconstrucci\u00f3n de nuestra Argentina\u201d, y a\u00f1adi\u00f3 \u201cpensamos los cinco puntos troncales que queremos, pero que son necesarios discutir, por eso, debemos unir a los j\u00f3venes para escucharlos y juntos debatir qu\u00e9 pa\u00eds queremos, la reconstrucci\u00f3n tenemos que hacerla desde abajo, porque no nos han vencido y no nos van a vencer\u201d.<\/p>\n\n\n\n<p class=\"wp-block-paragraph\">Por su parte, Miguel Gim\u00e9nez, Adjunto de APOC, dijo que \u201cla clase pol\u00edtica est\u00e1 condicionada y objetada y no somos ajenos como dirigentes. Debemos mirar el pasado sin nostalgia para encarar un futuro mejor\u201d, y manifest\u00f3 que \u201clos que compartimos la convicci\u00f3n de nuestra historia sabemos que nuestra m\u00e1xima premisa es buscar elevar la calidad de vida de aquellos que representamos. No podemos claudicar ni resignar un solo paso de nuestra lucha\u201d.<\/p>\n\n\n\n<p class=\"wp-block-paragraph\">Por \u00faltimo, Jose \u201cVasco\u201d Minaberrigay, Secretario General de SETIA, sostuvo que \u201cFuerza Argentina es un espacio de debate y discusi\u00f3n que pone a las ideas en la mesa principal de los encuentros\u201d, y remarc\u00f3 que \u201cel actual gobierno denosta de forma permanente a la poblaci\u00f3n en su conjunto. Por eso, tenemos que hablar entre nosotros porque es muy importante que los compa\u00f1eros, ante la ausencia de un l\u00edder, marquen ellos mismos el rumbo que alumbre el camino del destino de la patria que todos queremos y merecemos\u201d.<\/p>\n\n\n\n<p class=\"wp-block-paragraph\">As\u00ed, otras de las personalidades que expusieron fueron Graciela C\u00f3rdoba, Secretaria General SETIA San Mart\u00edn; Diego Perrella, Presidente del Concejo Deliberante de San Mart\u00edn; Anabel Machado (APOC); Pedro Villareal, de Uni\u00f3n de Clubes de Barrio; y autoridades del SETIA San Mart\u00edn.<\/p>\n\n\n\n<p class=\"wp-block-paragraph\">Adem\u00e1s, en evento, tambi\u00e9n estuvieron presentes: Luis Dante (Sec. Gral. de SUCPAP); Javier L\u00f3pez (Sec. Gral. de SEAMARA); Emiliano Gallo (UOM Vicente L\u00f3pez); Hern\u00e1n Gonz\u00e1lez (Sec. Gral. del Sindicato de Obreros y Empleados de la Carne del GBA); N\u00e9stor Segovia (Metrodelegados), entre otros.<\/p>\n\n\n\n<figure class=\"wp-block-gallery has-nested-images columns-default is-cropped wp-block-gallery-1 is-layout-flex wp-block-gallery-is-layout-flex\">\n<figure class=\"wp-block-image size-large\"><a href=\"https:\/\/www.elsindical.com.ar\/notas\/var\/www\/html\/notas\/wp-content\/uploads\/2024\/08\/Fuerza-Argentina-plenario-agosto-2024-2.jpg\"><img loading=\"lazy\" decoding=\"async\" width=\"850\" height=\"521\" data-id=\"132432\" src=\"https:\/\/www.elsindical.com.ar\/notas\/var\/www\/html\/notas\/wp-content\/uploads\/2024\/08\/Fuerza-Argentina-plenario-agosto-2024-2.jpg\" alt=\"\" class=\"wp-image-132432\" srcset=\"https:\/\/www.elsindical.com.ar\/notas\/var\/www\/html\/notas\/wp-content\/uploads\/2024\/08\/Fuerza-Argentina-plenario-agosto-2024-2.jpg 850w, https:\/\/www.elsindical.com.ar\/notas\/var\/www\/html\/notas\/wp-content\/uploads\/2024\/08\/Fuerza-Argentina-plenario-agosto-2024-2-300x184.jpg 300w, https:\/\/www.elsindical.com.ar\/notas\/var\/www\/html\/notas\/wp-content\/uploads\/2024\/08\/Fuerza-Argentina-plenario-agosto-2024-2-768x471.jpg 768w, https:\/\/www.elsindical.com.ar\/notas\/var\/www\/html\/notas\/wp-content\/uploads\/2024\/08\/Fuerza-Argentina-plenario-agosto-2024-2-489x300.jpg 489w\" sizes=\"auto, (max-width: 850px) 100vw, 850px\" \/><\/a><\/figure>\n\n\n\n<figure class=\"wp-block-image size-large\"><a href=\"https:\/\/www.elsindical.com.ar\/notas\/var\/www\/html\/notas\/wp-content\/uploads\/2024\/08\/Fuerza-Argentina-plenario-agosto-2024-3.jpg\"><img loading=\"lazy\" decoding=\"async\" width=\"850\" height=\"545\" data-id=\"132434\" src=\"https:\/\/www.elsindical.com.ar\/notas\/var\/www\/html\/notas\/wp-content\/uploads\/2024\/08\/Fuerza-Argentina-plenario-agosto-2024-3.jpg\" alt=\"\" class=\"wp-image-132434\" srcset=\"https:\/\/www.elsindical.com.ar\/notas\/var\/www\/html\/notas\/wp-content\/uploads\/2024\/08\/Fuerza-Argentina-plenario-agosto-2024-3.jpg 850w, https:\/\/www.elsindical.com.ar\/notas\/var\/www\/html\/notas\/wp-content\/uploads\/2024\/08\/Fuerza-Argentina-plenario-agosto-2024-3-300x192.jpg 300w, https:\/\/www.elsindical.com.ar\/notas\/var\/www\/html\/notas\/wp-content\/uploads\/2024\/08\/Fuerza-Argentina-plenario-agosto-2024-3-768x492.jpg 768w, https:\/\/www.elsindical.com.ar\/notas\/var\/www\/html\/notas\/wp-content\/uploads\/2024\/08\/Fuerza-Argentina-plenario-agosto-2024-3-468x300.jpg 468w\" sizes=\"auto, (max-width: 850px) 100vw, 850px\" \/><\/a><\/figure>\n\n\n\n<figure class=\"wp-block-image size-large\"><a href=\"https:\/\/www.elsindical.com.ar\/notas\/var\/www\/html\/notas\/wp-content\/uploads\/2024\/08\/Fuerza-Argentina-plenario-agosto-2024-4.jpg\"><img loading=\"lazy\" decoding=\"async\" width=\"850\" height=\"532\" data-id=\"132433\" src=\"https:\/\/www.elsindical.com.ar\/notas\/var\/www\/html\/notas\/wp-content\/uploads\/2024\/08\/Fuerza-Argentina-plenario-agosto-2024-4.jpg\" alt=\"\" class=\"wp-image-132433\" srcset=\"https:\/\/www.elsindical.com.ar\/notas\/var\/www\/html\/notas\/wp-content\/uploads\/2024\/08\/Fuerza-Argentina-plenario-agosto-2024-4.jpg 850w, https:\/\/www.elsindical.com.ar\/notas\/var\/www\/html\/notas\/wp-content\/uploads\/2024\/08\/Fuerza-Argentina-plenario-agosto-2024-4-300x188.jpg 300w, https:\/\/www.elsindical.com.ar\/notas\/var\/www\/html\/notas\/wp-content\/uploads\/2024\/08\/Fuerza-Argentina-plenario-agosto-2024-4-768x481.jpg 768w, https:\/\/www.elsindical.com.ar\/notas\/var\/www\/html\/notas\/wp-content\/uploads\/2024\/08\/Fuerza-Argentina-plenario-agosto-2024-4-479x300.jpg 479w\" sizes=\"auto, (max-width: 850px) 100vw, 850px\" \/><\/a><\/figure>\n<\/figure>\n","protected":false},"excerpt":{"rendered":"<p>\u00abFuerza Argentina\u00bb, el espacio integrado por un amplio grupo de dirigentes de los sectores sindical y pol\u00edtico, realiz\u00f3 un Plenario en la sede del Sindicato de Empleados Textiles de la Industria y Afines (SETIA), ubicada en el partido de San Mart\u00edn, con el objetivo de \u201cseguir debatiendo colectivamente el escenario pol\u00edtico, econ\u00f3mico y social actual\u201d&hellip;<\/p>\n","protected":false},"author":1,"featured_media":132431,"comment_status":"open","ping_status":"open","sticky":false,"template":"","format":"standard","meta":{"footnotes":""},"categories":[16,13],"tags":[27982,2450,43535,41973,761,4711,43536,23892,43534,1264],"class_list":["post-132430","post","type-post","status-publish","format-standard","has-post-thumbnail","hentry","category-gremiales","category-politica","tag-apoc","tag-diario-el-sindical","tag-famara","tag-fuerza-argentina","tag-gobierno-nacional","tag-metrodelegados","tag-planario","tag-setia","tag-sucpap","tag-uom"],"_links":{"self":[{"href":"https:\/\/www.elsindical.com.ar\/notas\/wp-json\/wp\/v2\/posts\/132430","targetHints":{"allow":["GET"]}}],"collection":[{"href":"https:\/\/www.elsindical.com.ar\/notas\/wp-json\/wp\/v2\/posts"}],"about":[{"href":"https:\/\/www.elsindical.com.ar\/notas\/wp-json\/wp\/v2\/types\/post"}],"author":[{"embeddable":true,"href":"https:\/\/www.elsindical.com.ar\/notas\/wp-json\/wp\/v2\/users\/1"}],"replies":[{"embeddable":true,"href":"https:\/\/www.elsindical.com.ar\/notas\/wp-json\/wp\/v2\/comments?post=132430"}],"version-history":[{"count":1,"href":"https:\/\/www.elsindical.com.ar\/notas\/wp-json\/wp\/v2\/posts\/132430\/revisions"}],"predecessor-version":[{"id":132435,"href":"https:\/\/www.elsindical.com.ar\/notas\/wp-json\/wp\/v2\/posts\/132430\/revisions\/132435"}],"wp:featuredmedia":[{"embeddable":true,"href":"https:\/\/www.elsindical.com.ar\/notas\/wp-json\/wp\/v2\/media\/132431"}],"wp:attachment":[{"href":"https:\/\/www.elsindical.com.ar\/notas\/wp-json\/wp\/v2\/media?parent=132430"}],"wp:term":[{"taxonomy":"category","embeddable":true,"href":"https:\/\/www.elsindical.com.ar\/notas\/wp-json\/wp\/v2\/categories?post=132430"},{"taxonomy":"post_tag","embeddable":true,"href":"https:\/\/www.elsindical.com.ar\/notas\/wp-json\/wp\/v2\/tags?post=132430"}],"curies":[{"name":"wp","href":"https:\/\/api.w.org\/{rel}","templated":true}]}}