{"id":132414,"date":"2024-08-22T01:41:45","date_gmt":"2024-08-22T04:41:45","guid":{"rendered":"https:\/\/www.elsindical.com.ar\/notas\/?p=132414"},"modified":"2024-08-22T01:43:48","modified_gmt":"2024-08-22T04:43:48","slug":"la-justicia-ordeno-devuelvan-la-obra-social-a-uatre-e-investigara-una-asociacion-ilicita-de-funcionarios-de-milei","status":"publish","type":"post","link":"https:\/\/www.elsindical.com.ar\/notas\/la-justicia-ordeno-devuelvan-la-obra-social-a-uatre-e-investigara-una-asociacion-ilicita-de-funcionarios-de-milei\/","title":{"rendered":"La Justicia orden\u00f3 devuelvan la Obra Social a UATRE e investigar\u00e1 una asociaci\u00f3n il\u00edcita de funcionarios de Milei"},"content":{"rendered":"\n<figure class=\"wp-block-image size-full\"><a href=\"https:\/\/www.elsindical.com.ar\/notas\/var\/www\/html\/notas\/wp-content\/uploads\/2024\/08\/Milei-gesto-discurso.jpg\"><img loading=\"lazy\" decoding=\"async\" width=\"850\" height=\"483\" src=\"https:\/\/www.elsindical.com.ar\/notas\/var\/www\/html\/notas\/wp-content\/uploads\/2024\/08\/Milei-gesto-discurso.jpg\" alt=\"\" class=\"wp-image-132415\" srcset=\"https:\/\/www.elsindical.com.ar\/notas\/var\/www\/html\/notas\/wp-content\/uploads\/2024\/08\/Milei-gesto-discurso.jpg 850w, https:\/\/www.elsindical.com.ar\/notas\/var\/www\/html\/notas\/wp-content\/uploads\/2024\/08\/Milei-gesto-discurso-300x170.jpg 300w, https:\/\/www.elsindical.com.ar\/notas\/var\/www\/html\/notas\/wp-content\/uploads\/2024\/08\/Milei-gesto-discurso-768x436.jpg 768w, https:\/\/www.elsindical.com.ar\/notas\/var\/www\/html\/notas\/wp-content\/uploads\/2024\/08\/Milei-gesto-discurso-500x284.jpg 500w, https:\/\/www.elsindical.com.ar\/notas\/var\/www\/html\/notas\/wp-content\/uploads\/2024\/08\/Milei-gesto-discurso-220x126.jpg 220w, https:\/\/www.elsindical.com.ar\/notas\/var\/www\/html\/notas\/wp-content\/uploads\/2024\/08\/Milei-gesto-discurso-460x260.jpg 460w\" sizes=\"auto, (max-width: 850px) 100vw, 850px\" \/><\/a><\/figure>\n\n\n\n<p>La Justicia Federal dej\u00f3 sin efecto el Decreto de Javier Milei y le orden\u00f3 a la Superintendencia de Servicios de Salud que le devuelva a la UATRE el control de la Obra Social de los Peones Rurales. Detect\u00f3 irregularidades en los pasos para resolver su intervenci\u00f3n e investigar\u00e1 a funcionarios libertarios y al diputado nacional Pablo Ansaloni por el delito de Asociaci\u00f3n Il\u00edcita y Tr\u00e1fico de Influencias.<\/p>\n\n\n\n<figure class=\"wp-block-image size-full\"><a href=\"https:\/\/www.elsindical.com.ar\/notas\/var\/www\/html\/notas\/wp-content\/uploads\/2024\/08\/Pablo-Ansaloni.jpg\"><img loading=\"lazy\" decoding=\"async\" width=\"1024\" height=\"580\" src=\"https:\/\/www.elsindical.com.ar\/notas\/var\/www\/html\/notas\/wp-content\/uploads\/2024\/08\/Pablo-Ansaloni.jpg\" alt=\"\" class=\"wp-image-132418\" srcset=\"https:\/\/www.elsindical.com.ar\/notas\/var\/www\/html\/notas\/wp-content\/uploads\/2024\/08\/Pablo-Ansaloni.jpg 1024w, https:\/\/www.elsindical.com.ar\/notas\/var\/www\/html\/notas\/wp-content\/uploads\/2024\/08\/Pablo-Ansaloni-300x170.jpg 300w, https:\/\/www.elsindical.com.ar\/notas\/var\/www\/html\/notas\/wp-content\/uploads\/2024\/08\/Pablo-Ansaloni-768x435.jpg 768w, https:\/\/www.elsindical.com.ar\/notas\/var\/www\/html\/notas\/wp-content\/uploads\/2024\/08\/Pablo-Ansaloni-500x283.jpg 500w, https:\/\/www.elsindical.com.ar\/notas\/var\/www\/html\/notas\/wp-content\/uploads\/2024\/08\/Pablo-Ansaloni-220x126.jpg 220w, https:\/\/www.elsindical.com.ar\/notas\/var\/www\/html\/notas\/wp-content\/uploads\/2024\/08\/Pablo-Ansaloni-460x260.jpg 460w\" sizes=\"auto, (max-width: 1024px) 100vw, 1024px\" \/><\/a><\/figure>\n\n\n\n<p><strong>La Justicia Penal acaba de revertir una de las decisiones m\u00e1s controversiales de la Superintendencia de Servicios de Salud<\/strong>. Con un fallo especialmente duro con la gesti\u00f3n del Superintendente Gabriel Gonzalo Oriolo, dej\u00f3 sin efecto el Decreto de Javier Milei y determin\u00f3 que<strong> deber\u00e1n devolver el control de la Obra Social de los Trabajadores Rurales y Estibadores (OSPRERA) a la Uni\u00f3n Argentina de Trabajadores Rurales y Estibadores (UATRE).<\/strong><\/p>\n\n\n<div class=\"wp-block-image\">\n<figure class=\"aligncenter size-full\"><a href=\"https:\/\/www.elsindical.com.ar\/notas\/var\/www\/html\/notas\/wp-content\/uploads\/2024\/08\/Gabriel-Gonzalo-Oriolo.png\"><img loading=\"lazy\" decoding=\"async\" width=\"780\" height=\"520\" src=\"https:\/\/www.elsindical.com.ar\/notas\/var\/www\/html\/notas\/wp-content\/uploads\/2024\/08\/Gabriel-Gonzalo-Oriolo.png\" alt=\"\" class=\"wp-image-132416\" srcset=\"https:\/\/www.elsindical.com.ar\/notas\/var\/www\/html\/notas\/wp-content\/uploads\/2024\/08\/Gabriel-Gonzalo-Oriolo.png 780w, https:\/\/www.elsindical.com.ar\/notas\/var\/www\/html\/notas\/wp-content\/uploads\/2024\/08\/Gabriel-Gonzalo-Oriolo-300x200.png 300w, https:\/\/www.elsindical.com.ar\/notas\/var\/www\/html\/notas\/wp-content\/uploads\/2024\/08\/Gabriel-Gonzalo-Oriolo-768x512.png 768w, https:\/\/www.elsindical.com.ar\/notas\/var\/www\/html\/notas\/wp-content\/uploads\/2024\/08\/Gabriel-Gonzalo-Oriolo-450x300.png 450w\" sizes=\"auto, (max-width: 780px) 100vw, 780px\" \/><\/a><\/figure>\n<\/div>\n\n\n<p>El magistrado, adem\u00e1s, le pide a Oriolo que presente los informes en los que se basa para haber tomado la decisi\u00f3n de designar un normalizador y, mientras tanto, se orden\u00f3 \u00abla suspensi\u00f3n preventiva de los efectos la resoluci\u00f3n fecha 05\/08\/2024 RESOL-2024-1612-APN-SSS#MS\u00bb, con la que se intervino la instituci\u00f3n \u00abhaciendo saber a la Superintendencia de Servicios de Salud y a toda entidad institucional y bancaria que corresponda, que se abstenga de ejecutarla\u00bb.<\/p>\n\n\n\n<p>El fallo llega luego de la presentaci\u00f3n judicial del l\u00edder de la UATRE, Jos\u00e9 Voytenco, patrocinado por el Gerente de Asuntos Jur\u00eddicos de la Osprera Lucas Eksiyan, con el asesoramiento del abogado Luciano Podest\u00e1. All\u00ed detallan una serie de irregularidades en todo el proceso administrativo. Entre ellas, explican, que<strong> la Superintendencia present\u00f3 una serie de requerimientos<\/strong> que deb\u00edan ser contestados antes del 22 de agosto, pero que el 5 del mismo mes,<strong> s\u00f3lo un d\u00eda h\u00e1bil luego de solicitarlos, resolvi\u00f3 la intervenci\u00f3n.<\/strong><\/p>\n\n\n\n<p>Para el Juez, el estado contable \u00abcr\u00edtico\u00bb que describe la Superintendencia como argumento para la intervenci\u00f3n no se condice con el \u00aban\u00e1lisis preliminar del ejercicio contable cerrado al 31\/12\/2023\u00bb en el que <strong>\u00abSe advierte resultado positivo del ejercicio contable y con respecto a las deudas se advierte que las mismas han disminuido\u00bb.<\/strong><\/p>\n\n\n\n<p>Seg\u00fan el an\u00e1lisis del juzgado, tampoco coincide con la realidad el repaso de la situaci\u00f3n prestacional que se detalla en la Resoluci\u00f3n ni su nivel de litigiosidad. En ambos casos se presentan cifras muy por encima de los que pueden constatar efectivamente.<\/p>\n\n\n\n<p>Adem\u00e1s, <strong>se tom\u00f3 la denuncia contra el propio Oriolo, as\u00ed como contra los titulares de las diversas \u00e1reas t\u00e9cnicas que hayan suscripto la Resoluci\u00f3n, por el presunto delito de incumplimiento de deberes de funcionario p\u00fablico.<\/strong><\/p>\n\n\n\n<p>Tambi\u00e9n se investigar\u00e1 la denuncia por <strong>asociaci\u00f3n il\u00edcita y tr\u00e1fico de influencias, contra el propio Oriolo,<\/strong> los funcionarios t\u00e9cnicos de la Superintendencia y<strong> contra el Diputado Nacional Pablo Ansaloni, <\/strong>\u00abpor asociaci\u00f3n il\u00edcita y tr\u00e1fico de influencias, con el fin de desplazar il\u00edcitamente a las leg\u00edtimas autoridades de la OSPRERA y hacerse el control de la Obra Social\u00bb.<\/p>\n\n\n\n<figure class=\"wp-block-image size-full\"><a href=\"https:\/\/www.elsindical.com.ar\/notas\/var\/www\/html\/notas\/wp-content\/uploads\/2024\/08\/frente-edificio-UATRE.webp\"><img loading=\"lazy\" decoding=\"async\" width=\"850\" height=\"511\" src=\"https:\/\/www.elsindical.com.ar\/notas\/var\/www\/html\/notas\/wp-content\/uploads\/2024\/08\/frente-edificio-UATRE.webp\" alt=\"\" class=\"wp-image-132417\" srcset=\"https:\/\/www.elsindical.com.ar\/notas\/var\/www\/html\/notas\/wp-content\/uploads\/2024\/08\/frente-edificio-UATRE.webp 850w, https:\/\/www.elsindical.com.ar\/notas\/var\/www\/html\/notas\/wp-content\/uploads\/2024\/08\/frente-edificio-UATRE-300x180.webp 300w, https:\/\/www.elsindical.com.ar\/notas\/var\/www\/html\/notas\/wp-content\/uploads\/2024\/08\/frente-edificio-UATRE-768x462.webp 768w, https:\/\/www.elsindical.com.ar\/notas\/var\/www\/html\/notas\/wp-content\/uploads\/2024\/08\/frente-edificio-UATRE-500x300.webp 500w\" sizes=\"auto, (max-width: 850px) 100vw, 850px\" \/><\/a><\/figure>\n\n\n\n<p>Vale recordar que el propio Ansaloni, hoy diputado de La Libertad Avanza, tuvo un paso por OSPRERA en el pasado cercano y que su gesti\u00f3n termin\u00f3 con una denuncia que todav\u00eda se tramita en la justicia por una presunta defraudaci\u00f3n multimillonaria de la instituci\u00f3n de salud.<\/p>\n\n\n\n<p><strong><a href=\"https:\/\/www.elsindical.com.ar\/notas\/var\/www\/html\/notas\/wp-content\/uploads\/2024\/08\/doc1491742992.pdf\">FALLO JUDICIAL<\/a><\/strong><\/p>\n\n\n\n<p><\/p>\n\n\n\n<p><\/p>\n","protected":false},"excerpt":{"rendered":"<p>La Justicia Federal dej\u00f3 sin efecto el Decreto de Javier Milei y le orden\u00f3 a la Superintendencia de Servicios de Salud que le devuelva a la UATRE el control de la Obra Social de los Peones Rurales. Detect\u00f3 irregularidades en los pasos para resolver su intervenci\u00f3n e investigar\u00e1 a funcionarios libertarios y al diputado nacional&hellip;<\/p>\n","protected":false},"author":1,"featured_media":132415,"comment_status":"open","ping_status":"open","sticky":false,"template":"","format":"standard","meta":{"footnotes":""},"categories":[16,20],"tags":[1523,2450,197,43528,158,28812,379,43527,34850,5642],"class_list":["post-132414","post","type-post","status-publish","format-standard","has-post-thumbnail","hentry","category-gremiales","category-judiciales","tag-decreto","tag-diario-el-sindical","tag-fallo","tag-gabriel-gonzalo-oriolo","tag-intervencion","tag-javier-milei","tag-justicia-federal","tag-ospera","tag-pablo-ansaloni","tag-uatre"],"_links":{"self":[{"href":"https:\/\/www.elsindical.com.ar\/notas\/wp-json\/wp\/v2\/posts\/132414","targetHints":{"allow":["GET"]}}],"collection":[{"href":"https:\/\/www.elsindical.com.ar\/notas\/wp-json\/wp\/v2\/posts"}],"about":[{"href":"https:\/\/www.elsindical.com.ar\/notas\/wp-json\/wp\/v2\/types\/post"}],"author":[{"embeddable":true,"href":"https:\/\/www.elsindical.com.ar\/notas\/wp-json\/wp\/v2\/users\/1"}],"replies":[{"embeddable":true,"href":"https:\/\/www.elsindical.com.ar\/notas\/wp-json\/wp\/v2\/comments?post=132414"}],"version-history":[{"count":2,"href":"https:\/\/www.elsindical.com.ar\/notas\/wp-json\/wp\/v2\/posts\/132414\/revisions"}],"predecessor-version":[{"id":132421,"href":"https:\/\/www.elsindical.com.ar\/notas\/wp-json\/wp\/v2\/posts\/132414\/revisions\/132421"}],"wp:featuredmedia":[{"embeddable":true,"href":"https:\/\/www.elsindical.com.ar\/notas\/wp-json\/wp\/v2\/media\/132415"}],"wp:attachment":[{"href":"https:\/\/www.elsindical.com.ar\/notas\/wp-json\/wp\/v2\/media?parent=132414"}],"wp:term":[{"taxonomy":"category","embeddable":true,"href":"https:\/\/www.elsindical.com.ar\/notas\/wp-json\/wp\/v2\/categories?post=132414"},{"taxonomy":"post_tag","embeddable":true,"href":"https:\/\/www.elsindical.com.ar\/notas\/wp-json\/wp\/v2\/tags?post=132414"}],"curies":[{"name":"wp","href":"https:\/\/api.w.org\/{rel}","templated":true}]}}