{"id":132371,"date":"2024-08-20T01:17:35","date_gmt":"2024-08-20T04:17:35","guid":{"rendered":"https:\/\/www.elsindical.com.ar\/notas\/?p=132371"},"modified":"2024-08-20T01:17:42","modified_gmt":"2024-08-20T04:17:42","slug":"el-gobierno-libero-el-precio-de-las-garrafas","status":"publish","type":"post","link":"https:\/\/www.elsindical.com.ar\/notas\/el-gobierno-libero-el-precio-de-las-garrafas\/","title":{"rendered":"El Gobierno liber\u00f3 el precio de las garrafas"},"content":{"rendered":"\n<figure class=\"wp-block-image size-full\"><a href=\"https:\/\/www.elsindical.com.ar\/notas\/var\/www\/html\/notas\/wp-content\/uploads\/2019\/01\/garrafa-social.jpg\"><img loading=\"lazy\" decoding=\"async\" width=\"1000\" height=\"622\" src=\"https:\/\/www.elsindical.com.ar\/notas\/var\/www\/html\/notas\/wp-content\/uploads\/2019\/01\/garrafa-social.jpg\" alt=\"\" class=\"wp-image-84552\" srcset=\"https:\/\/www.elsindical.com.ar\/notas\/var\/www\/html\/notas\/wp-content\/uploads\/2019\/01\/garrafa-social.jpg 1000w, https:\/\/www.elsindical.com.ar\/notas\/var\/www\/html\/notas\/wp-content\/uploads\/2019\/01\/garrafa-social-300x187.jpg 300w, https:\/\/www.elsindical.com.ar\/notas\/var\/www\/html\/notas\/wp-content\/uploads\/2019\/01\/garrafa-social-768x478.jpg 768w, https:\/\/www.elsindical.com.ar\/notas\/var\/www\/html\/notas\/wp-content\/uploads\/2019\/01\/garrafa-social-482x300.jpg 482w\" sizes=\"auto, (max-width: 1000px) 100vw, 1000px\" \/><\/a><\/figure>\n\n\n\n<p class=\"wp-block-paragraph\">La medida se tom\u00f3 \u201ca fin de liberar de regulaciones de precios al sistema\u201d de gas envasado domiciliario.<\/p>\n\n\n\n<p class=\"wp-block-paragraph\">La Secretar\u00eda de Energ\u00eda <strong>desregul\u00f3 hoy el mercado del gas envasado y elimin\u00f3 los precios m\u00e1ximos de referencia de las garrafas<\/strong>, por lo que desde ahora se podr\u00e1n fijar libremente sin tener que adecuarse a un tope.<\/p>\n\n\n\n<p class=\"wp-block-paragraph\">El \u00e1rea encabezada por Eduardo Rodr\u00edguez Chirillo decidi\u00f3 desregular los precios de la industria y comercializaci\u00f3n del Gas Licuado de Petr\u00f3leo (GLP), <strong>que incluyen los valores de referencia de las garrafas<\/strong>, mediante la Resoluci\u00f3n 216\/2024 publicada este lunes en el Bolet\u00edn Oficial.<\/p>\n\n\n\n<p class=\"wp-block-paragraph\">En tanto, la normativa dispuso que \u201ca fin de liberar de regulaciones de precios al sistema, resulta necesario dejar de aplicar \u2018Precios M\u00e1ximos de Referencia\u2019 para las etapas de fraccionamiento, distribuci\u00f3n y venta al p\u00fablico de garrafas <strong>a fin de continuar estableciendo \u00fanicamente \u2018Precios de Referencia\u2019, sin un tope que obstaculice la cobertura de la real variaci\u00f3n experimentada en los costos <\/strong>observados en los segmentos de fraccionamiento, distribuci\u00f3n y comercio minorista\u201d.<\/p>\n\n\n\n<p class=\"wp-block-paragraph\">Al explicar la finalidad de la decisi\u00f3n, el texto oficial precis\u00f3 que \u201cla presente medida tiene por objetivo <strong>dejar de obstruir el ejercicio de las libertades individuales en el \u00e1mbito contractual <\/strong>conforme los principios de libertad de mercado\u201d.<\/p>\n\n\n\n<p class=\"wp-block-paragraph\">Mientras que remarc\u00f3 que \u201cla desregulaci\u00f3n del mercado de precios de GLP, producir\u00e1 <strong>una mayor eficiencia en lo econ\u00f3mico y estimular\u00e1 la inversi\u00f3n, produciendo de esta forma una mejora progresiva en cuanto a una amplia competencia <\/strong>logrando elevar al mercado de GLP local a est\u00e1ndares internacionales\u201d.<\/p>\n\n\n\n<p class=\"wp-block-paragraph\">Seg\u00fan se detall\u00f3, la medida forma parte de las disposiciones en materia de desregulaci\u00f3n fijadas en el DNU 70\/2023 en el que se estableci\u00f3 \u201ccomo objetivo de pol\u00edtica nacional el <strong>funcionamiento libre de los mercados energ\u00e9ticos <\/strong>en todos sus alcances\u201d, por lo que en relaci\u00f3n al GLP se determin\u00f3 que \u201clos criterios normativos vinculados al sector deben armonizarse con los objetivos de pol\u00edtica nacional que habr\u00e1n de regir el sector energ\u00e9tico en su integralidad\u201d.<\/p>\n\n\n\n<p class=\"wp-block-paragraph\">Asimismo, en este marco y bajo la renovada denominaci\u00f3n, Energ\u00eda tambi\u00e9n actualiz\u00f3 el <strong>precio de referencia<\/strong> <strong>de las garrafas de 10 kg en $8.500, <\/strong>la de 12 kg a un valor de $10.200 y la de 15 kg a $12.750, incluyendo impuestos.<\/p>\n\n\n\n<p class=\"wp-block-paragraph\">Por otra parte, <strong>derog\u00f3 \u201clos apartamientos m\u00e1ximos permitidos\u201d, un c\u00e1lculo que se hac\u00eda por jurisdicci\u00f3n con el fin de fijar el precio de las garrafas para los hogares<\/strong> seg\u00fan el costo log\u00edstico para las distintas zonas del pa\u00eds.<\/p>\n\n\n\n<p class=\"wp-block-paragraph\">Por \u00faltimo, la desregulaci\u00f3n de los precios de las garrafas <strong>abarca al Programa Hogar, que consiste en un subsidio otorgado por la secretar\u00eda energ\u00e9tica y ANSES que cubre el 80% del valor efectivo <\/strong>de la garrafa de 10 kg.<\/p>\n","protected":false},"excerpt":{"rendered":"<p>La medida se tom\u00f3 \u201ca fin de liberar de regulaciones de precios al sistema\u201d de gas envasado domiciliario. La Secretar\u00eda de Energ\u00eda desregul\u00f3 hoy el mercado del gas envasado y elimin\u00f3 los precios m\u00e1ximos de referencia de las garrafas, por lo que desde ahora se podr\u00e1n fijar libremente sin tener que adecuarse a un tope.&hellip;<\/p>\n","protected":false},"author":1,"featured_media":84552,"comment_status":"open","ping_status":"open","sticky":false,"template":"","format":"standard","meta":{"footnotes":""},"categories":[9],"tags":[43510,2450,22023,24039,25666,761],"class_list":["post-132371","post","type-post","status-publish","format-standard","has-post-thumbnail","hentry","category-economia","tag-desregulacion-gas-envasado","tag-diario-el-sindical","tag-economia","tag-garrafas","tag-glp","tag-gobierno-nacional"],"_links":{"self":[{"href":"https:\/\/www.elsindical.com.ar\/notas\/wp-json\/wp\/v2\/posts\/132371","targetHints":{"allow":["GET"]}}],"collection":[{"href":"https:\/\/www.elsindical.com.ar\/notas\/wp-json\/wp\/v2\/posts"}],"about":[{"href":"https:\/\/www.elsindical.com.ar\/notas\/wp-json\/wp\/v2\/types\/post"}],"author":[{"embeddable":true,"href":"https:\/\/www.elsindical.com.ar\/notas\/wp-json\/wp\/v2\/users\/1"}],"replies":[{"embeddable":true,"href":"https:\/\/www.elsindical.com.ar\/notas\/wp-json\/wp\/v2\/comments?post=132371"}],"version-history":[{"count":1,"href":"https:\/\/www.elsindical.com.ar\/notas\/wp-json\/wp\/v2\/posts\/132371\/revisions"}],"predecessor-version":[{"id":132372,"href":"https:\/\/www.elsindical.com.ar\/notas\/wp-json\/wp\/v2\/posts\/132371\/revisions\/132372"}],"wp:featuredmedia":[{"embeddable":true,"href":"https:\/\/www.elsindical.com.ar\/notas\/wp-json\/wp\/v2\/media\/84552"}],"wp:attachment":[{"href":"https:\/\/www.elsindical.com.ar\/notas\/wp-json\/wp\/v2\/media?parent=132371"}],"wp:term":[{"taxonomy":"category","embeddable":true,"href":"https:\/\/www.elsindical.com.ar\/notas\/wp-json\/wp\/v2\/categories?post=132371"},{"taxonomy":"post_tag","embeddable":true,"href":"https:\/\/www.elsindical.com.ar\/notas\/wp-json\/wp\/v2\/tags?post=132371"}],"curies":[{"name":"wp","href":"https:\/\/api.w.org\/{rel}","templated":true}]}}