{"id":132367,"date":"2024-08-20T01:10:45","date_gmt":"2024-08-20T04:10:45","guid":{"rendered":"https:\/\/www.elsindical.com.ar\/notas\/?p=132367"},"modified":"2024-08-20T01:10:51","modified_gmt":"2024-08-20T04:10:51","slug":"villa-centenario-detuvieron-al-principal-acusado-por-el-crimen-del-trader-de-almirante-brown","status":"publish","type":"post","link":"https:\/\/www.elsindical.com.ar\/notas\/villa-centenario-detuvieron-al-principal-acusado-por-el-crimen-del-trader-de-almirante-brown\/","title":{"rendered":"Villa Centenario: Detuvieron al principal acusado por el crimen del trader de Almirante Brown"},"content":{"rendered":"<div class=\"wp-block-image\">\n<figure class=\"aligncenter size-large\"><a href=\"https:\/\/www.elsindical.com.ar\/notas\/var\/www\/html\/notas\/wp-content\/uploads\/2024\/08\/Franco-Saulle.jpg\"><img loading=\"lazy\" decoding=\"async\" width=\"1024\" height=\"576\" src=\"https:\/\/www.elsindical.com.ar\/notas\/var\/www\/html\/notas\/wp-content\/uploads\/2024\/08\/Franco-Saulle-1024x576.jpg\" alt=\"\" class=\"wp-image-132368\" srcset=\"https:\/\/www.elsindical.com.ar\/notas\/var\/www\/html\/notas\/wp-content\/uploads\/2024\/08\/Franco-Saulle-1024x576.jpg 1024w, https:\/\/www.elsindical.com.ar\/notas\/var\/www\/html\/notas\/wp-content\/uploads\/2024\/08\/Franco-Saulle-300x169.jpg 300w, https:\/\/www.elsindical.com.ar\/notas\/var\/www\/html\/notas\/wp-content\/uploads\/2024\/08\/Franco-Saulle-768x432.jpg 768w, https:\/\/www.elsindical.com.ar\/notas\/var\/www\/html\/notas\/wp-content\/uploads\/2024\/08\/Franco-Saulle-500x281.jpg 500w, https:\/\/www.elsindical.com.ar\/notas\/var\/www\/html\/notas\/wp-content\/uploads\/2024\/08\/Franco-Saulle-460x260.jpg 460w, https:\/\/www.elsindical.com.ar\/notas\/var\/www\/html\/notas\/wp-content\/uploads\/2024\/08\/Franco-Saulle.jpg 1200w\" sizes=\"auto, (max-width: 1024px) 100vw, 1024px\" \/><\/a><\/figure>\n<\/div>\n\n\n<p>Franco Saulle ten\u00eda 19 a\u00f1os y estaba ligado al mundo de las criptomonedas. El sospechoso fue capturado en Lomas de Zamora, luego de una intensa investigaci\u00f3n policial.<\/p>\n\n\n\n<p>El Departamento de Investigaci\u00f3n de Lomas de Zamora <strong>detuvo hoy a Dylan Ezequiel G\u00f3mez, el principal acusado por el crimen de Franco Saulle<\/strong>, el trader de 19 a\u00f1os asesinado en el barrio de Corimayo, Burzaco, partido de Almirante Brown.<\/p>\n\n\n\n<p>Efectivos de la Polic\u00eda Bonaerense atraparon al sospechoso en la intersecci\u00f3n de <strong>Avenida Larroque y 12 de Octubre, en la zona de Villa Centenario,<\/strong> partido de Lomas de Zamora, al tiempo que sus otros c\u00f3mplices permanecen pr\u00f3fugos.<\/p>\n\n\n\n<p>Sobre G\u00f3mez pesaba una orden de captura desde el 12 de agosto por el delito de \u201chomicidio\u201d y los investigadores afirmaron que todav\u00eda <strong>tratan de establecer el m\u00f3vil del hecho ocurrido el 8 de agosto pasado en Almirante Brown.<\/strong><\/p>\n\n\n\n<p>El Ministerio P\u00fablico Fiscal hab\u00eda ordenado un allanamiento en la calle San Juan 1881 y Arias de la localidad de Glew donde las autoridades rastrearon el Peugeot 208 azul que el detenido utiliz\u00f3 para el asesinato a trav\u00e9s de las c\u00e1maras de seguridad y llegaron a la vivienda de <strong>Claudia Bercesie, su cu\u00f1ada de 33 a\u00f1os acusada por encubrimiento, quien lo delat\u00f3 con nombre y apellido.<\/strong><\/p>\n\n\n\n<p>\u201cVino el Dylan y dej\u00f3 un auto\u201d, le dijo la mujer a la Polic\u00eda. que, adem\u00e1s, estableci\u00f3 que <strong>el veh\u00edculo hab\u00eda sido denunciado como robado un d\u00eda antes en Ingeniero Budge.<\/strong><\/p>\n\n\n\n<p>Peritos de la Polic\u00eda Cient\u00edfica realizaron an\u00e1lisis sobre el auto y<strong> levantaron huellas de G\u00f3mez sobre el pasamanos de la puerta del conductor .<\/strong><\/p>\n\n\n\n<p>El 8 de agosto Franco Saulle, el joven de 19 a\u00f1os hab\u00eda llegado a la casa de sus padres en <strong>la calle Podest\u00e1 del barrio de Corimayo cuando fue abordado por tres sujetos.<\/strong><\/p>\n\n\n\n<p>Uno de ellos se baj\u00f3 de un veh\u00edculo y <strong>le dio un balazo a la altura del ojo derecho<\/strong>, que lo dej\u00f3 gravemente herido, y falleci\u00f3 horas m\u00e1s tarde, cuando ya hab\u00eda sido ingresado en la cl\u00ednica Espora de Adrogu\u00e9.<\/p>\n\n\n\n<p>El joven se presentaba en las redes sociales como \u201ctrader con experiencia\u201d, y se dedicaba principalmente <strong>a transacciones con criptomonedas.<\/strong><\/p>\n\n\n\n<p>Por el hecho se inici\u00f3 una causa en la que interviene la Unidad Funcional de Instrucci\u00f3n (UFI) 2 de Almirante Brown, del Departamento Judicial de Lomas de Zamora.<\/p>\n\n\n\n<figure class=\"wp-block-image size-large\"><a href=\"https:\/\/www.elsindical.com.ar\/notas\/var\/www\/html\/notas\/wp-content\/uploads\/2024\/08\/Villa-Centenario-det-homicidio-19-agosto-24-1.jpeg\"><img loading=\"lazy\" decoding=\"async\" width=\"726\" height=\"1024\" src=\"https:\/\/www.elsindical.com.ar\/notas\/var\/www\/html\/notas\/wp-content\/uploads\/2024\/08\/Villa-Centenario-det-homicidio-19-agosto-24-1-726x1024.jpeg\" alt=\"\" class=\"wp-image-132369\" srcset=\"https:\/\/www.elsindical.com.ar\/notas\/var\/www\/html\/notas\/wp-content\/uploads\/2024\/08\/Villa-Centenario-det-homicidio-19-agosto-24-1-726x1024.jpeg 726w, https:\/\/www.elsindical.com.ar\/notas\/var\/www\/html\/notas\/wp-content\/uploads\/2024\/08\/Villa-Centenario-det-homicidio-19-agosto-24-1-213x300.jpeg 213w, https:\/\/www.elsindical.com.ar\/notas\/var\/www\/html\/notas\/wp-content\/uploads\/2024\/08\/Villa-Centenario-det-homicidio-19-agosto-24-1-768x1084.jpeg 768w, https:\/\/www.elsindical.com.ar\/notas\/var\/www\/html\/notas\/wp-content\/uploads\/2024\/08\/Villa-Centenario-det-homicidio-19-agosto-24-1.jpeg 907w\" sizes=\"auto, (max-width: 726px) 100vw, 726px\" \/><\/a><\/figure>\n\n\n\n<figure class=\"wp-block-embed is-type-video is-provider-youtube wp-block-embed-youtube wp-embed-aspect-16-9 wp-has-aspect-ratio\"><div class=\"wp-block-embed__wrapper\">\n<iframe loading=\"lazy\" title=\"Villa Centenario detenido por homicidio\" width=\"700\" height=\"394\" src=\"https:\/\/www.youtube.com\/embed\/mYcTsaPJayk?feature=oembed\" frameborder=\"0\" allow=\"accelerometer; autoplay; clipboard-write; encrypted-media; gyroscope; picture-in-picture; web-share\" referrerpolicy=\"strict-origin-when-cross-origin\" allowfullscreen><\/iframe>\n<\/div><\/figure>\n\n\n\n<p><strong>Fuente: Foto y video <a href=\"https:\/\/losbonaerenses.com.ar\/\">Los Bonaerenses<\/a><\/strong><\/p>\n\n\n\n<p><\/p>\n","protected":false},"excerpt":{"rendered":"<p>Franco Saulle ten\u00eda 19 a\u00f1os y estaba ligado al mundo de las criptomonedas. El sospechoso fue capturado en Lomas de Zamora, luego de una intensa investigaci\u00f3n policial. El Departamento de Investigaci\u00f3n de Lomas de Zamora detuvo hoy a Dylan Ezequiel G\u00f3mez, el principal acusado por el crimen de Franco Saulle, el trader de 19 a\u00f1os&hellip;<\/p>\n","protected":false},"author":1,"featured_media":132368,"comment_status":"open","ping_status":"open","sticky":false,"template":"","format":"standard","meta":{"footnotes":""},"categories":[22],"tags":[2670,2450,43508,43509,42799,42198],"class_list":["post-132367","post","type-post","status-publish","format-standard","has-post-thumbnail","hentry","category-policiales","tag-almirante-brown","tag-diario-el-sindical","tag-dylan-ezequiel-gomez","tag-franco-saulle","tag-jefe-de-policia-comisario-general-javier-carlos-villar","tag-los-bonaerenses"],"_links":{"self":[{"href":"https:\/\/www.elsindical.com.ar\/notas\/wp-json\/wp\/v2\/posts\/132367","targetHints":{"allow":["GET"]}}],"collection":[{"href":"https:\/\/www.elsindical.com.ar\/notas\/wp-json\/wp\/v2\/posts"}],"about":[{"href":"https:\/\/www.elsindical.com.ar\/notas\/wp-json\/wp\/v2\/types\/post"}],"author":[{"embeddable":true,"href":"https:\/\/www.elsindical.com.ar\/notas\/wp-json\/wp\/v2\/users\/1"}],"replies":[{"embeddable":true,"href":"https:\/\/www.elsindical.com.ar\/notas\/wp-json\/wp\/v2\/comments?post=132367"}],"version-history":[{"count":1,"href":"https:\/\/www.elsindical.com.ar\/notas\/wp-json\/wp\/v2\/posts\/132367\/revisions"}],"predecessor-version":[{"id":132370,"href":"https:\/\/www.elsindical.com.ar\/notas\/wp-json\/wp\/v2\/posts\/132367\/revisions\/132370"}],"wp:featuredmedia":[{"embeddable":true,"href":"https:\/\/www.elsindical.com.ar\/notas\/wp-json\/wp\/v2\/media\/132368"}],"wp:attachment":[{"href":"https:\/\/www.elsindical.com.ar\/notas\/wp-json\/wp\/v2\/media?parent=132367"}],"wp:term":[{"taxonomy":"category","embeddable":true,"href":"https:\/\/www.elsindical.com.ar\/notas\/wp-json\/wp\/v2\/categories?post=132367"},{"taxonomy":"post_tag","embeddable":true,"href":"https:\/\/www.elsindical.com.ar\/notas\/wp-json\/wp\/v2\/tags?post=132367"}],"curies":[{"name":"wp","href":"https:\/\/api.w.org\/{rel}","templated":true}]}}