{"id":13235,"date":"2011-03-29T01:11:48","date_gmt":"2011-03-29T04:11:48","guid":{"rendered":"http:\/\/www.elsindical.com.ar\/notas\/?p=13235"},"modified":"2011-03-29T01:11:48","modified_gmt":"2011-03-29T04:11:48","slug":"sin-acuerdos-nuevo-paro-de-48-horas-de-medicos-bonaerenses","status":"publish","type":"post","link":"https:\/\/www.elsindical.com.ar\/notas\/sin-acuerdos-nuevo-paro-de-48-horas-de-medicos-bonaerenses\/","title":{"rendered":"Sin acuerdos nuevo paro de 48 horas de m\u00e9dicos bonaerenses"},"content":{"rendered":"<p style=\"text-align: justify;\"><em><a href=\"http:\/\/www.elsindical.com.ar\/notas\/var\/www\/html\/notas\/wp-content\/uploads\/2009\/11\/Cicop-marcha.jpg\"><img loading=\"lazy\" decoding=\"async\" class=\"alignleft size-full wp-image-1467\" title=\"Cicop-marcha\" src=\"http:\/\/www.elsindical.com.ar\/notas\/var\/www\/html\/notas\/wp-content\/uploads\/2009\/11\/Cicop-marcha.jpg\" alt=\"\" width=\"269\" height=\"200\" \/><\/a>El paro ser\u00e1 de 48 horas en reclamo de un aumento salarial del 40 %<\/em><\/p>\n<p style=\"text-align: justify;\">En un conflicto que ya lleva varias semanas los trabajadores de salud nucleados en CICOP, volver\u00e1n a parar este pr\u00f3ximo martes y mi\u00e9rcoles en busca de una soluci\u00f3n a la discusi\u00f3n salarial que vienen arrastrando desde este sector con el gobierno bonaerense.<\/p>\n<p style=\"text-align: justify;\">Al respecto Hugo Amor titular de CICOP, dijo \u00abante los reclamos de los profesionales, la \u00fanica respuesta del gobernador Daniel Scioli, son las listas negras\u00bb.<\/p>\n<p style=\"text-align: justify;\">Por su parte el Viceministro del Ministerio de Salud Sergio Alejandre aseguro que volver\u00e1n a descontarse los d\u00edas de paros por entenderlos innecesarios, y aseguro que \u00abvuelven a tomar de reh\u00e9n a la poblaci\u00f3n mas vulnerable\u00bb.<\/p>\n<p style=\"text-align: justify;\">El funcionario destac\u00f3 que, durante la gesti\u00f3n del gobernador\u00a0 Daniel Scioli, \u201cla recomposici\u00f3n salarial super\u00f3 el 106%, lo que\u00a0 representa una recuperaci\u00f3n real del salario\u201d.<\/p>\n<p style=\"text-align: justify;\">La medida de fuerza del sector ser\u00eda la quinta en lo que va del a\u00f1o. En tanto la CICOP garantiz\u00f3 la prestaci\u00f3n de guardias de emergencia y la atenci\u00f3n de los enfermos internados.<\/p>\n","protected":false},"excerpt":{"rendered":"<p>El paro ser\u00e1 de 48 horas en reclamo de un aumento salarial del 40 % En un conflicto que ya lleva varias semanas los trabajadores de salud nucleados en CICOP, volver\u00e1n a parar este pr\u00f3ximo martes y mi\u00e9rcoles en busca de una soluci\u00f3n a la discusi\u00f3n salarial que vienen arrastrando desde este sector con el&hellip;<\/p>\n","protected":false},"author":1,"featured_media":0,"comment_status":"open","ping_status":"open","sticky":false,"template":"","format":"standard","meta":{"footnotes":""},"categories":[16],"tags":[6339,357,291,441,512,1494,803,125],"class_list":["post-13235","post","type-post","status-publish","format-standard","hentry","category-gremiales","tag-atencion-medica","tag-aumento","tag-cicop","tag-hospitales","tag-reclamo","tag-salario","tag-salarios","tag-trabajadores"],"_links":{"self":[{"href":"https:\/\/www.elsindical.com.ar\/notas\/wp-json\/wp\/v2\/posts\/13235","targetHints":{"allow":["GET"]}}],"collection":[{"href":"https:\/\/www.elsindical.com.ar\/notas\/wp-json\/wp\/v2\/posts"}],"about":[{"href":"https:\/\/www.elsindical.com.ar\/notas\/wp-json\/wp\/v2\/types\/post"}],"author":[{"embeddable":true,"href":"https:\/\/www.elsindical.com.ar\/notas\/wp-json\/wp\/v2\/users\/1"}],"replies":[{"embeddable":true,"href":"https:\/\/www.elsindical.com.ar\/notas\/wp-json\/wp\/v2\/comments?post=13235"}],"version-history":[{"count":1,"href":"https:\/\/www.elsindical.com.ar\/notas\/wp-json\/wp\/v2\/posts\/13235\/revisions"}],"predecessor-version":[{"id":13236,"href":"https:\/\/www.elsindical.com.ar\/notas\/wp-json\/wp\/v2\/posts\/13235\/revisions\/13236"}],"wp:attachment":[{"href":"https:\/\/www.elsindical.com.ar\/notas\/wp-json\/wp\/v2\/media?parent=13235"}],"wp:term":[{"taxonomy":"category","embeddable":true,"href":"https:\/\/www.elsindical.com.ar\/notas\/wp-json\/wp\/v2\/categories?post=13235"},{"taxonomy":"post_tag","embeddable":true,"href":"https:\/\/www.elsindical.com.ar\/notas\/wp-json\/wp\/v2\/tags?post=13235"}],"curies":[{"name":"wp","href":"https:\/\/api.w.org\/{rel}","templated":true}]}}