{"id":132290,"date":"2024-08-15T10:14:11","date_gmt":"2024-08-15T13:14:11","guid":{"rendered":"https:\/\/www.elsindical.com.ar\/notas\/?p=132290"},"modified":"2024-08-15T10:14:16","modified_gmt":"2024-08-15T13:14:16","slug":"campana-echaron-al-cura-que-organizo-la-reunion-de-diputados-libertarios-con-represores-en-ezeiza","status":"publish","type":"post","link":"https:\/\/www.elsindical.com.ar\/notas\/campana-echaron-al-cura-que-organizo-la-reunion-de-diputados-libertarios-con-represores-en-ezeiza\/","title":{"rendered":"Campana: Echaron al cura que organiz\u00f3 la reuni\u00f3n de diputados libertarios con represores en Ezeiza"},"content":{"rendered":"\n<figure class=\"wp-block-image size-full\"><a href=\"https:\/\/www.elsindical.com.ar\/notas\/var\/www\/html\/notas\/wp-content\/uploads\/2024\/08\/Javier-Olivera-Ravasi.jpg\"><img loading=\"lazy\" decoding=\"async\" width=\"844\" height=\"473\" src=\"https:\/\/www.elsindical.com.ar\/notas\/var\/www\/html\/notas\/wp-content\/uploads\/2024\/08\/Javier-Olivera-Ravasi.jpg\" alt=\"\" class=\"wp-image-132291\" srcset=\"https:\/\/www.elsindical.com.ar\/notas\/var\/www\/html\/notas\/wp-content\/uploads\/2024\/08\/Javier-Olivera-Ravasi.jpg 844w, https:\/\/www.elsindical.com.ar\/notas\/var\/www\/html\/notas\/wp-content\/uploads\/2024\/08\/Javier-Olivera-Ravasi-300x168.jpg 300w, https:\/\/www.elsindical.com.ar\/notas\/var\/www\/html\/notas\/wp-content\/uploads\/2024\/08\/Javier-Olivera-Ravasi-768x430.jpg 768w, https:\/\/www.elsindical.com.ar\/notas\/var\/www\/html\/notas\/wp-content\/uploads\/2024\/08\/Javier-Olivera-Ravasi-500x280.jpg 500w\" sizes=\"auto, (max-width: 844px) 100vw, 844px\" \/><\/a><\/figure>\n\n\n\n<p>El Obispado de Z\u00e1rate-Campana inform\u00f3 que no le renov\u00f3 el permiso para desarrollar actividades pastorales en su distrito debido a \u201cnumerosas quejas fundadas por sus expresiones y actitudes que se opon\u00edan al testimonio cristiano\u201d. La decisi\u00f3n se tom\u00f3 despu\u00e9s que la Conferencia Episcopal tomara distancia de sus gestiones<\/p>\n\n\n\n<p>El sacerdote<strong> Javier Olivera Ravasi<\/strong>, que organiz\u00f3 una <strong>reuni\u00f3n de diputados libertarios con represores, entre ellos Alfredo Astiz<\/strong>, en la c\u00e1rcel de Ezeiza, fue <strong>echado de la Di\u00f3cesis de Z\u00e1rate-Campana<\/strong>, con el argumento de las \u201c<strong>numerosas quejas <\/strong>fundadas por sus expresiones y actitudes que se opon\u00edan al testimonio cristiano\u201d. La sanci\u00f3n se tom\u00f3 luego de que la propia Conferencia Episcopal emiti\u00f3 un comunicado tomando distancia de las gestiones que hizo el cura y de fuertes gestos del <strong>papa Francisco<\/strong> que recibi\u00f3 a v\u00edctimas de la \u00faltima dictadura militar.<\/p>\n\n\n\n<p>\u201cDado que en reiteradas ocasiones se recibieron en este Obispado numerosas quejas fundadas por sus expresiones y actitudes, que se opon\u00edan al testimonio cristiano -m\u00e1xime proviniendo de un sacerdote-, <strong>se le pidi\u00f3 un cambio de actitud y comportamiento<\/strong> en su proceder. Al no observarse hasta el presente el cambio requerido en su actitud, y teniendo en cuenta que el mencionado sacerdote no pertenece a esta <strong>Di\u00f3cesis de Z\u00e1rate-Campana<\/strong> as\u00ed como por el bien de la comunidad diocesana, hechas las consultas pertinentes, se le ha comunicado que en adelante <strong>no tiene autorizaci\u00f3n para residir en esta Di\u00f3cesis\u201d<\/strong>, inform\u00f3 en un comunicado difundido hoy.<\/p>\n\n\n<div class=\"wp-block-image\">\n<figure class=\"aligncenter size-full\"><a href=\"https:\/\/www.elsindical.com.ar\/notas\/var\/www\/html\/notas\/wp-content\/uploads\/2024\/08\/comunicado-Obispado-de-Zarate.jpg\"><img loading=\"lazy\" decoding=\"async\" width=\"750\" height=\"748\" src=\"https:\/\/www.elsindical.com.ar\/notas\/var\/www\/html\/notas\/wp-content\/uploads\/2024\/08\/comunicado-Obispado-de-Zarate.jpg\" alt=\"\" class=\"wp-image-132292\" srcset=\"https:\/\/www.elsindical.com.ar\/notas\/var\/www\/html\/notas\/wp-content\/uploads\/2024\/08\/comunicado-Obispado-de-Zarate.jpg 750w, https:\/\/www.elsindical.com.ar\/notas\/var\/www\/html\/notas\/wp-content\/uploads\/2024\/08\/comunicado-Obispado-de-Zarate-300x300.jpg 300w, https:\/\/www.elsindical.com.ar\/notas\/var\/www\/html\/notas\/wp-content\/uploads\/2024\/08\/comunicado-Obispado-de-Zarate-150x150.jpg 150w, https:\/\/www.elsindical.com.ar\/notas\/var\/www\/html\/notas\/wp-content\/uploads\/2024\/08\/comunicado-Obispado-de-Zarate-301x300.jpg 301w, https:\/\/www.elsindical.com.ar\/notas\/var\/www\/html\/notas\/wp-content\/uploads\/2024\/08\/comunicado-Obispado-de-Zarate-50x50.jpg 50w\" sizes=\"auto, (max-width: 750px) 100vw, 750px\" \/><\/a><\/figure>\n<\/div>\n\n\n<p>Olivera Ravasi es hijo del ex militar Jorge Antonio Olivera, tambi\u00e9n condenado por violaciones a los derechos humanos, entre ellos el secuestro y desaparici\u00f3n de la modela Marie-Anne Erize. Fue el organizador de la reuni\u00f3n de seis diputados de La Libertad Avanza con una decena de condenados por delitos de lesa humanidad, que reclaman salir de la prisi\u00f3n debido a que tienen m\u00e1s de 70 a\u00f1os, afrontar problemas graves de salud y no tener condena firme.<\/p>\n\n\n\n<p>\u201cEl sacerdote, presb\u00edtero Javier Olivera Ravasi, est\u00e1 incardinado en la Di\u00f3cesis de San Rafael, Provincia de Mendoza, y fuera de la misma desde hace varios a\u00f1os. Por razones familiares que aludi\u00f3, solicit\u00f3 residir en esta Di\u00f3cesis de Z\u00e1rate -Campana, lo que se le concedi\u00f3 por el t\u00e9rmino de cuatro meses, desde el 20 de agosto de 2019 hasta el 31 de diciembre del mismo a\u00f1o, quien posteriormente dej\u00f3 el lugar y retorn\u00f3 varias veces sin aviso alguno\u201d, record\u00f3 el obispado que es encabezado por <strong>Pedro Mar\u00eda Laxague.<\/strong><\/p>\n\n\n\n<p><strong>\u00bfQu\u00e9 significa la sanci\u00f3n?<\/strong> Olivera Ravasi estudi\u00f3 en el ultraconservador Instituto del Verbo Encarnado, en Mendoza. Es abogado, se doctor\u00f3 en filosof\u00eda e historia, fund\u00f3 la Orden de San El\u00edas a la que define como \u201cuna sociedad de vida apost\u00f3lica que tiene por fin la misi\u00f3n <em>ad gentes<\/em> y el apostolado de la contra-revoluci\u00f3n cultural\u201d y sus manifestaciones p\u00fablicas -es muy activo en redes sociales- generaron fuerte malestar en la Iglesia.<\/p>\n\n\n<div class=\"wp-block-image\">\n<figure class=\"aligncenter size-full\"><a href=\"https:\/\/www.elsindical.com.ar\/notas\/var\/www\/html\/notas\/wp-content\/uploads\/2024\/08\/Villaruel-y-Ravasi.jpeg\"><img loading=\"lazy\" decoding=\"async\" width=\"597\" height=\"1024\" src=\"https:\/\/www.elsindical.com.ar\/notas\/var\/www\/html\/notas\/wp-content\/uploads\/2024\/08\/Villaruel-y-Ravasi.jpeg\" alt=\"\" class=\"wp-image-132293\" srcset=\"https:\/\/www.elsindical.com.ar\/notas\/var\/www\/html\/notas\/wp-content\/uploads\/2024\/08\/Villaruel-y-Ravasi.jpeg 597w, https:\/\/www.elsindical.com.ar\/notas\/var\/www\/html\/notas\/wp-content\/uploads\/2024\/08\/Villaruel-y-Ravasi-175x300.jpeg 175w\" sizes=\"auto, (max-width: 597px) 100vw, 597px\" \/><\/a><\/figure>\n<\/div>\n\n\n<p>De su paso por el Verbo Encarnado, el cura est\u00e1 <em>incardinado<\/em> o forma parte de la Di\u00f3cesis de San Rafael, pero ten\u00eda permiso para actuar y residir en Z\u00e1rate-Campana. De hecho, hab\u00eda fundado una capilla en un barrio privado y desde all\u00ed daba misa y ofrec\u00eda servicios religiosos.<\/p>\n\n\n\n<p>Sin embargo, su principal actuaci\u00f3n no tiene que ver con el suministro de los sacramentos, sino que desarrolla una actividad que excede por mucho la que se realiza dentro de los templos. Olivera Ravasi est\u00e1 embarcado en lo que \u00e9l denomina la \u201ccontra revoluci\u00f3n cultural\u201d, que va desde el rechazo a las doctrinas de g\u00e9nero, a la ley del aborto y la cr\u00edtica a la cosmovisi\u00f3n progresista, incluso dentro de la propia Iglesia Cat\u00f3lica.<\/p>\n\n\n\n<p>Participa en redes sociales, tiene el sitio y el canal de Youtube Que No te la Cuenten, desde donde expone sus ideas de fuerte ra\u00edz tradicionalista y conservadora. En el Episcopado de la Argentina sus posiciones -algunas que confrontan con las del papa Francisco- eran observadas con atenci\u00f3n antes de que ocurriera la reuni\u00f3n en la c\u00e1rcel federal de Ezeiza con los detenidos por delitos de lesa humanidad.<\/p>\n\n\n\n<p>Tanto que el vocero de los obispos, <strong>M\u00e1ximo Jurcinovic<\/strong>, advirti\u00f3 en una declaraci\u00f3n oficial en medio de la Asamblea que llevaba adelante la c\u00fapula eclesi\u00e1stica que \u201clo expresado y actuado por el sacerdote Javier Olivera Ravasi en relaci\u00f3n a la visita de un grupo de diputados a la c\u00e1rcel de Ezeiza no corresponde ni al pensamiento ni a la actitud de la CEA\u201d y agreg\u00f3 que \u201cse trata de una acci\u00f3n particular y personal del mencionado sacerdote\u201d.<\/p>\n\n\n\n<p>\u201cDicha visita a la c\u00e1rcel de Ezeiza se encuentra dentro de la investigaci\u00f3n que lleva adelante la Justicia Federal de Lomas de Zamora. La mirada de la Iglesia Argentina sobre este tema se encuentra presente en la publicaci\u00f3n realizada el a\u00f1o pasado en los 3 tomos de la edici\u00f3n \u2018La verdad los har\u00e1 libres\u2019 que fue encargada por la Conferencia Episcopal Argentina a la Universidad Cat\u00f3lica\u201d, afirm\u00f3.<\/p>\n\n\n\n<p>Tras tomar estado p\u00fablico que Olivera Ravasi hab\u00eda organizado la reuni\u00f3n con los condenados -la figura de Astiz era la m\u00e1s \u201cfamosa\u201d pero hab\u00eda otros con penas m\u00e1s altas- y se difundiera la foto de ese encuentro, el esc\u00e1ndalo en la Iglesia subi\u00f3 de tono y tambi\u00e9n en el \u00e1mbito pol\u00edtico. De hecho, hasta en la marat\u00f3nica sesi\u00f3n que empez\u00f3 ayer y segu\u00eda esta ma\u00f1ana, el tema del c\u00f3nclave estuvo presente y hubo pedidos concretos de expulsi\u00f3n que no prosperaron.<\/p>\n\n\n\n<p>Adem\u00e1s, el presidente y el vice de la Conferencia Episcopal Argentina (CEA), Oscar Ojea y Marcelo Colombo, recibieron a organismos de derechos humanos y les manifestaron que la actuaci\u00f3n de Olivera Ravasi no representa el pensamiento ni la acci\u00f3n de la Iglesia Cat\u00f3lica. Ambos recibieron a integrantes de la Asociaci\u00f3n Permanente por los Derechos Humanos (APDH), la seccional La Matanza de esa entidad, HIJOS Capital, el Movimiento Ecum\u00e9nico de Derechos Humanos y la Comisi\u00f3n por la Memoria, Verdad y Justicia de Zona Norte.<\/p>\n\n\n\n<p><\/p>\n","protected":false},"excerpt":{"rendered":"<p>El Obispado de Z\u00e1rate-Campana inform\u00f3 que no le renov\u00f3 el permiso para desarrollar actividades pastorales en su distrito debido a \u201cnumerosas quejas fundadas por sus expresiones y actitudes que se opon\u00edan al testimonio cristiano\u201d. La decisi\u00f3n se tom\u00f3 despu\u00e9s que la Conferencia Episcopal tomara distancia de sus gestiones El sacerdote Javier Olivera Ravasi, que organiz\u00f3&hellip;<\/p>\n","protected":false},"author":1,"featured_media":132291,"comment_status":"open","ping_status":"open","sticky":false,"template":"","format":"standard","meta":{"footnotes":""},"categories":[13,25],"tags":[15784,2450,43440,35169,43487,15984,43486,40812],"class_list":["post-132290","post","type-post","status-publish","format-standard","has-post-thumbnail","hentry","category-politica","category-sociedad","tag-complejo-penitenciario-ezeisa","tag-diario-el-sindical","tag-genocidas","tag-libertarios","tag-obispado-zarate-campana","tag-papa-francisco","tag-presbitero-javier-olivera-ravasi","tag-victoria-villaruel"],"_links":{"self":[{"href":"https:\/\/www.elsindical.com.ar\/notas\/wp-json\/wp\/v2\/posts\/132290","targetHints":{"allow":["GET"]}}],"collection":[{"href":"https:\/\/www.elsindical.com.ar\/notas\/wp-json\/wp\/v2\/posts"}],"about":[{"href":"https:\/\/www.elsindical.com.ar\/notas\/wp-json\/wp\/v2\/types\/post"}],"author":[{"embeddable":true,"href":"https:\/\/www.elsindical.com.ar\/notas\/wp-json\/wp\/v2\/users\/1"}],"replies":[{"embeddable":true,"href":"https:\/\/www.elsindical.com.ar\/notas\/wp-json\/wp\/v2\/comments?post=132290"}],"version-history":[{"count":1,"href":"https:\/\/www.elsindical.com.ar\/notas\/wp-json\/wp\/v2\/posts\/132290\/revisions"}],"predecessor-version":[{"id":132294,"href":"https:\/\/www.elsindical.com.ar\/notas\/wp-json\/wp\/v2\/posts\/132290\/revisions\/132294"}],"wp:featuredmedia":[{"embeddable":true,"href":"https:\/\/www.elsindical.com.ar\/notas\/wp-json\/wp\/v2\/media\/132291"}],"wp:attachment":[{"href":"https:\/\/www.elsindical.com.ar\/notas\/wp-json\/wp\/v2\/media?parent=132290"}],"wp:term":[{"taxonomy":"category","embeddable":true,"href":"https:\/\/www.elsindical.com.ar\/notas\/wp-json\/wp\/v2\/categories?post=132290"},{"taxonomy":"post_tag","embeddable":true,"href":"https:\/\/www.elsindical.com.ar\/notas\/wp-json\/wp\/v2\/tags?post=132290"}],"curies":[{"name":"wp","href":"https:\/\/api.w.org\/{rel}","templated":true}]}}