{"id":132205,"date":"2024-08-11T10:05:50","date_gmt":"2024-08-11T13:05:50","guid":{"rendered":"https:\/\/www.elsindical.com.ar\/notas\/?p=132205"},"modified":"2024-08-11T10:05:55","modified_gmt":"2024-08-11T13:05:55","slug":"fabiola-yanez-crece-el-debate-sobre-las-fotos-que-se-conocieron-y-aunque-hay-cautela-sobre-el-maltrato-miles-dudan-de-los-moretones","status":"publish","type":"post","link":"https:\/\/www.elsindical.com.ar\/notas\/fabiola-yanez-crece-el-debate-sobre-las-fotos-que-se-conocieron-y-aunque-hay-cautela-sobre-el-maltrato-miles-dudan-de-los-moretones\/","title":{"rendered":"Fabiola Ya\u00f1ez. crece el debate sobre las fotos que se conocieron y aunque hay cautela sobre el maltrato miles dudan de los moretones"},"content":{"rendered":"<div class=\"wp-block-image\">\n<figure class=\"aligncenter size-full is-resized\"><a href=\"https:\/\/www.elsindical.com.ar\/notas\/var\/www\/html\/notas\/wp-content\/uploads\/2024\/08\/Fabiola-3.jpg\"><img loading=\"lazy\" decoding=\"async\" width=\"566\" height=\"740\" src=\"https:\/\/www.elsindical.com.ar\/notas\/var\/www\/html\/notas\/wp-content\/uploads\/2024\/08\/Fabiola-3.jpg\" alt=\"\" class=\"wp-image-132206\" style=\"width:434px;height:auto\" srcset=\"https:\/\/www.elsindical.com.ar\/notas\/var\/www\/html\/notas\/wp-content\/uploads\/2024\/08\/Fabiola-3.jpg 566w, https:\/\/www.elsindical.com.ar\/notas\/var\/www\/html\/notas\/wp-content\/uploads\/2024\/08\/Fabiola-3-229x300.jpg 229w\" sizes=\"auto, (max-width: 566px) 100vw, 566px\" \/><\/a><\/figure>\n<\/div>\n\n\n<p>   Como era de esperar, la difusi\u00f3n de algunas fotos donde se ve a Fabiola Ya\u00f1ez con un hematoma en la zona ocular y otro en el brazo, como indici\u00f3 de haber sufrido maltrato verbal y f\u00edsico, situaci\u00f3n amplificada por el oficialismo que pas\u00f3 de negar los derechos de las mujeres incluso Lemoine directamente acusaba a las mujeres de usar la maternidad como m\u00e9todo extorsivo ahora alientan el repudio a Alberto Fern\u00e1ndez.<\/p>\n\n\n\n<p>El propio Javier Milei, demostrando ser un gran hip\u00f3crita se subi\u00f3 a la movida, mientras es se\u00f1alado en una denuncia penal por la presidente de FOPEA la periodista Paula Moreno Rom\u00e1n, acosada, insultada y amenazada reiteradamente por Daniel Parisini, m\u00e1s conocido por el alias en redes sociales como el Gordo Dan, @GordoDan_ quien es temido incluso por los funcionarios de Javier Milei y su especialidad es agredir a las mujeres, aunque arruga con los hombres, como cuando el diputado Nicol\u00e1s Massot cansado de los ataques de los troll lo invito a pelear cuando quiera, demostrando ser un cobarde, lo grave es que Milei suele compartir las publicaciones de este personaje mis\u00f3gino.<\/p>\n\n\n\n<figure class=\"wp-block-image size-large\"><a href=\"https:\/\/www.elsindical.com.ar\/notas\/var\/www\/html\/notas\/wp-content\/uploads\/2024\/08\/Fabiola-Yanez-fotos-hematomas.jpg\"><img loading=\"lazy\" decoding=\"async\" width=\"1024\" height=\"574\" src=\"https:\/\/www.elsindical.com.ar\/notas\/var\/www\/html\/notas\/wp-content\/uploads\/2024\/08\/Fabiola-Yanez-fotos-hematomas-1024x574.jpg\" alt=\"\" class=\"wp-image-132207\" srcset=\"https:\/\/www.elsindical.com.ar\/notas\/var\/www\/html\/notas\/wp-content\/uploads\/2024\/08\/Fabiola-Yanez-fotos-hematomas-1024x574.jpg 1024w, https:\/\/www.elsindical.com.ar\/notas\/var\/www\/html\/notas\/wp-content\/uploads\/2024\/08\/Fabiola-Yanez-fotos-hematomas-300x168.jpg 300w, https:\/\/www.elsindical.com.ar\/notas\/var\/www\/html\/notas\/wp-content\/uploads\/2024\/08\/Fabiola-Yanez-fotos-hematomas-768x431.jpg 768w, https:\/\/www.elsindical.com.ar\/notas\/var\/www\/html\/notas\/wp-content\/uploads\/2024\/08\/Fabiola-Yanez-fotos-hematomas-500x280.jpg 500w, https:\/\/www.elsindical.com.ar\/notas\/var\/www\/html\/notas\/wp-content\/uploads\/2024\/08\/Fabiola-Yanez-fotos-hematomas.jpg 1300w\" sizes=\"auto, (max-width: 1024px) 100vw, 1024px\" \/><\/a><\/figure>\n\n\n\n<p>Por si fuera poco, un usuario comparaba la foto del ojo de Fabiola con una foto similar real de una persona lesionada y cuestionaba la veracidad a lo que defin\u00eda como una puesta en escena con maquillaje y la publicaci\u00f3n tuvo a Moria Casan apoyando la duda del usuario, Moria que en alg\u00fan momento le dio trabajo a Fabiola, la recuerda como una chica que buscaba tener protagonismo y ser una figura medi\u00e1tica ya que su trabajo en teatro siempre fue en papeles secundarios y sin trascendencia. <\/p>\n\n\n\n<figure class=\"wp-block-image size-large\"><a href=\"https:\/\/www.elsindical.com.ar\/notas\/var\/www\/html\/notas\/wp-content\/uploads\/2024\/08\/Fabiola-golpe-o-maquillaje.jpg\"><img loading=\"lazy\" decoding=\"async\" width=\"1024\" height=\"934\" src=\"https:\/\/www.elsindical.com.ar\/notas\/var\/www\/html\/notas\/wp-content\/uploads\/2024\/08\/Fabiola-golpe-o-maquillaje-1024x934.jpg\" alt=\"\" class=\"wp-image-132208\" srcset=\"https:\/\/www.elsindical.com.ar\/notas\/var\/www\/html\/notas\/wp-content\/uploads\/2024\/08\/Fabiola-golpe-o-maquillaje-1024x934.jpg 1024w, https:\/\/www.elsindical.com.ar\/notas\/var\/www\/html\/notas\/wp-content\/uploads\/2024\/08\/Fabiola-golpe-o-maquillaje-300x274.jpg 300w, https:\/\/www.elsindical.com.ar\/notas\/var\/www\/html\/notas\/wp-content\/uploads\/2024\/08\/Fabiola-golpe-o-maquillaje-768x700.jpg 768w, https:\/\/www.elsindical.com.ar\/notas\/var\/www\/html\/notas\/wp-content\/uploads\/2024\/08\/Fabiola-golpe-o-maquillaje-329x300.jpg 329w, https:\/\/www.elsindical.com.ar\/notas\/var\/www\/html\/notas\/wp-content\/uploads\/2024\/08\/Fabiola-golpe-o-maquillaje.jpg 1280w\" sizes=\"auto, (max-width: 1024px) 100vw, 1024px\" \/><\/a><\/figure>\n","protected":false},"excerpt":{"rendered":"<p>Como era de esperar, la difusi\u00f3n de algunas fotos donde se ve a Fabiola Ya\u00f1ez con un hematoma en la zona ocular y otro en el brazo, como indici\u00f3 de haber sufrido maltrato verbal y f\u00edsico, situaci\u00f3n amplificada por el oficialismo que pas\u00f3 de negar los derechos de las mujeres incluso Lemoine directamente acusaba a&hellip;<\/p>\n","protected":false},"author":1,"featured_media":132206,"comment_status":"open","ping_status":"open","sticky":false,"template":"","format":"standard","meta":{"footnotes":""},"categories":[25],"tags":[33385,175,2450,33748,7318,2605,572],"class_list":["post-132205","post","type-post","status-publish","format-standard","has-post-thumbnail","hentry","category-sociedad","tag-alberto-fernandez-2","tag-denuncia","tag-diario-el-sindical","tag-fabiola-yanez","tag-moria-casan","tag-redes-sociales","tag-violencia-de-genero"],"_links":{"self":[{"href":"https:\/\/www.elsindical.com.ar\/notas\/wp-json\/wp\/v2\/posts\/132205","targetHints":{"allow":["GET"]}}],"collection":[{"href":"https:\/\/www.elsindical.com.ar\/notas\/wp-json\/wp\/v2\/posts"}],"about":[{"href":"https:\/\/www.elsindical.com.ar\/notas\/wp-json\/wp\/v2\/types\/post"}],"author":[{"embeddable":true,"href":"https:\/\/www.elsindical.com.ar\/notas\/wp-json\/wp\/v2\/users\/1"}],"replies":[{"embeddable":true,"href":"https:\/\/www.elsindical.com.ar\/notas\/wp-json\/wp\/v2\/comments?post=132205"}],"version-history":[{"count":1,"href":"https:\/\/www.elsindical.com.ar\/notas\/wp-json\/wp\/v2\/posts\/132205\/revisions"}],"predecessor-version":[{"id":132209,"href":"https:\/\/www.elsindical.com.ar\/notas\/wp-json\/wp\/v2\/posts\/132205\/revisions\/132209"}],"wp:featuredmedia":[{"embeddable":true,"href":"https:\/\/www.elsindical.com.ar\/notas\/wp-json\/wp\/v2\/media\/132206"}],"wp:attachment":[{"href":"https:\/\/www.elsindical.com.ar\/notas\/wp-json\/wp\/v2\/media?parent=132205"}],"wp:term":[{"taxonomy":"category","embeddable":true,"href":"https:\/\/www.elsindical.com.ar\/notas\/wp-json\/wp\/v2\/categories?post=132205"},{"taxonomy":"post_tag","embeddable":true,"href":"https:\/\/www.elsindical.com.ar\/notas\/wp-json\/wp\/v2\/tags?post=132205"}],"curies":[{"name":"wp","href":"https:\/\/api.w.org\/{rel}","templated":true}]}}