{"id":132186,"date":"2024-08-09T22:51:25","date_gmt":"2024-08-10T01:51:25","guid":{"rendered":"https:\/\/www.elsindical.com.ar\/notas\/?p=132186"},"modified":"2024-08-09T22:52:36","modified_gmt":"2024-08-10T01:52:36","slug":"allanaron-el-departamento-de-alberto-fernandez-en-puerto-madero-y-le-secuestraron-el-celular","status":"publish","type":"post","link":"https:\/\/www.elsindical.com.ar\/notas\/allanaron-el-departamento-de-alberto-fernandez-en-puerto-madero-y-le-secuestraron-el-celular\/","title":{"rendered":"Allanaron el departamento de Alberto Fern\u00e1ndez en Puerto Madero y le secuestraron el celular"},"content":{"rendered":"<div class=\"wp-block-image\">\n<figure class=\"aligncenter size-full is-resized\"><a href=\"https:\/\/www.elsindical.com.ar\/notas\/var\/www\/html\/notas\/wp-content\/uploads\/2024\/08\/departamento-Alberto-Fernandez-Puerto-Madero.jpg\"><img loading=\"lazy\" decoding=\"async\" width=\"700\" height=\"436\" src=\"https:\/\/www.elsindical.com.ar\/notas\/var\/www\/html\/notas\/wp-content\/uploads\/2024\/08\/departamento-Alberto-Fernandez-Puerto-Madero.jpg\" alt=\"\" class=\"wp-image-132187\" style=\"width:790px;height:auto\" srcset=\"https:\/\/www.elsindical.com.ar\/notas\/var\/www\/html\/notas\/wp-content\/uploads\/2024\/08\/departamento-Alberto-Fernandez-Puerto-Madero.jpg 700w, https:\/\/www.elsindical.com.ar\/notas\/var\/www\/html\/notas\/wp-content\/uploads\/2024\/08\/departamento-Alberto-Fernandez-Puerto-Madero-300x187.jpg 300w, https:\/\/www.elsindical.com.ar\/notas\/var\/www\/html\/notas\/wp-content\/uploads\/2024\/08\/departamento-Alberto-Fernandez-Puerto-Madero-482x300.jpg 482w\" sizes=\"auto, (max-width: 700px) 100vw, 700px\" \/><\/a><\/figure>\n<\/div>\n\n\n<p>En el marco de la investigaci\u00f3n por violencia de g\u00e9nero que Fabiola Ya\u00f1ez inici\u00f3 contra el ex presidente Alberto Fern\u00e1ndez, la Justicia orden\u00f3 <strong>un allanamiento en su departamento ubicado en el barrio porte\u00f1o de Puerto Madero.<\/strong> Seg\u00fan informaron fuentes judiciales, el objetivo principal del procedimiento fue <strong>el secuestro del tel\u00e9fono celular del ex mandatario<\/strong>, algo que fue concretado por efectivos de la Polic\u00eda Federal durante la noche de este viernes.<\/p>\n\n\n\n<p>La orden de allanamiento fue solicitada por <strong>los fiscales Ramiro Gonz\u00e1lez y Carlos R\u00edvolo, quienes se encuentran al frente de la causa que investiga las denuncias de Ya\u00f1ez por lesiones, hostigamiento y violencia de g\u00e9nero<\/strong>. Esta medida se llev\u00f3 a cabo poco despu\u00e9s de que la causa fuera sorteada y quedara nuevamente en manos del juez Juli\u00e1n Ercolini, a cargo del Juzgado Criminal y Correccional Federal 10.<\/p>\n\n\n\n<p>El expediente, identificado como 2539\/2024, tuvo su origen en el Juzgado Criminal y Correccional Federal 11, que tambi\u00e9n est\u00e1 a cargo de Ercolini de manera subrogante. Luego del sorteo realizado este viernes, <strong>la causa regres\u00f3 al juzgado de origen del mismo magistrado<\/strong>.<\/p>\n\n\n\n<p><strong>Alberto Fern\u00e1ndez, quien se encuentra bajo el escrutinio de la Justicia, design\u00f3 a la abogada Silvina Carreira como su defensora en esta causa<\/strong>. Carreira, con una amplia trayectoria en el \u00e1mbito judicial, ser\u00e1 la encargada de llevar adelante la defensa del ex presidente en un proceso que, hasta el momento, se presenta complejo y con varias aristas legales a resolver.<\/p>\n\n\n\n<p>Este caso se suma a otros frentes judiciales que el ex presidente ha debido enfrentar desde que dej\u00f3 el poder, aunque en esta oportunidad se trata de una causa con un fuerte componente personal, dado que involucra a quien fuera su pareja durante su mandato.<\/p>\n","protected":false},"excerpt":{"rendered":"<p>En el marco de la investigaci\u00f3n por violencia de g\u00e9nero que Fabiola Ya\u00f1ez inici\u00f3 contra el ex presidente Alberto Fern\u00e1ndez, la Justicia orden\u00f3 un allanamiento en su departamento ubicado en el barrio porte\u00f1o de Puerto Madero. Seg\u00fan informaron fuentes judiciales, el objetivo principal del procedimiento fue el secuestro del tel\u00e9fono celular del ex mandatario, algo&hellip;<\/p>\n","protected":false},"author":1,"featured_media":132187,"comment_status":"open","ping_status":"open","sticky":false,"template":"","format":"standard","meta":{"footnotes":""},"categories":[20],"tags":[138,519,33748,3499,503,572],"class_list":["post-132186","post","type-post","status-publish","format-standard","has-post-thumbnail","hentry","category-judiciales","tag-allanamiento","tag-celular","tag-fabiola-yanez","tag-puerto-madero","tag-secuestro","tag-violencia-de-genero"],"_links":{"self":[{"href":"https:\/\/www.elsindical.com.ar\/notas\/wp-json\/wp\/v2\/posts\/132186","targetHints":{"allow":["GET"]}}],"collection":[{"href":"https:\/\/www.elsindical.com.ar\/notas\/wp-json\/wp\/v2\/posts"}],"about":[{"href":"https:\/\/www.elsindical.com.ar\/notas\/wp-json\/wp\/v2\/types\/post"}],"author":[{"embeddable":true,"href":"https:\/\/www.elsindical.com.ar\/notas\/wp-json\/wp\/v2\/users\/1"}],"replies":[{"embeddable":true,"href":"https:\/\/www.elsindical.com.ar\/notas\/wp-json\/wp\/v2\/comments?post=132186"}],"version-history":[{"count":1,"href":"https:\/\/www.elsindical.com.ar\/notas\/wp-json\/wp\/v2\/posts\/132186\/revisions"}],"predecessor-version":[{"id":132188,"href":"https:\/\/www.elsindical.com.ar\/notas\/wp-json\/wp\/v2\/posts\/132186\/revisions\/132188"}],"wp:featuredmedia":[{"embeddable":true,"href":"https:\/\/www.elsindical.com.ar\/notas\/wp-json\/wp\/v2\/media\/132187"}],"wp:attachment":[{"href":"https:\/\/www.elsindical.com.ar\/notas\/wp-json\/wp\/v2\/media?parent=132186"}],"wp:term":[{"taxonomy":"category","embeddable":true,"href":"https:\/\/www.elsindical.com.ar\/notas\/wp-json\/wp\/v2\/categories?post=132186"},{"taxonomy":"post_tag","embeddable":true,"href":"https:\/\/www.elsindical.com.ar\/notas\/wp-json\/wp\/v2\/tags?post=132186"}],"curies":[{"name":"wp","href":"https:\/\/api.w.org\/{rel}","templated":true}]}}