{"id":132146,"date":"2024-08-07T13:15:41","date_gmt":"2024-08-07T16:15:41","guid":{"rendered":"https:\/\/www.elsindical.com.ar\/notas\/?p=132146"},"modified":"2024-08-07T13:15:48","modified_gmt":"2024-08-07T16:15:48","slug":"subsidios-al-transporte-publico-la-respuesta-de-la-provincia-al-gobierno-de-milei","status":"publish","type":"post","link":"https:\/\/www.elsindical.com.ar\/notas\/subsidios-al-transporte-publico-la-respuesta-de-la-provincia-al-gobierno-de-milei\/","title":{"rendered":"Subsidios al transporte p\u00fablico: La respuesta de la Provincia al gobierno de Milei"},"content":{"rendered":"\n<figure class=\"wp-block-image size-full\"><a href=\"https:\/\/www.elsindical.com.ar\/notas\/var\/www\/html\/notas\/wp-content\/uploads\/2024\/07\/Jorge-DOnofrio.jpg\"><img loading=\"lazy\" decoding=\"async\" width=\"960\" height=\"640\" src=\"https:\/\/www.elsindical.com.ar\/notas\/var\/www\/html\/notas\/wp-content\/uploads\/2024\/07\/Jorge-DOnofrio.jpg\" alt=\"\" class=\"wp-image-131970\" srcset=\"https:\/\/www.elsindical.com.ar\/notas\/var\/www\/html\/notas\/wp-content\/uploads\/2024\/07\/Jorge-DOnofrio.jpg 960w, https:\/\/www.elsindical.com.ar\/notas\/var\/www\/html\/notas\/wp-content\/uploads\/2024\/07\/Jorge-DOnofrio-300x200.jpg 300w, https:\/\/www.elsindical.com.ar\/notas\/var\/www\/html\/notas\/wp-content\/uploads\/2024\/07\/Jorge-DOnofrio-768x512.jpg 768w, https:\/\/www.elsindical.com.ar\/notas\/var\/www\/html\/notas\/wp-content\/uploads\/2024\/07\/Jorge-DOnofrio-450x300.jpg 450w\" sizes=\"auto, (max-width: 960px) 100vw, 960px\" \/><\/a><\/figure>\n\n\n\n<p>\u00abA la Provincia no le dan nada, nosotros pagamos la totalidad de los subsidios\u00bb, aclar\u00f3 el ministro Jorge D\u00b4Onofrio.<\/p>\n\n\n\n<p>El Gobierno de Javier Milei anunci\u00f3 que a partir de septiembre, tanto la Provincia como la Ciudad de Buenos Aires, deber\u00e1n hacerse cargo de los subsidios a los colectivos que circulen s\u00f3lo por esas \u00e1reas. La respuesta de Jorge D`Onofrio.<\/p>\n\n\n\n<p><strong>\u201cA la Provincia no le dan nada, nosotros pagamos la totalidad de los subsidios\u201d<\/strong>, asegur\u00f3 el ministro de Transporte bonaerense.<\/p>\n\n\n\n<p>De todos modos, consider\u00f3 que el anuncio de Franco Mogetta es \u201cun intento m\u00e1s de apretar a la Provincia de Buenos Aires, pero Milei en su idea de atacar al gobernador Axel Kicillof est\u00e1 da\u00f1ando a todos los bonaerenses\u201d.<\/p>\n\n\n\n<p><strong>\u201cVan a eliminar el Boleto Integrado que ayuda a la gente que se toma m\u00e1s de un transporte en un lapso de dos horas. Si este nuevo abandono del Gobierno nacional se lleva a cabo, la gente va a pagar m\u00e1s para ir a trabajar\u201d<\/strong>, asegur\u00f3 en declaraciones radiales.<\/p>\n\n\n\n<p>Contrapuso, en este marco, la ampliaci\u00f3n del alcance del Boleto Estudiantil. \u201c<a href=\"https:\/\/x.com\/donofriojorge\"><\/a>Nosotros ampliamos el Boleto Educativo a j\u00f3venes, adultos y adultos mayores que est\u00e1n terminando la escuela primaria y secundaria. Hacen un gran esfuerzo para completar su educaci\u00f3n, nosotros los ayudaremos a llegar a las aulas\u201d, se\u00f1al\u00f3.<\/p>\n\n\n\n<h2 class=\"wp-block-heading\">La respuesta de la Ciudad de Buenos Aires<\/h2>\n\n\n\n<p>El gobierno de&nbsp;Jorge Macri le respondi\u00f3 a la Casa Rosada&nbsp;por su decisi\u00f3n de quitar subsidios al transporte de colectivos&nbsp;en la Ciudad y asegur\u00f3 que las l\u00edneas que circulan en el distrito&nbsp;\u201cson el Gobierno Nacional\u201d.<\/p>\n\n\n\n<p><strong>\u201cLas l\u00edneas de colectivos que circulan por la Ciudad de Buenos Aires son del Gobierno Nacional\u201d,<\/strong>&nbsp;expres\u00f3 la administraci\u00f3n porte\u00f1a.<\/p>\n\n\n\n<p>Adem\u00e1s, record\u00f3 que \u201cla Ciudad ha venido subsidiando al Gobierno Nacional y a sus l\u00edneas de transporte p\u00fablico de colectivos\u201d. <strong>\u201cLa Ciudad no recibe subsidios por parte de la Naci\u00f3n.&nbsp;Lo reciben directamente las l\u00edneas de colectivos a trav\u00e9s de la Secretar\u00eda de Transporte de la Naci\u00f3n\u201d<\/strong>, aclar\u00f3 la administraci\u00f3n&nbsp;<br>porte\u00f1a.<\/p>\n","protected":false},"excerpt":{"rendered":"<p>\u00abA la Provincia no le dan nada, nosotros pagamos la totalidad de los subsidios\u00bb, aclar\u00f3 el ministro Jorge D\u00b4Onofrio. El Gobierno de Javier Milei anunci\u00f3 que a partir de septiembre, tanto la Provincia como la Ciudad de Buenos Aires, deber\u00e1n hacerse cargo de los subsidios a los colectivos que circulen s\u00f3lo por esas \u00e1reas. La&hellip;<\/p>\n","protected":false},"author":1,"featured_media":131970,"comment_status":"open","ping_status":"open","sticky":false,"template":"","format":"standard","meta":{"footnotes":""},"categories":[13],"tags":[13798,2450,42495,28812,19949,4016,3467],"class_list":["post-132146","post","type-post","status-publish","format-standard","has-post-thumbnail","hentry","category-politica","tag-axel-kicillof","tag-diario-el-sindical","tag-franco-mogetta","tag-javier-milei","tag-jorge-donofrio","tag-subsidios","tag-transporte-publico"],"_links":{"self":[{"href":"https:\/\/www.elsindical.com.ar\/notas\/wp-json\/wp\/v2\/posts\/132146","targetHints":{"allow":["GET"]}}],"collection":[{"href":"https:\/\/www.elsindical.com.ar\/notas\/wp-json\/wp\/v2\/posts"}],"about":[{"href":"https:\/\/www.elsindical.com.ar\/notas\/wp-json\/wp\/v2\/types\/post"}],"author":[{"embeddable":true,"href":"https:\/\/www.elsindical.com.ar\/notas\/wp-json\/wp\/v2\/users\/1"}],"replies":[{"embeddable":true,"href":"https:\/\/www.elsindical.com.ar\/notas\/wp-json\/wp\/v2\/comments?post=132146"}],"version-history":[{"count":1,"href":"https:\/\/www.elsindical.com.ar\/notas\/wp-json\/wp\/v2\/posts\/132146\/revisions"}],"predecessor-version":[{"id":132147,"href":"https:\/\/www.elsindical.com.ar\/notas\/wp-json\/wp\/v2\/posts\/132146\/revisions\/132147"}],"wp:featuredmedia":[{"embeddable":true,"href":"https:\/\/www.elsindical.com.ar\/notas\/wp-json\/wp\/v2\/media\/131970"}],"wp:attachment":[{"href":"https:\/\/www.elsindical.com.ar\/notas\/wp-json\/wp\/v2\/media?parent=132146"}],"wp:term":[{"taxonomy":"category","embeddable":true,"href":"https:\/\/www.elsindical.com.ar\/notas\/wp-json\/wp\/v2\/categories?post=132146"},{"taxonomy":"post_tag","embeddable":true,"href":"https:\/\/www.elsindical.com.ar\/notas\/wp-json\/wp\/v2\/tags?post=132146"}],"curies":[{"name":"wp","href":"https:\/\/api.w.org\/{rel}","templated":true}]}}