{"id":132131,"date":"2024-08-06T22:12:52","date_gmt":"2024-08-07T01:12:52","guid":{"rendered":"https:\/\/www.elsindical.com.ar\/notas\/?p=132131"},"modified":"2024-08-06T22:13:24","modified_gmt":"2024-08-07T01:13:24","slug":"fabiola-yanez-denuncio-a-alberto-fernandez-por-violencia-de-genero","status":"publish","type":"post","link":"https:\/\/www.elsindical.com.ar\/notas\/fabiola-yanez-denuncio-a-alberto-fernandez-por-violencia-de-genero\/","title":{"rendered":"Fabiola Y\u00e1\u00f1ez denunci\u00f3 a Alberto Fern\u00e1ndez por violencia de g\u00e9nero"},"content":{"rendered":"<div class=\"wp-block-image\">\n<figure class=\"aligncenter size-full is-resized\"><a href=\"https:\/\/www.elsindical.com.ar\/notas\/var\/www\/html\/notas\/wp-content\/uploads\/2024\/08\/Alberto-y-Fabiola.jpg\"><img loading=\"lazy\" decoding=\"async\" width=\"700\" height=\"462\" src=\"https:\/\/www.elsindical.com.ar\/notas\/var\/www\/html\/notas\/wp-content\/uploads\/2024\/08\/Alberto-y-Fabiola.jpg\" alt=\"\" class=\"wp-image-132132\" style=\"width:748px;height:auto\" srcset=\"https:\/\/www.elsindical.com.ar\/notas\/var\/www\/html\/notas\/wp-content\/uploads\/2024\/08\/Alberto-y-Fabiola.jpg 700w, https:\/\/www.elsindical.com.ar\/notas\/var\/www\/html\/notas\/wp-content\/uploads\/2024\/08\/Alberto-y-Fabiola-300x198.jpg 300w, https:\/\/www.elsindical.com.ar\/notas\/var\/www\/html\/notas\/wp-content\/uploads\/2024\/08\/Alberto-y-Fabiola-455x300.jpg 455w\" sizes=\"auto, (max-width: 700px) 100vw, 700px\" \/><\/a><\/figure>\n<\/div>\n\n\n<p class=\"wp-block-paragraph\">Fabiola Y\u00e1\u00f1ez denunci\u00f3 a Alberto Fern\u00e1ndez por violencia de g\u00e9nero<\/p>\n\n\n\n<p class=\"wp-block-paragraph\">La exprimera dama&nbsp;<strong>Fabiola Ya\u00f1ez&nbsp;<\/strong>denunci\u00f3 este mediod\u00eda al expresidente Alberto Fern\u00e1ndez por violencia de g\u00e9nero mediante una comunicaci\u00f3n v\u00eda Zoom desde Espa\u00f1a, donde reside, ante el juez federal Juli\u00e1n Ercolini, que investiga presuntos casos de corrupci\u00f3n en la venta de seguros al Estado.<\/p>\n\n\n\n<p class=\"wp-block-paragraph\">El magistrado, luego de tomar la denuncia, <strong>dispuso de inmediato medidas de restricci\u00f3n y protecci\u00f3n de Ya\u00f1ez <\/strong>para impedir que sea v\u00edctima de hechos como los denunciados. En esa l\u00ednea dict\u00f3 una orden de restricci\u00f3n que impide que Fern\u00e1ndez se acerque a su exmujer, adem\u00e1s de disponer contra \u00e9l una prohibici\u00f3n de salida del territorio nacional.<\/p>\n\n\n\n<p class=\"wp-block-paragraph\">Los primeros indicios sobre posibles hechos de violencia contra Ya\u00f1ez surgieron del an\u00e1lisis del tel\u00e9fono celular de quien fuera secretaria privada del entonces presidente Fern\u00e1ndez, Mar\u00eda Cantero, en el marco de la causa que investiga la participaci\u00f3n de su esposo, H\u00e9ctor Mart\u00ednez Sosa, como vendedor de seguros a organismos y dependencias p\u00fablicas.<\/p>\n\n\n\n<p class=\"wp-block-paragraph\">Del contenido del celular peritado habr\u00edan surgido<strong> im\u00e1genes, audios y textos que Ya\u00f1ez le habr\u00eda enviado a Cantero<\/strong> en varias oportunidades relatando y exhibiendo pruebas de golpizas atribuidas por ella al ex presidente.<\/p>\n\n\n\n<p class=\"wp-block-paragraph\">Consultada por esos mensajes, <strong>Ya\u00f1ez a trav\u00e9s de su abogado, Juan Pablo Fioribello, hab\u00eda declinado d\u00edas atr\u00e1s la posibilidad de formular una denuncia contra su exmarido<\/strong>, lo que abort\u00f3 la investigaci\u00f3n judicial ya que, a juicio del magistrado, se trataba de lesiones leves que no pueden investigarse si la v\u00edctima no formaliza una presentaci\u00f3n judicial.<\/p>\n\n\n\n<p class=\"wp-block-paragraph\">Sin embargo, en el mediod\u00eda de este viernes finalmente Ya\u00f1ez se present\u00f3 de manera virtual ante Ercolini para avanzar con la denuncia por violencia de g\u00e9nero, que por el momento contin\u00faa en el \u00e1mbito de ese juzgado.<\/p>\n\n\n\n<p class=\"wp-block-paragraph\">El abogado penalista que representa a la exprimera dama hab\u00eda afirmado este lunes en declaraciones televisivas que&nbsp;<strong>Fern\u00e1ndez le dijo que \u201cnunca en la vida le peg\u00f3 a una mujer\u201d<\/strong>, al negar hechos de violencia de g\u00e9nero contra la madre de su hijo.&nbsp;&nbsp;&nbsp;<\/p>\n","protected":false},"excerpt":{"rendered":"<p>Fabiola Y\u00e1\u00f1ez denunci\u00f3 a Alberto Fern\u00e1ndez por violencia de g\u00e9nero La exprimera dama&nbsp;Fabiola Ya\u00f1ez&nbsp;denunci\u00f3 este mediod\u00eda al expresidente Alberto Fern\u00e1ndez por violencia de g\u00e9nero mediante una comunicaci\u00f3n v\u00eda Zoom desde Espa\u00f1a, donde reside, ante el juez federal Juli\u00e1n Ercolini, que investiga presuntos casos de corrupci\u00f3n en la venta de seguros al Estado. El magistrado, luego&hellip;<\/p>\n","protected":false},"author":1,"featured_media":132132,"comment_status":"open","ping_status":"open","sticky":false,"template":"","format":"standard","meta":{"footnotes":""},"categories":[20],"tags":[],"class_list":["post-132131","post","type-post","status-publish","format-standard","has-post-thumbnail","hentry","category-judiciales"],"_links":{"self":[{"href":"https:\/\/www.elsindical.com.ar\/notas\/wp-json\/wp\/v2\/posts\/132131","targetHints":{"allow":["GET"]}}],"collection":[{"href":"https:\/\/www.elsindical.com.ar\/notas\/wp-json\/wp\/v2\/posts"}],"about":[{"href":"https:\/\/www.elsindical.com.ar\/notas\/wp-json\/wp\/v2\/types\/post"}],"author":[{"embeddable":true,"href":"https:\/\/www.elsindical.com.ar\/notas\/wp-json\/wp\/v2\/users\/1"}],"replies":[{"embeddable":true,"href":"https:\/\/www.elsindical.com.ar\/notas\/wp-json\/wp\/v2\/comments?post=132131"}],"version-history":[{"count":2,"href":"https:\/\/www.elsindical.com.ar\/notas\/wp-json\/wp\/v2\/posts\/132131\/revisions"}],"predecessor-version":[{"id":132134,"href":"https:\/\/www.elsindical.com.ar\/notas\/wp-json\/wp\/v2\/posts\/132131\/revisions\/132134"}],"wp:featuredmedia":[{"embeddable":true,"href":"https:\/\/www.elsindical.com.ar\/notas\/wp-json\/wp\/v2\/media\/132132"}],"wp:attachment":[{"href":"https:\/\/www.elsindical.com.ar\/notas\/wp-json\/wp\/v2\/media?parent=132131"}],"wp:term":[{"taxonomy":"category","embeddable":true,"href":"https:\/\/www.elsindical.com.ar\/notas\/wp-json\/wp\/v2\/categories?post=132131"},{"taxonomy":"post_tag","embeddable":true,"href":"https:\/\/www.elsindical.com.ar\/notas\/wp-json\/wp\/v2\/tags?post=132131"}],"curies":[{"name":"wp","href":"https:\/\/api.w.org\/{rel}","templated":true}]}}