{"id":132123,"date":"2024-08-06T02:28:45","date_gmt":"2024-08-06T05:28:45","guid":{"rendered":"https:\/\/www.elsindical.com.ar\/notas\/?p=132123"},"modified":"2024-08-06T02:29:02","modified_gmt":"2024-08-06T05:29:02","slug":"el-gobierno-ya-puede-avanzar-con-el-proceso-para-vender-ocho-empresas-publicas","status":"publish","type":"post","link":"https:\/\/www.elsindical.com.ar\/notas\/el-gobierno-ya-puede-avanzar-con-el-proceso-para-vender-ocho-empresas-publicas\/","title":{"rendered":"El Gobierno ya puede avanzar con el proceso para vender ocho empresas p\u00fablicas"},"content":{"rendered":"<div class=\"wp-block-image\">\n<figure class=\"aligncenter size-full\"><a href=\"https:\/\/www.elsindical.com.ar\/notas\/var\/www\/html\/notas\/wp-content\/uploads\/2024\/08\/ENARSA-energia-argentina.jpg\"><img loading=\"lazy\" decoding=\"async\" width=\"700\" height=\"494\" src=\"https:\/\/www.elsindical.com.ar\/notas\/var\/www\/html\/notas\/wp-content\/uploads\/2024\/08\/ENARSA-energia-argentina.jpg\" alt=\"\" class=\"wp-image-132124\" srcset=\"https:\/\/www.elsindical.com.ar\/notas\/var\/www\/html\/notas\/wp-content\/uploads\/2024\/08\/ENARSA-energia-argentina.jpg 700w, https:\/\/www.elsindical.com.ar\/notas\/var\/www\/html\/notas\/wp-content\/uploads\/2024\/08\/ENARSA-energia-argentina-300x212.jpg 300w, https:\/\/www.elsindical.com.ar\/notas\/var\/www\/html\/notas\/wp-content\/uploads\/2024\/08\/ENARSA-energia-argentina-425x300.jpg 425w\" sizes=\"auto, (max-width: 700px) 100vw, 700px\" \/><\/a><\/figure>\n<\/div>\n\n\n<p class=\"wp-block-paragraph\">El Ejecutivo estableci\u00f3 las condiciones para avanzar en las privatizaciones de Enarsa, Intercargo, Belgrano Cargas, Corredores Viales, Aysa, y Ferrocarriles.<\/p>\n\n\n\n<p class=\"wp-block-paragraph\">El Gobierno Nacional ya podr\u00e1 avanzar en los <strong>procesos de licitaci\u00f3n de privatizaci\u00f3n total o parcial de ocho empresas p\u00fablicas contempladas en la Ley Bases<\/strong>, tras haber dictado un decreto donde se establece el mecanismo para la venta de esas firmas p\u00fablicas.<\/p>\n\n\n\n<p class=\"wp-block-paragraph\">El Congreso autoriz\u00f3 la <strong>privatizaci\u00f3n total de Energ\u00eda Argentina (Enarsa) e Intercargo y, en forma parcial, de Aysa, Belgrano Cargas, Sociedad Operadora Ferroviaria y Corredores Viales<\/strong>, mientras que en el caso de Nucleoel\u00e9ctrica Argentina y Yacimientos Carbon\u00edferas Fiscales solo se autoriza el ingreso de aportes privados mediante el sistema de PPP.<\/p>\n\n\n\n<p class=\"wp-block-paragraph\">El Gobierno quer\u00eda privatizar unas cuarenta empresas p\u00fablicas, pero <strong>debi\u00f3 eliminar las ventas del Banco Nacional, Radio y Televisi\u00f3n Argentina, Correo Argentino y Aerol\u00edneas Argentinas<\/strong>, debido a la resistencia de los bloques dialoguistas a acompa\u00f1ar esas propuestas.<\/p>\n\n\n\n<p class=\"wp-block-paragraph\">A trav\u00e9s del decreto 695 publicado hoy en el Bolet\u00edn Oficial, el Gobierno ya fij\u00f3 el sistema para avanzar con la venta total o parcial de esas empresas p\u00fablicas, cuyo pliego deber\u00e1 ser controlado por la Auditoria General Nacional y la <strong>Comisi\u00f3n Bicameral de Privatizaciones, que a\u00fan no conform\u00f3 el Congreso.<\/strong><\/p>\n\n\n\n<p class=\"wp-block-paragraph\">En la reglamentaci\u00f3n de la Ley Bases sobre la venta de empresas, se estableci\u00f3 que \u201cel ministro o secretario de la Presidencia en cuya jurisdicci\u00f3n se encuentre la empresa o sociedad a privatizar deber\u00e1 elevar al Poder Ejecutivo <strong>un informe en el que se precise la propuesta concreta vinculada al procedimiento y modalidad m\u00e1s adecuada<\/strong> para hacer efectiva la privatizaci\u00f3n\u201d.<\/p>\n\n\n\n<p class=\"wp-block-paragraph\">Este documento deber\u00e1 incluir \u201cel car\u00e1cter total o parcial de la privatizaci\u00f3n propuesta y su fundamento; las alternativas de procedimiento que se estimen adecuadas al caso; la o las modalidades de las enunciadas que se entiendan <strong>convenientes para materializar la privatizaci\u00f3n; el procedimiento de selecci\u00f3n que se prevea utilizar y los plazos estimados<\/strong> para cada una de las etapas del procedimiento de privatizaci\u00f3n\u201d.<\/p>\n\n\n\n<p class=\"wp-block-paragraph\">Tambi\u00e9n \u201cla eventual propuesta para el otorgamiento de las preferencias a las que se refiere el art\u00edculo 16 de la Ley N\u00ba23.696 y la <strong>aplicabilidad, en el caso que corresponda, de un Programa de Propiedad Participada,<\/strong> especificando las clases de sujetos adquirentes y proporci\u00f3n del capital accionario comprendido en el programa\u201d.<\/p>\n\n\n\n<p class=\"wp-block-paragraph\">Una copia de este informe ser\u00e1 <strong>enviada a la Comisi\u00f3n Bicameral del Congreso.<\/strong><\/p>\n\n\n\n<p class=\"wp-block-paragraph\">En cuanto a la empresa Nucleoel\u00e9ctrica Argentina se fija que solo se podr\u00e1 organizar un programa de propiedad participada y <strong>colocar una clase de acciones para ese fin; e (ii) incorporar la participaci\u00f3n del capital privado debiendo el Estado nacional mantener el control o la participaci\u00f3n mayoritaria<\/strong> en el capital social.<\/p>\n\n\n\n<p class=\"wp-block-paragraph\">En tanto, se fij\u00f3 que se requiere del voto afirmativo del Estado nacional para la toma de decisiones que signifiquen la <strong>ampliaci\u00f3n de capacidad de una central de generaci\u00f3n nucleoel\u00e9ctrica existente y\/o la construcci\u00f3n de una nueva y la salida de servicio <\/strong>por motivos no t\u00e9cnicos, ya sea temporal o definitiva, de una central de generaci\u00f3n nucleoel\u00e9ctrica, as\u00ed como la incorporaci\u00f3n de accionistas.<\/p>\n\n\n\n<p class=\"wp-block-paragraph\">En el caso del <strong>Complejo Carbon\u00edfero, Ferroviario, Portuario y Energ\u00e9tico a cargo de Yacimientos Carbon\u00edferos R\u00edo Turbio (YCRT) tambi\u00e9n se podr\u00e1 organizar un programa de propiedad participada<\/strong> y colocar una clase de acciones para ese fin.<\/p>\n","protected":false},"excerpt":{"rendered":"<p>El Ejecutivo estableci\u00f3 las condiciones para avanzar en las privatizaciones de Enarsa, Intercargo, Belgrano Cargas, Corredores Viales, Aysa, y Ferrocarriles. El Gobierno Nacional ya podr\u00e1 avanzar en los procesos de licitaci\u00f3n de privatizaci\u00f3n total o parcial de ocho empresas p\u00fablicas contempladas en la Ley Bases, tras haber dictado un decreto donde se establece el mecanismo&hellip;<\/p>\n","protected":false},"author":1,"featured_media":132124,"comment_status":"open","ping_status":"open","sticky":false,"template":"","format":"standard","meta":{"footnotes":""},"categories":[13],"tags":[86,2450,15618,761,4867],"class_list":["post-132123","post","type-post","status-publish","format-standard","has-post-thumbnail","hentry","category-politica","tag-congreso","tag-diario-el-sindical","tag-enarsa","tag-gobierno-nacional","tag-privatizaciones"],"_links":{"self":[{"href":"https:\/\/www.elsindical.com.ar\/notas\/wp-json\/wp\/v2\/posts\/132123","targetHints":{"allow":["GET"]}}],"collection":[{"href":"https:\/\/www.elsindical.com.ar\/notas\/wp-json\/wp\/v2\/posts"}],"about":[{"href":"https:\/\/www.elsindical.com.ar\/notas\/wp-json\/wp\/v2\/types\/post"}],"author":[{"embeddable":true,"href":"https:\/\/www.elsindical.com.ar\/notas\/wp-json\/wp\/v2\/users\/1"}],"replies":[{"embeddable":true,"href":"https:\/\/www.elsindical.com.ar\/notas\/wp-json\/wp\/v2\/comments?post=132123"}],"version-history":[{"count":1,"href":"https:\/\/www.elsindical.com.ar\/notas\/wp-json\/wp\/v2\/posts\/132123\/revisions"}],"predecessor-version":[{"id":132125,"href":"https:\/\/www.elsindical.com.ar\/notas\/wp-json\/wp\/v2\/posts\/132123\/revisions\/132125"}],"wp:featuredmedia":[{"embeddable":true,"href":"https:\/\/www.elsindical.com.ar\/notas\/wp-json\/wp\/v2\/media\/132124"}],"wp:attachment":[{"href":"https:\/\/www.elsindical.com.ar\/notas\/wp-json\/wp\/v2\/media?parent=132123"}],"wp:term":[{"taxonomy":"category","embeddable":true,"href":"https:\/\/www.elsindical.com.ar\/notas\/wp-json\/wp\/v2\/categories?post=132123"},{"taxonomy":"post_tag","embeddable":true,"href":"https:\/\/www.elsindical.com.ar\/notas\/wp-json\/wp\/v2\/tags?post=132123"}],"curies":[{"name":"wp","href":"https:\/\/api.w.org\/{rel}","templated":true}]}}