{"id":132107,"date":"2024-08-05T03:33:29","date_gmt":"2024-08-05T06:33:29","guid":{"rendered":"https:\/\/www.elsindical.com.ar\/notas\/?p=132107"},"modified":"2024-08-05T03:33:34","modified_gmt":"2024-08-05T06:33:34","slug":"la-pobreza-llego-al-549-y-la-indigencia-al-203-de-la-poblacion-en-el-primer-trimestre","status":"publish","type":"post","link":"https:\/\/www.elsindical.com.ar\/notas\/la-pobreza-llego-al-549-y-la-indigencia-al-203-de-la-poblacion-en-el-primer-trimestre\/","title":{"rendered":"La pobreza lleg\u00f3 al 54,9% y la indigencia al 20,3% de la poblaci\u00f3n en el primer trimestre"},"content":{"rendered":"<div class=\"wp-block-image\">\n<figure class=\"aligncenter size-full\"><a href=\"https:\/\/www.elsindical.com.ar\/notas\/var\/www\/html\/notas\/wp-content\/uploads\/2024\/08\/pobreza-en-Argentina-primer-trimestre-2024.jpg\"><img loading=\"lazy\" decoding=\"async\" width=\"500\" height=\"633\" src=\"https:\/\/www.elsindical.com.ar\/notas\/var\/www\/html\/notas\/wp-content\/uploads\/2024\/08\/pobreza-en-Argentina-primer-trimestre-2024.jpg\" alt=\"\" class=\"wp-image-132108\" srcset=\"https:\/\/www.elsindical.com.ar\/notas\/var\/www\/html\/notas\/wp-content\/uploads\/2024\/08\/pobreza-en-Argentina-primer-trimestre-2024.jpg 500w, https:\/\/www.elsindical.com.ar\/notas\/var\/www\/html\/notas\/wp-content\/uploads\/2024\/08\/pobreza-en-Argentina-primer-trimestre-2024-237x300.jpg 237w\" sizes=\"auto, (max-width: 500px) 100vw, 500px\" \/><\/a><\/figure>\n<\/div>\n\n\n<p>La pobreza lleg\u00f3 al 54,9% y la indigencia al 20,3% de la poblaci\u00f3n en el primer trimestre, seg\u00fan estimaciones del Observatorio de la Deuda Social Argentina de la Universidad Cat\u00f3lica Argentina (ODSA-UCA).<br><br>Los datos se desprenden en base a los microdatos de la Encuesta Permanente de Hogares (EPH) publicados por el INDEC.<br><br>De esta manera, el informe de la UCA ubic\u00f3 a la regi\u00f3n de Gran Resistencia, Chaco, como la m\u00e1s pobre del pa\u00eds con una tasa del 79,5%. La indigencia alcanz\u00f3 al 38,6% de la poblaci\u00f3n.<br><br>Adem\u00e1s, le sigue Formosa con un 72% de pobres y Santiago del Estero- La Banda con casi 30% de indigentes. Pero la mayor\u00eda de las regiones tienen niveles de pobreza por encima del 50% y del 15%, en el caso de la indigencia.<\/p>\n","protected":false},"excerpt":{"rendered":"<p>La pobreza lleg\u00f3 al 54,9% y la indigencia al 20,3% de la poblaci\u00f3n en el primer trimestre, seg\u00fan estimaciones del Observatorio de la Deuda Social Argentina de la Universidad Cat\u00f3lica Argentina (ODSA-UCA). Los datos se desprenden en base a los microdatos de la Encuesta Permanente de Hogares (EPH) publicados por el INDEC. De esta manera,&hellip;<\/p>\n","protected":false},"author":1,"featured_media":132108,"comment_status":"open","ping_status":"open","sticky":false,"template":"","format":"standard","meta":{"footnotes":""},"categories":[9,25],"tags":[2450,17804,2200,31964,43057,43434,12356,9892],"class_list":["post-132107","post","type-post","status-publish","format-standard","has-post-thumbnail","hentry","category-economia","category-sociedad","tag-diario-el-sindical","tag-eph","tag-indec","tag-observatorio-de-deuda-social-de-l-uca","tag-odsa-uca","tag-poblacion-argentina","tag-pobreza","tag-uca"],"_links":{"self":[{"href":"https:\/\/www.elsindical.com.ar\/notas\/wp-json\/wp\/v2\/posts\/132107","targetHints":{"allow":["GET"]}}],"collection":[{"href":"https:\/\/www.elsindical.com.ar\/notas\/wp-json\/wp\/v2\/posts"}],"about":[{"href":"https:\/\/www.elsindical.com.ar\/notas\/wp-json\/wp\/v2\/types\/post"}],"author":[{"embeddable":true,"href":"https:\/\/www.elsindical.com.ar\/notas\/wp-json\/wp\/v2\/users\/1"}],"replies":[{"embeddable":true,"href":"https:\/\/www.elsindical.com.ar\/notas\/wp-json\/wp\/v2\/comments?post=132107"}],"version-history":[{"count":1,"href":"https:\/\/www.elsindical.com.ar\/notas\/wp-json\/wp\/v2\/posts\/132107\/revisions"}],"predecessor-version":[{"id":132109,"href":"https:\/\/www.elsindical.com.ar\/notas\/wp-json\/wp\/v2\/posts\/132107\/revisions\/132109"}],"wp:featuredmedia":[{"embeddable":true,"href":"https:\/\/www.elsindical.com.ar\/notas\/wp-json\/wp\/v2\/media\/132108"}],"wp:attachment":[{"href":"https:\/\/www.elsindical.com.ar\/notas\/wp-json\/wp\/v2\/media?parent=132107"}],"wp:term":[{"taxonomy":"category","embeddable":true,"href":"https:\/\/www.elsindical.com.ar\/notas\/wp-json\/wp\/v2\/categories?post=132107"},{"taxonomy":"post_tag","embeddable":true,"href":"https:\/\/www.elsindical.com.ar\/notas\/wp-json\/wp\/v2\/tags?post=132107"}],"curies":[{"name":"wp","href":"https:\/\/api.w.org\/{rel}","templated":true}]}}