{"id":132078,"date":"2024-08-03T12:07:33","date_gmt":"2024-08-03T15:07:33","guid":{"rendered":"https:\/\/www.elsindical.com.ar\/notas\/?p=132078"},"modified":"2024-08-03T12:09:07","modified_gmt":"2024-08-03T15:09:07","slug":"san-vicente-patrullero-le-paso-por-arriba-a-una-perrita-y-el-municipio-anuncio-que-denunciara-en-la-justicia-a-los-policias-por-crueldad-animal","status":"publish","type":"post","link":"https:\/\/www.elsindical.com.ar\/notas\/san-vicente-patrullero-le-paso-por-arriba-a-una-perrita-y-el-municipio-anuncio-que-denunciara-en-la-justicia-a-los-policias-por-crueldad-animal\/","title":{"rendered":"San Vicente: Patrullero atropello a una perrita y el municipio anunci\u00f3 que denunciar\u00e1 en la justicia a los polic\u00edas"},"content":{"rendered":"\n<figure class=\"wp-block-image size-large\"><a href=\"https:\/\/www.elsindical.com.ar\/notas\/var\/www\/html\/notas\/wp-content\/uploads\/2024\/08\/patrullero-atropella-perra-en-San-Vicente.jpg\"><img loading=\"lazy\" decoding=\"async\" width=\"1024\" height=\"576\" src=\"https:\/\/www.elsindical.com.ar\/notas\/var\/www\/html\/notas\/wp-content\/uploads\/2024\/08\/patrullero-atropella-perra-en-San-Vicente-1024x576.jpg\" alt=\"\" class=\"wp-image-132079\" srcset=\"https:\/\/www.elsindical.com.ar\/notas\/var\/www\/html\/notas\/wp-content\/uploads\/2024\/08\/patrullero-atropella-perra-en-San-Vicente-1024x576.jpg 1024w, https:\/\/www.elsindical.com.ar\/notas\/var\/www\/html\/notas\/wp-content\/uploads\/2024\/08\/patrullero-atropella-perra-en-San-Vicente-300x169.jpg 300w, https:\/\/www.elsindical.com.ar\/notas\/var\/www\/html\/notas\/wp-content\/uploads\/2024\/08\/patrullero-atropella-perra-en-San-Vicente-768x432.jpg 768w, https:\/\/www.elsindical.com.ar\/notas\/var\/www\/html\/notas\/wp-content\/uploads\/2024\/08\/patrullero-atropella-perra-en-San-Vicente-500x281.jpg 500w, https:\/\/www.elsindical.com.ar\/notas\/var\/www\/html\/notas\/wp-content\/uploads\/2024\/08\/patrullero-atropella-perra-en-San-Vicente-460x260.jpg 460w, https:\/\/www.elsindical.com.ar\/notas\/var\/www\/html\/notas\/wp-content\/uploads\/2024\/08\/patrullero-atropella-perra-en-San-Vicente.jpg 1200w\" sizes=\"auto, (max-width: 1024px) 100vw, 1024px\" \/><\/a><\/figure>\n\n\n\n<p>Un patrullero le pas\u00f3 por arriba a una perra que descansaba en la calle. El Municipio de San Vicente acudi\u00f3 a la Justicia. <\/p>\n\n\n\n<p><strong>Un caso de crueldad animal se viraliz\u00f3 en las \u00faltimas horas. Ocurri\u00f3 en San Vicente.<\/strong> Un patrullero le pas\u00f3 por arriba a una perra, Matilda, que descansaba en la calle. El caso va a la Justicia.<\/p>\n\n\n\n<p>El dram\u00e1tico hecho ocurri\u00f3 en Costa, entre las calles Catamarca y La Rioja, de Alejandro Korn.<\/p>\n\n\n\n<p>El video se viraliz\u00f3 y no quedan dudas. <strong>Un patrullero le pasa por arriba al animal<\/strong>, que no llega a correrse. Seg\u00fan indicaron vecinos, se trataba de una perrita ciega, que se recuperaba de un tratamiento. Su nombre era Matilda.<\/p>\n\n\n\n<p><strong>El Municipio de San Vicente fue tajante: el caso ir\u00e1 a la Justicia<\/strong>. \u201cAnte las im\u00e1genes sensibles que est\u00e1n circulando, en las cuales se observa un caso de violencia animal, queremos expresar nuestro m\u00e1s en\u00e9rgico repudio a este acto\u201d, se\u00f1ala el comunicado.<\/p>\n\n\n\n<p>\u201cHemos elevado el caso a la justicia para que se tomen las medidas pertinentes y se realice una investigaci\u00f3n exhaustiva. En San Vicente promovemos y defendemos la protecci\u00f3n y el bienestar de todos nuestros animales\u201d, agrega.<\/p>\n\n\n\n<figure class=\"wp-block-video\"><video height=\"360\" style=\"aspect-ratio: 636 \/ 360;\" width=\"636\" controls src=\"https:\/\/www.elsindical.com.ar\/notas\/var\/www\/html\/notas\/wp-content\/uploads\/2024\/08\/perrita-atropellada-por-patrullero.mp4\"><\/video><\/figure>\n","protected":false},"excerpt":{"rendered":"<p>Un patrullero le pas\u00f3 por arriba a una perra que descansaba en la calle. El Municipio de San Vicente acudi\u00f3 a la Justicia. Un caso de crueldad animal se viraliz\u00f3 en las \u00faltimas horas. Ocurri\u00f3 en San Vicente. Un patrullero le pas\u00f3 por arriba a una perra, Matilda, que descansaba en la calle. El caso&hellip;<\/p>\n","protected":false},"author":1,"featured_media":132079,"comment_status":"open","ping_status":"open","sticky":false,"template":"","format":"standard","meta":{"footnotes":""},"categories":[6,22],"tags":[175,7268,2450,467,43424,4223,3736],"class_list":["post-132078","post","type-post","status-publish","format-standard","has-post-thumbnail","hentry","category-denuncias","category-policiales","tag-denuncia","tag-denuncia-penal","tag-diario-el-sindical","tag-maltrato-animal","tag-matilda","tag-perra","tag-san-vicente"],"_links":{"self":[{"href":"https:\/\/www.elsindical.com.ar\/notas\/wp-json\/wp\/v2\/posts\/132078","targetHints":{"allow":["GET"]}}],"collection":[{"href":"https:\/\/www.elsindical.com.ar\/notas\/wp-json\/wp\/v2\/posts"}],"about":[{"href":"https:\/\/www.elsindical.com.ar\/notas\/wp-json\/wp\/v2\/types\/post"}],"author":[{"embeddable":true,"href":"https:\/\/www.elsindical.com.ar\/notas\/wp-json\/wp\/v2\/users\/1"}],"replies":[{"embeddable":true,"href":"https:\/\/www.elsindical.com.ar\/notas\/wp-json\/wp\/v2\/comments?post=132078"}],"version-history":[{"count":2,"href":"https:\/\/www.elsindical.com.ar\/notas\/wp-json\/wp\/v2\/posts\/132078\/revisions"}],"predecessor-version":[{"id":132082,"href":"https:\/\/www.elsindical.com.ar\/notas\/wp-json\/wp\/v2\/posts\/132078\/revisions\/132082"}],"wp:featuredmedia":[{"embeddable":true,"href":"https:\/\/www.elsindical.com.ar\/notas\/wp-json\/wp\/v2\/media\/132079"}],"wp:attachment":[{"href":"https:\/\/www.elsindical.com.ar\/notas\/wp-json\/wp\/v2\/media?parent=132078"}],"wp:term":[{"taxonomy":"category","embeddable":true,"href":"https:\/\/www.elsindical.com.ar\/notas\/wp-json\/wp\/v2\/categories?post=132078"},{"taxonomy":"post_tag","embeddable":true,"href":"https:\/\/www.elsindical.com.ar\/notas\/wp-json\/wp\/v2\/tags?post=132078"}],"curies":[{"name":"wp","href":"https:\/\/api.w.org\/{rel}","templated":true}]}}