{"id":132065,"date":"2024-08-02T12:44:01","date_gmt":"2024-08-02T15:44:01","guid":{"rendered":"https:\/\/www.elsindical.com.ar\/notas\/?p=132065"},"modified":"2024-08-02T12:44:08","modified_gmt":"2024-08-02T15:44:08","slug":"un-informe-indica-que-se-registraron-140-femicidios-en-lo-que-va-del-ano","status":"publish","type":"post","link":"https:\/\/www.elsindical.com.ar\/notas\/un-informe-indica-que-se-registraron-140-femicidios-en-lo-que-va-del-ano\/","title":{"rendered":"Un informe indica que se registraron 140 femicidios en lo que va del a\u00f1o"},"content":{"rendered":"<div class=\"wp-block-image\">\n<figure class=\"aligncenter size-full is-resized\"><a href=\"https:\/\/www.elsindical.com.ar\/notas\/var\/www\/html\/notas\/wp-content\/uploads\/2017\/11\/representaci\u00f3n-femicidios.jpg\"><img loading=\"lazy\" decoding=\"async\" width=\"640\" height=\"300\" src=\"https:\/\/www.elsindical.com.ar\/notas\/var\/www\/html\/notas\/wp-content\/uploads\/2017\/11\/representaci\u00f3n-femicidios.jpg\" alt=\"\" class=\"wp-image-74199\" style=\"width:818px;height:auto\" srcset=\"https:\/\/www.elsindical.com.ar\/notas\/var\/www\/html\/notas\/wp-content\/uploads\/2017\/11\/representaci\u00f3n-femicidios.jpg 640w, https:\/\/www.elsindical.com.ar\/notas\/var\/www\/html\/notas\/wp-content\/uploads\/2017\/11\/representaci\u00f3n-femicidios-300x141.jpg 300w, https:\/\/www.elsindical.com.ar\/notas\/var\/www\/html\/notas\/wp-content\/uploads\/2017\/11\/representaci\u00f3n-femicidios-500x234.jpg 500w\" sizes=\"auto, (max-width: 640px) 100vw, 640px\" \/><\/a><\/figure>\n<\/div>\n\n\n<p>Entre el 1 de enero y el 31 de julio se registraron 140 femicidios. Se trata de un caso cada 33 horas.<\/p>\n\n\n\n<p>\u201cAhora Qu\u00e9 S\u00ed Nos Ven\u201d dio a conocer el informe sobre femicidios e indica que en lo que va del a\u00f1o, de enero a julio, <strong>se contabilizaron 140 hechos<\/strong>. Se trata de uno cada 33 horas.<\/p>\n\n\n\n<p>Entre el 1 de enero y el 31 de julio se registraron 140 femicidios, 155 intentos de femicidios y 14 intentos de femicidios vinculados. Se trata de <strong>un caso cada 33 horas<\/strong>.<\/p>\n\n\n\n<p>El 61% de los femicidios fue cometido por las parejas y ex parejas de las v\u00edctimas, se\u00f1ala el informe, y agrega que <strong>el 35% de los femicidios ocurrieron en la vivienda de la v\u00edctima<\/strong>. Una vez m\u00e1s, se entiende que el lugar m\u00e1s peligroso es el hogar.<\/p>\n\n\n\n<p>Respecto a la intervenci\u00f3n de la Justicia, se\u00f1ala que \u201cel 20% hab\u00eda realizado una denuncia y el 11% ten\u00eda medidas\u201d, como restricci\u00f3n perimetral.<\/p>\n\n\n\n<p>De acuerdo al relevamiento, <strong>la provincia de Buenos Aires encabeza el ranking al ser el territorio con m\u00e1s casos: 54.<\/strong> Detr\u00e1s aparece Santa Fe, con 13 hechos, y la sigue C\u00f3rdoba, con 9.<\/p>\n\n\n\n<p>Estos datos se dan a conocer en momentos en que las pol\u00edticas de g\u00e9nero desaparecen, pese al hist\u00f3rico reclamo de mayor inversi\u00f3n en el \u00e1rea. De hecho, el gobierno de Javier Milei elimin\u00f3 en junio (m\u00e1s all\u00e1 de haber degradado el Ministerio en Subsecretar\u00eda ni bien asumi\u00f3) la subsecretar\u00eda.<\/p>\n","protected":false},"excerpt":{"rendered":"<p>Entre el 1 de enero y el 31 de julio se registraron 140 femicidios. Se trata de un caso cada 33 horas. \u201cAhora Qu\u00e9 S\u00ed Nos Ven\u201d dio a conocer el informe sobre femicidios e indica que en lo que va del a\u00f1o, de enero a julio, se contabilizaron 140 hechos. Se trata de uno&hellip;<\/p>\n","protected":false},"author":1,"featured_media":74199,"comment_status":"open","ping_status":"open","sticky":false,"template":"","format":"standard","meta":{"footnotes":""},"categories":[25],"tags":[2450,25338,3413,59],"class_list":["post-132065","post","type-post","status-publish","format-standard","has-post-thumbnail","hentry","category-sociedad","tag-diario-el-sindical","tag-femicidios","tag-informe","tag-mujeres"],"_links":{"self":[{"href":"https:\/\/www.elsindical.com.ar\/notas\/wp-json\/wp\/v2\/posts\/132065","targetHints":{"allow":["GET"]}}],"collection":[{"href":"https:\/\/www.elsindical.com.ar\/notas\/wp-json\/wp\/v2\/posts"}],"about":[{"href":"https:\/\/www.elsindical.com.ar\/notas\/wp-json\/wp\/v2\/types\/post"}],"author":[{"embeddable":true,"href":"https:\/\/www.elsindical.com.ar\/notas\/wp-json\/wp\/v2\/users\/1"}],"replies":[{"embeddable":true,"href":"https:\/\/www.elsindical.com.ar\/notas\/wp-json\/wp\/v2\/comments?post=132065"}],"version-history":[{"count":1,"href":"https:\/\/www.elsindical.com.ar\/notas\/wp-json\/wp\/v2\/posts\/132065\/revisions"}],"predecessor-version":[{"id":132066,"href":"https:\/\/www.elsindical.com.ar\/notas\/wp-json\/wp\/v2\/posts\/132065\/revisions\/132066"}],"wp:featuredmedia":[{"embeddable":true,"href":"https:\/\/www.elsindical.com.ar\/notas\/wp-json\/wp\/v2\/media\/74199"}],"wp:attachment":[{"href":"https:\/\/www.elsindical.com.ar\/notas\/wp-json\/wp\/v2\/media?parent=132065"}],"wp:term":[{"taxonomy":"category","embeddable":true,"href":"https:\/\/www.elsindical.com.ar\/notas\/wp-json\/wp\/v2\/categories?post=132065"},{"taxonomy":"post_tag","embeddable":true,"href":"https:\/\/www.elsindical.com.ar\/notas\/wp-json\/wp\/v2\/tags?post=132065"}],"curies":[{"name":"wp","href":"https:\/\/api.w.org\/{rel}","templated":true}]}}