{"id":132047,"date":"2024-08-01T12:51:56","date_gmt":"2024-08-01T15:51:56","guid":{"rendered":"https:\/\/www.elsindical.com.ar\/notas\/?p=132047"},"modified":"2024-08-01T12:52:02","modified_gmt":"2024-08-01T15:52:02","slug":"desde-hoy-aumentan-nuevamente-los-combustibles","status":"publish","type":"post","link":"https:\/\/www.elsindical.com.ar\/notas\/desde-hoy-aumentan-nuevamente-los-combustibles\/","title":{"rendered":"Desde hoy aumentan nuevamente los combustibles"},"content":{"rendered":"\n<figure class=\"wp-block-image size-large\"><a href=\"https:\/\/www.elsindical.com.ar\/notas\/var\/www\/html\/notas\/wp-content\/uploads\/2020\/12\/YPF-combustibles.jpg\"><img loading=\"lazy\" decoding=\"async\" width=\"1024\" height=\"576\" src=\"https:\/\/www.elsindical.com.ar\/notas\/var\/www\/html\/notas\/wp-content\/uploads\/2020\/12\/YPF-combustibles-1024x576.jpg\" alt=\"\" class=\"wp-image-101015\" srcset=\"https:\/\/www.elsindical.com.ar\/notas\/var\/www\/html\/notas\/wp-content\/uploads\/2020\/12\/YPF-combustibles-1024x576.jpg 1024w, https:\/\/www.elsindical.com.ar\/notas\/var\/www\/html\/notas\/wp-content\/uploads\/2020\/12\/YPF-combustibles-300x169.jpg 300w, https:\/\/www.elsindical.com.ar\/notas\/var\/www\/html\/notas\/wp-content\/uploads\/2020\/12\/YPF-combustibles-768x432.jpg 768w, https:\/\/www.elsindical.com.ar\/notas\/var\/www\/html\/notas\/wp-content\/uploads\/2020\/12\/YPF-combustibles-500x281.jpg 500w, https:\/\/www.elsindical.com.ar\/notas\/var\/www\/html\/notas\/wp-content\/uploads\/2020\/12\/YPF-combustibles-1536x864.jpg 1536w, https:\/\/www.elsindical.com.ar\/notas\/var\/www\/html\/notas\/wp-content\/uploads\/2020\/12\/YPF-combustibles-460x260.jpg 460w, https:\/\/www.elsindical.com.ar\/notas\/var\/www\/html\/notas\/wp-content\/uploads\/2020\/12\/YPF-combustibles.jpg 1600w\" sizes=\"auto, (max-width: 1024px) 100vw, 1024px\" \/><\/a><\/figure>\n\n\n\n<p>Los nuevos valores que se aplican desde este jueves 1 de agosto exhiben una suba del 3%.<\/p>\n\n\n\n<p>El Gobierno actualiz\u00f3 el impuesto sobre los combustibles, contribuyendo a la suba en los precios de la nafta y el gasoil, que<strong>\u00a0aumentan un 3% en promedio desde este jueves 1 de agosto.<\/strong><\/p>\n\n\n\n<p>Tras la postergaci\u00f3n del ajuste en julio, el Ejecutivo dispuso aplicar&nbsp;<strong>un incremento moderado del 1%&nbsp;<\/strong>en los Impuestos sobre los Combustibles L\u00edquidos (ICL) y al Di\u00f3xido de Carbono, desde el primer d\u00eda del octavo mes del a\u00f1o.<\/p>\n\n\n\n<p>En l\u00ednea con la decisi\u00f3n de postergar la suba en los meses precedentes para evitar un mayor impacto en la inflaci\u00f3n, la decisi\u00f3n de la administraci\u00f3n de Javier Milei fue \u201c<strong>diferir parcialmente<\/strong>&nbsp;los efectos de los incrementos que resultar\u00edan aplicables a partir del 1\u00b0 de agosto de 2024 para la nafta sin plomo, la nafta virgen y el gasoil\u201d.<\/p>\n\n\n\n<p>La actualizaci\u00f3n en los tributos se suma a la devaluaci\u00f3n mensual del peso frente al d\u00f3lar oficial, del 2%, lo que explica el incremento total del 3% que aplican las petroleras a partir de este jueves.<\/p>\n\n\n\n<p>De esta manera, el aumento est\u00e1 por debajo de la variaci\u00f3n de precios estimada en julio. Sin embargo,&nbsp;<strong>en lo que va del a\u00f1o, los combustibles subieron m\u00e1s del 126% promedio<\/strong>, lo que est\u00e1 por encima de la inflaci\u00f3n.<\/p>\n\n\n\n<p>Con el nuevo aumento, los precios en los surtidores de YPF, la petrolera l\u00edder del mercado, pasaron de $941 a la zona de los $970 por litro en la Ciudad Aut\u00f3noma de Buenos Aires (CABA). Mientras que el gasoil trep\u00f3 de $979 a unos $1.008 por litro. Se estima que el resto de las firmas actualicen sus valores en el mismo rango.<\/p>\n\n\n\n<h4 class=\"wp-block-heading\">Los nuevos valores de la nafta y el gasoil en las estaciones de servicio de YPF &nbsp;<\/h4>\n\n\n\n<ul class=\"wp-block-list\">\n<li>Nafta s\u00faper: $969<\/li>\n\n\n\n<li>Nafta premium: $1197<\/li>\n\n\n\n<li>Gasoil: $1008<\/li>\n\n\n\n<li>Gasoil premium: $1281<\/li>\n<\/ul>\n","protected":false},"excerpt":{"rendered":"<p>Los nuevos valores que se aplican desde este jueves 1 de agosto exhiben una suba del 3%. El Gobierno actualiz\u00f3 el impuesto sobre los combustibles, contribuyendo a la suba en los precios de la nafta y el gasoil, que\u00a0aumentan un 3% en promedio desde este jueves 1 de agosto. Tras la postergaci\u00f3n del ajuste en&hellip;<\/p>\n","protected":false},"author":1,"featured_media":101015,"comment_status":"open","ping_status":"open","sticky":false,"template":"","format":"standard","meta":{"footnotes":""},"categories":[9],"tags":[39318,2450,22023,31195],"class_list":["post-132047","post","type-post","status-publish","format-standard","has-post-thumbnail","hentry","category-economia","tag-aumento-de-combustibles","tag-diario-el-sindical","tag-economia","tag-icl"],"_links":{"self":[{"href":"https:\/\/www.elsindical.com.ar\/notas\/wp-json\/wp\/v2\/posts\/132047","targetHints":{"allow":["GET"]}}],"collection":[{"href":"https:\/\/www.elsindical.com.ar\/notas\/wp-json\/wp\/v2\/posts"}],"about":[{"href":"https:\/\/www.elsindical.com.ar\/notas\/wp-json\/wp\/v2\/types\/post"}],"author":[{"embeddable":true,"href":"https:\/\/www.elsindical.com.ar\/notas\/wp-json\/wp\/v2\/users\/1"}],"replies":[{"embeddable":true,"href":"https:\/\/www.elsindical.com.ar\/notas\/wp-json\/wp\/v2\/comments?post=132047"}],"version-history":[{"count":1,"href":"https:\/\/www.elsindical.com.ar\/notas\/wp-json\/wp\/v2\/posts\/132047\/revisions"}],"predecessor-version":[{"id":132048,"href":"https:\/\/www.elsindical.com.ar\/notas\/wp-json\/wp\/v2\/posts\/132047\/revisions\/132048"}],"wp:featuredmedia":[{"embeddable":true,"href":"https:\/\/www.elsindical.com.ar\/notas\/wp-json\/wp\/v2\/media\/101015"}],"wp:attachment":[{"href":"https:\/\/www.elsindical.com.ar\/notas\/wp-json\/wp\/v2\/media?parent=132047"}],"wp:term":[{"taxonomy":"category","embeddable":true,"href":"https:\/\/www.elsindical.com.ar\/notas\/wp-json\/wp\/v2\/categories?post=132047"},{"taxonomy":"post_tag","embeddable":true,"href":"https:\/\/www.elsindical.com.ar\/notas\/wp-json\/wp\/v2\/tags?post=132047"}],"curies":[{"name":"wp","href":"https:\/\/api.w.org\/{rel}","templated":true}]}}